{"id":4586,"date":"2018-05-07T09:28:35","date_gmt":"2018-05-07T07:28:35","guid":{"rendered":"http:\/\/sp1.kielce.eu\/?p=4586"},"modified":"2018-05-08T09:04:38","modified_gmt":"2018-05-08T07:04:38","slug":"wycieczka-klasy-5a","status":"publish","type":"post","link":"https:\/\/sp1.kielce.eu\/index.php\/2018\/05\/07\/wycieczka-klasy-5a\/","title":{"rendered":"Wycieczka klasy 5a i 5c do Warszawy"},"content":{"rendered":"<p style=\"text-align: justify\">W dniu 27 kwietnia 2018 roku uczniowie klas: 5a i 5c uczestniczyli w edukacyjno &#8211; integracyjnej wycieczce do Warszawy. Najwa\u017cniejszym punktem programu by\u0142y zaj\u0119cia w Centrum Nauki Kopernik, maj\u0105ce na celu inspirowanie do obserwacji, do\u015bwiadczania, pytania i poszukiwania odpowiedzi. W Strefie Eksperymentowania &#8211; przestrzeni po\u015bwi\u0119conej cz\u0142owiekowi i przyrodzie &#8211; samodzielnie eksperymentowali przy ponad 200 eksponatach tworz\u0105cych 19 grup tematycznych. W Cz\u0119\u015bci Wschodniej<br \/>\nsprawdzali, jak zmys\u0142y i umiej\u0119tno\u015bci pozwalaj\u0105 odbiera\u0107, interpretowa\u0107 i opisywa\u0107 \u015bwiat, a w Cz\u0119\u015bci Zachodniej skupili si\u0119 na zjawiskach fizycznych i dowiedzieli, za co Einstein dosta\u0142 nagrod\u0119 Nobla&#8230;<br \/>\nNiecodzienn\u0105 atrakcj\u0119 stanowi\u0142 trwaj\u0105cy 50 minut seans w planetarium pt.,,Kosmiczna wyprawa&#8221;, b\u0119d\u0105cy symulacj\u0105 lotu z pozycji astronauty. I tu dzieci m.in. dowiedzia\u0142y si\u0119, jak na nocnym niebie odr\u00f3\u017cni\u0107 planet\u0119 od gwiazdy, zobaczy\u0142y, jak wygl\u0105da z bliska Jowisz czy Mars.<br \/>\nNast\u0119pnym etapem wycieczki by\u0142o zwiedzanie starej, historycznej cz\u0119\u015bci naszej stolicy, a tak\u017ce wizyta przy Grobie Nieznanego \u017bo\u0142nierza i Pomniku Ofiar Katastrofy Smole\u0144skiej.<br \/>\nDopisa\u0142a pogoda i humory uczestnik\u00f3w by\u0142y znakomite.Wycieczka do Warszawy to udane wydarzenie z \u017cycia klas pi\u0105tych.<\/p>\n<p style=\"text-align: right\">Renata Petrus<\/p>\n<p style=\"text-align: right\">Barbara Wojtyniak<\/p>\n<p style=\"text-align: right\">El\u017cbieta W\u00f3jcik<\/p>\n<div id='gallery-1' class='gallery galleryid-4586 gallery-columns-2 gallery-size-thumbnail'><figure class='gallery-item'>\n\t\t\t<div class='gallery-icon landscape'>\n\t\t\t\t<a href='https:\/\/sp1.kielce.eu\/wp-content\/uploads\/2018\/05\/IMG_20180419_152946-Medium.jpg'><img loading=\"lazy\" decoding=\"async\" width=\"150\" height=\"150\" src=\"https:\/\/sp1.kielce.eu\/wp-content\/uploads\/2018\/05\/IMG_20180419_152946-Medium-150x150.jpg\" class=\"attachment-thumbnail size-thumbnail\" alt=\"\" aria-describedby=\"gallery-1-4587\" \/><\/a>\n\t\t\t<\/div>\n\t\t\t\t<figcaption class='wp-caption-text gallery-caption' id='gallery-1-4587'>\n\t\t\t\t1\n\t\t\t\t<\/figcaption><\/figure><figure class='gallery-item'>\n\t\t\t<div class='gallery-icon landscape'>\n\t\t\t\t<a href='https:\/\/sp1.kielce.eu\/wp-content\/uploads\/2018\/05\/IMG_20180419_153031-Medium.jpg'><img loading=\"lazy\" decoding=\"async\" width=\"150\" height=\"150\" src=\"https:\/\/sp1.kielce.eu\/wp-content\/uploads\/2018\/05\/IMG_20180419_153031-Medium-150x150.jpg\" class=\"attachment-thumbnail size-thumbnail\" alt=\"\" aria-describedby=\"gallery-1-4588\" \/><\/a>\n\t\t\t<\/div>\n\t\t\t\t<figcaption class='wp-caption-text gallery-caption' id='gallery-1-4588'>\n\t\t\t\t2\n\t\t\t\t<\/figcaption><\/figure><figure class='gallery-item'>\n\t\t\t<div class='gallery-icon landscape'>\n\t\t\t\t<a href='https:\/\/sp1.kielce.eu\/wp-content\/uploads\/2018\/05\/IMG_20180419_153034-Medium.jpg'><img loading=\"lazy\" decoding=\"async\" width=\"150\" height=\"150\" src=\"https:\/\/sp1.kielce.eu\/wp-content\/uploads\/2018\/05\/IMG_20180419_153034-Medium-150x150.jpg\" class=\"attachment-thumbnail size-thumbnail\" alt=\"\" aria-describedby=\"gallery-1-4589\" \/><\/a>\n\t\t\t<\/div>\n\t\t\t\t<figcaption class='wp-caption-text gallery-caption' id='gallery-1-4589'>\n\t\t\t\t3\n\t\t\t\t<\/figcaption><\/figure><figure class='gallery-item'>\n\t\t\t<div class='gallery-icon landscape'>\n\t\t\t\t<a href='https:\/\/sp1.kielce.eu\/wp-content\/uploads\/2018\/05\/IMG_20180419_153117-Medium.jpg'><img loading=\"lazy\" decoding=\"async\" width=\"150\" height=\"150\" src=\"https:\/\/sp1.kielce.eu\/wp-content\/uploads\/2018\/05\/IMG_20180419_153117-Medium-150x150.jpg\" class=\"attachment-thumbnail size-thumbnail\" alt=\"\" aria-describedby=\"gallery-1-4590\" \/><\/a>\n\t\t\t<\/div>\n\t\t\t\t<figcaption class='wp-caption-text gallery-caption' id='gallery-1-4590'>\n\t\t\t\t4\n\t\t\t\t<\/figcaption><\/figure>\n\t\t<\/div>\n\n","protected":false},"excerpt":{"rendered":"<p>W dniu 27 kwietnia 2018 roku uczniowie klas: 5a i 5c uczestniczyli w edukacyjno &#8211; [&hellip;]<\/p>\n","protected":false},"author":5,"featured_media":4590,"comment_status":"closed","ping_status":"open","sticky":false,"template":"","format":"standard","meta":{"footnotes":""},"categories":[3],"tags":[],"class_list":["post-4586","post","type-post","status-publish","format-standard","has-post-thumbnail","hentry","category-wycieczki"],"_links":{"self":[{"href":"https:\/\/sp1.kielce.eu\/index.php\/wp-json\/wp\/v2\/posts\/4586","targetHints":{"allow":["GET"]}}],"collection":[{"href":"https:\/\/sp1.kielce.eu\/index.php\/wp-json\/wp\/v2\/posts"}],"about":[{"href":"https:\/\/sp1.kielce.eu\/index.php\/wp-json\/wp\/v2\/types\/post"}],"author":[{"embeddable":true,"href":"https:\/\/sp1.kielce.eu\/index.php\/wp-json\/wp\/v2\/users\/5"}],"replies":[{"embeddable":true,"href":"https:\/\/sp1.kielce.eu\/index.php\/wp-json\/wp\/v2\/comments?post=4586"}],"version-history":[{"count":3,"href":"https:\/\/sp1.kielce.eu\/index.php\/wp-json\/wp\/v2\/posts\/4586\/revisions"}],"predecessor-version":[{"id":4610,"href":"https:\/\/sp1.kielce.eu\/index.php\/wp-json\/wp\/v2\/posts\/4586\/revisions\/4610"}],"wp:featuredmedia":[{"embeddable":true,"href":"https:\/\/sp1.kielce.eu\/index.php\/wp-json\/wp\/v2\/media\/4590"}],"wp:attachment":[{"href":"https:\/\/sp1.kielce.eu\/index.php\/wp-json\/wp\/v2\/media?parent=4586"}],"wp:term":[{"taxonomy":"category","embeddable":true,"href":"https:\/\/sp1.kielce.eu\/index.php\/wp-json\/wp\/v2\/categories?post=4586"},{"taxonomy":"post_tag","embeddable":true,"href":"https:\/\/sp1.kielce.eu\/index.php\/wp-json\/wp\/v2\/tags?post=4586"}],"curies":[{"name":"wp","href":"https:\/\/api.w.org\/{rel}","templated":true}]}}