{"id":4578,"date":"2018-05-07T09:20:06","date_gmt":"2018-05-07T07:20:06","guid":{"rendered":"http:\/\/sp1.kielce.eu\/?p=4578"},"modified":"2018-09-06T19:12:19","modified_gmt":"2018-09-06T17:12:19","slug":"dzien-ziemi-2","status":"publish","type":"post","link":"https:\/\/sp1.kielce.eu\/index.php\/2018\/05\/07\/dzien-ziemi-2\/","title":{"rendered":"DZIE\u0143 ZIEMI 2018 rok &#8222;End Plastic Pollution&#8221;"},"content":{"rendered":"<p style=\"text-align: justify;\">Dnia 23 kwietnia 2018 roku odby\u0142 si\u0119 apel przygotowany przez klasy pi\u0105te i sz\u00f3ste z okazji Dnia Ziemi. Dzie\u0144 ten ma nam u\u015bwiadamia\u0107, jak wa\u017cna jest troska o \u015brodowisko naturalne. Has\u0142o Dnia Ziemi na 2018 rok brzmi: &#8222;End Plastic Pollution&#8221;. Dotyczy ono walki z zanieczyszczeniem planety plastikowymi odpadami. Zapewne ka\u017cdemu z nas by\u0142oby trudno ca\u0142kowicie zrezygnowa\u0107 z plastikowych opakowa\u0144, jednak mo\u017cemy ograniczy\u0107 korzystanie z nich, gdy mamy tak\u0105 mo\u017cliwo\u015b\u0107.<br \/>\nUczniowie naszej szko\u0142y w przedstawieniu pt.&#8221; S\u0105d ekologiczny&#8221; wskazywali na wiele problem\u00f3w, z jakimi mierzy si\u0119 nasza planeta i w jaki spos\u00f3b my wszyscy mo\u017cemy jej pom\u00f3c.<br \/>\nPami\u0119tajmy !<br \/>\n&#8222;Ziemia nie jest w\u0142asno\u015bci\u0105 cz\u0142owieka,<br \/>\nTo cz\u0142owiek nale\u017cy do Ziemi&#8230;&#8230; \u201e<\/p>\n<p style=\"text-align: right;\">Krystyna Banasik<\/p>\n<p style=\"text-align: right;\">Emilia Janyst<\/p>\n<p style=\"text-align: right;\">El\u017cbieta Litwinek<\/p>\n<p style=\"text-align: right;\">El\u017cbieta W\u00f3jcik<\/p>\n<div id='gallery-1' class='gallery galleryid-4578 gallery-columns-3 gallery-size-thumbnail'><figure class='gallery-item'>\n\t\t\t<div class='gallery-icon landscape'>\n\t\t\t\t<a href='https:\/\/sp1.kielce.eu\/wp-content\/uploads\/2018\/05\/IMG_6610-Medium.jpg'><img loading=\"lazy\" decoding=\"async\" width=\"150\" height=\"150\" src=\"https:\/\/sp1.kielce.eu\/wp-content\/uploads\/2018\/05\/IMG_6610-Medium-150x150.jpg\" class=\"attachment-thumbnail size-thumbnail\" alt=\"\" aria-describedby=\"gallery-1-4579\" \/><\/a>\n\t\t\t<\/div>\n\t\t\t\t<figcaption class='wp-caption-text gallery-caption' id='gallery-1-4579'>\n\t\t\t\t1\n\t\t\t\t<\/figcaption><\/figure><figure class='gallery-item'>\n\t\t\t<div class='gallery-icon landscape'>\n\t\t\t\t<a href='https:\/\/sp1.kielce.eu\/wp-content\/uploads\/2018\/05\/IMG_6611-Medium.jpg'><img loading=\"lazy\" decoding=\"async\" width=\"150\" height=\"150\" src=\"https:\/\/sp1.kielce.eu\/wp-content\/uploads\/2018\/05\/IMG_6611-Medium-150x150.jpg\" class=\"attachment-thumbnail size-thumbnail\" alt=\"\" aria-describedby=\"gallery-1-4580\" \/><\/a>\n\t\t\t<\/div>\n\t\t\t\t<figcaption class='wp-caption-text gallery-caption' id='gallery-1-4580'>\n\t\t\t\t2\n\t\t\t\t<\/figcaption><\/figure><figure class='gallery-item'>\n\t\t\t<div class='gallery-icon landscape'>\n\t\t\t\t<a href='https:\/\/sp1.kielce.eu\/wp-content\/uploads\/2018\/05\/IMG_6616-Medium.jpg'><img loading=\"lazy\" decoding=\"async\" width=\"150\" height=\"150\" src=\"https:\/\/sp1.kielce.eu\/wp-content\/uploads\/2018\/05\/IMG_6616-Medium-150x150.jpg\" class=\"attachment-thumbnail size-thumbnail\" alt=\"\" aria-describedby=\"gallery-1-4581\" \/><\/a>\n\t\t\t<\/div>\n\t\t\t\t<figcaption class='wp-caption-text gallery-caption' id='gallery-1-4581'>\n\t\t\t\t3\n\t\t\t\t<\/figcaption><\/figure><figure class='gallery-item'>\n\t\t\t<div class='gallery-icon landscape'>\n\t\t\t\t<a href='https:\/\/sp1.kielce.eu\/wp-content\/uploads\/2018\/05\/IMG_6622-Medium.jpg'><img loading=\"lazy\" decoding=\"async\" width=\"150\" height=\"150\" src=\"https:\/\/sp1.kielce.eu\/wp-content\/uploads\/2018\/05\/IMG_6622-Medium-150x150.jpg\" class=\"attachment-thumbnail size-thumbnail\" alt=\"\" aria-describedby=\"gallery-1-4582\" \/><\/a>\n\t\t\t<\/div>\n\t\t\t\t<figcaption class='wp-caption-text gallery-caption' id='gallery-1-4582'>\n\t\t\t\t4\n\t\t\t\t<\/figcaption><\/figure><figure class='gallery-item'>\n\t\t\t<div class='gallery-icon landscape'>\n\t\t\t\t<a href='https:\/\/sp1.kielce.eu\/wp-content\/uploads\/2018\/05\/IMG_6626-Medium.jpg'><img loading=\"lazy\" decoding=\"async\" width=\"150\" height=\"150\" src=\"https:\/\/sp1.kielce.eu\/wp-content\/uploads\/2018\/05\/IMG_6626-Medium-150x150.jpg\" class=\"attachment-thumbnail size-thumbnail\" alt=\"\" aria-describedby=\"gallery-1-4583\" \/><\/a>\n\t\t\t<\/div>\n\t\t\t\t<figcaption class='wp-caption-text gallery-caption' id='gallery-1-4583'>\n\t\t\t\t5\n\t\t\t\t<\/figcaption><\/figure><figure class='gallery-item'>\n\t\t\t<div class='gallery-icon landscape'>\n\t\t\t\t<a href='https:\/\/sp1.kielce.eu\/wp-content\/uploads\/2018\/05\/IMG_6631-Medium.jpg'><img loading=\"lazy\" decoding=\"async\" width=\"150\" height=\"150\" src=\"https:\/\/sp1.kielce.eu\/wp-content\/uploads\/2018\/05\/IMG_6631-Medium-150x150.jpg\" class=\"attachment-thumbnail size-thumbnail\" alt=\"\" aria-describedby=\"gallery-1-4584\" \/><\/a>\n\t\t\t<\/div>\n\t\t\t\t<figcaption class='wp-caption-text gallery-caption' id='gallery-1-4584'>\n\t\t\t\t6\n\t\t\t\t<\/figcaption><\/figure>\n\t\t<\/div>\n\n<p style=\"text-align: center;\">\n","protected":false},"excerpt":{"rendered":"<p>Dnia 23 kwietnia 2018 roku odby\u0142 si\u0119 apel przygotowany przez klasy pi\u0105te i sz\u00f3ste z [&hellip;]<\/p>\n","protected":false},"author":5,"featured_media":4584,"comment_status":"closed","ping_status":"open","sticky":false,"template":"","format":"standard","meta":{"footnotes":""},"categories":[36],"tags":[],"class_list":["post-4578","post","type-post","status-publish","format-standard","has-post-thumbnail","hentry","category-wydarzenia"],"_links":{"self":[{"href":"https:\/\/sp1.kielce.eu\/index.php\/wp-json\/wp\/v2\/posts\/4578","targetHints":{"allow":["GET"]}}],"collection":[{"href":"https:\/\/sp1.kielce.eu\/index.php\/wp-json\/wp\/v2\/posts"}],"about":[{"href":"https:\/\/sp1.kielce.eu\/index.php\/wp-json\/wp\/v2\/types\/post"}],"author":[{"embeddable":true,"href":"https:\/\/sp1.kielce.eu\/index.php\/wp-json\/wp\/v2\/users\/5"}],"replies":[{"embeddable":true,"href":"https:\/\/sp1.kielce.eu\/index.php\/wp-json\/wp\/v2\/comments?post=4578"}],"version-history":[{"count":2,"href":"https:\/\/sp1.kielce.eu\/index.php\/wp-json\/wp\/v2\/posts\/4578\/revisions"}],"predecessor-version":[{"id":5195,"href":"https:\/\/sp1.kielce.eu\/index.php\/wp-json\/wp\/v2\/posts\/4578\/revisions\/5195"}],"wp:featuredmedia":[{"embeddable":true,"href":"https:\/\/sp1.kielce.eu\/index.php\/wp-json\/wp\/v2\/media\/4584"}],"wp:attachment":[{"href":"https:\/\/sp1.kielce.eu\/index.php\/wp-json\/wp\/v2\/media?parent=4578"}],"wp:term":[{"taxonomy":"category","embeddable":true,"href":"https:\/\/sp1.kielce.eu\/index.php\/wp-json\/wp\/v2\/categories?post=4578"},{"taxonomy":"post_tag","embeddable":true,"href":"https:\/\/sp1.kielce.eu\/index.php\/wp-json\/wp\/v2\/tags?post=4578"}],"curies":[{"name":"wp","href":"https:\/\/api.w.org\/{rel}","templated":true}]}}