{"id":4431,"date":"2018-04-19T18:57:04","date_gmt":"2018-04-19T16:57:04","guid":{"rendered":"http:\/\/sp1.kielce.eu\/?p=4431"},"modified":"2018-04-19T18:57:04","modified_gmt":"2018-04-19T16:57:04","slug":"xx-miedzyszkolny-konkurs","status":"publish","type":"post","link":"https:\/\/sp1.kielce.eu\/index.php\/2018\/04\/19\/xx-miedzyszkolny-konkurs\/","title":{"rendered":"XX Mi\u0119dzyszkolny Konkurs Recytatorski Wierszy Jana Brzechwy i Juliana Tuwima."},"content":{"rendered":"<p style=\"text-align: justify\">\u00a0\u00a0\u00a0\u00a0\u00a0\u00a0\u00a0\u00a0\u00a0\u00a0\u00a0\u00a0 W dniu 18 kwietnia 2018r.w\u00a0Szkole Podstawowej nr\u00a025 w\u00a0Kielcach odby\u0142 si\u0119 tegoroczny Mi\u0119dzyszkolny Konkurs Recytatorski Wierszy Jana Brzechwy i\u00a0Juliana Tuwima. Nasz\u0105 szko\u0142\u0119 reprezentowali: Weronika Szubert z\u00a0kl.\u00a0III\u00a0c,(wych. Agnieszka Domaga\u0142a) i\u00a0Igor Zatelmajer z\u00a0kl.\u00a0I\u00a0b (wych. Ma\u0142gorzata Kasza).<\/p>\n<p style=\"text-align: justify\">\u00a0\u00a0\u00a0\u00a0\u00a0\u00a0\u00a0\u00a0\u00a0\u00a0\u00a0\u00a0\u00a0\u00a0 Nasi deklamatorzy zaprezentowali wysoki poziom. Weronika powiedzia\u0142a wiersz pt.\u00a0,,K\u0142amczucha\u201d, a\u00a0Igor &#8211; ,,Rycerz Krzykalski\u201d. Nie zdobyli g\u0142\u00f3wnych nagr\u00f3d, ale ich wyst\u0119p dostarczy\u0142 wiele pozytywnych wra\u017ce\u0144. Otrzymali dyplomy i\u00a0upominki oraz gromkie brawa!<\/p>\n<p style=\"text-align: right\">Ma\u0142gorzata Kasza<\/p>\n<div id='gallery-1' class='gallery galleryid-4431 gallery-columns-3 gallery-size-thumbnail'><figure class='gallery-item'>\n\t\t\t<div class='gallery-icon portrait'>\n\t\t\t\t<a href='https:\/\/sp1.kielce.eu\/wp-content\/uploads\/2018\/04\/DSCN5254.jpg'><img loading=\"lazy\" decoding=\"async\" width=\"150\" height=\"150\" src=\"https:\/\/sp1.kielce.eu\/wp-content\/uploads\/2018\/04\/DSCN5254-150x150.jpg\" class=\"attachment-thumbnail size-thumbnail\" alt=\"\" aria-describedby=\"gallery-1-4440\" \/><\/a>\n\t\t\t<\/div>\n\t\t\t\t<figcaption class='wp-caption-text gallery-caption' id='gallery-1-4440'>\n\t\t\t\tKonkurs recytatorski\n\t\t\t\t<\/figcaption><\/figure><figure class='gallery-item'>\n\t\t\t<div class='gallery-icon portrait'>\n\t\t\t\t<a href='https:\/\/sp1.kielce.eu\/wp-content\/uploads\/2018\/04\/DSCN5252.jpg'><img loading=\"lazy\" decoding=\"async\" width=\"150\" height=\"150\" src=\"https:\/\/sp1.kielce.eu\/wp-content\/uploads\/2018\/04\/DSCN5252-150x150.jpg\" class=\"attachment-thumbnail size-thumbnail\" alt=\"\" aria-describedby=\"gallery-1-4438\" \/><\/a>\n\t\t\t<\/div>\n\t\t\t\t<figcaption class='wp-caption-text gallery-caption' id='gallery-1-4438'>\n\t\t\t\tKonkurs recytatorski\n\t\t\t\t<\/figcaption><\/figure><figure class='gallery-item'>\n\t\t\t<div class='gallery-icon landscape'>\n\t\t\t\t<a href='https:\/\/sp1.kielce.eu\/wp-content\/uploads\/2018\/04\/DSCN5249.jpg'><img loading=\"lazy\" decoding=\"async\" width=\"150\" height=\"150\" src=\"https:\/\/sp1.kielce.eu\/wp-content\/uploads\/2018\/04\/DSCN5249-150x150.jpg\" class=\"attachment-thumbnail size-thumbnail\" alt=\"\" aria-describedby=\"gallery-1-4434\" \/><\/a>\n\t\t\t<\/div>\n\t\t\t\t<figcaption class='wp-caption-text gallery-caption' id='gallery-1-4434'>\n\t\t\t\tKonkurs recytatorski\n\t\t\t\t<\/figcaption><\/figure><figure class='gallery-item'>\n\t\t\t<div class='gallery-icon landscape'>\n\t\t\t\t<a href='https:\/\/sp1.kielce.eu\/wp-content\/uploads\/2018\/04\/DSCN5251.jpg'><img loading=\"lazy\" decoding=\"async\" width=\"150\" height=\"150\" src=\"https:\/\/sp1.kielce.eu\/wp-content\/uploads\/2018\/04\/DSCN5251-150x150.jpg\" class=\"attachment-thumbnail size-thumbnail\" alt=\"\" aria-describedby=\"gallery-1-4436\" \/><\/a>\n\t\t\t<\/div>\n\t\t\t\t<figcaption class='wp-caption-text gallery-caption' id='gallery-1-4436'>\n\t\t\t\tKonkurs recytatorski\n\t\t\t\t<\/figcaption><\/figure><figure class='gallery-item'>\n\t\t\t<div class='gallery-icon portrait'>\n\t\t\t\t<a href='https:\/\/sp1.kielce.eu\/wp-content\/uploads\/2018\/04\/DSCN5256.jpg'><img loading=\"lazy\" decoding=\"async\" width=\"150\" height=\"150\" src=\"https:\/\/sp1.kielce.eu\/wp-content\/uploads\/2018\/04\/DSCN5256-150x150.jpg\" class=\"attachment-thumbnail size-thumbnail\" alt=\"\" aria-describedby=\"gallery-1-4442\" \/><\/a>\n\t\t\t<\/div>\n\t\t\t\t<figcaption class='wp-caption-text gallery-caption' id='gallery-1-4442'>\n\t\t\t\tKonkurs recytatorski\n\t\t\t\t<\/figcaption><\/figure>\n\t\t<\/div>\n\n","protected":false},"excerpt":{"rendered":"<p>\u00a0\u00a0\u00a0\u00a0\u00a0\u00a0\u00a0\u00a0\u00a0\u00a0\u00a0\u00a0 W dniu 18 kwietnia 2018r.w\u00a0Szkole Podstawowej nr\u00a025 w\u00a0Kielcach odby\u0142 si\u0119 tegoroczny Mi\u0119dzyszkolny Konkurs Recytatorski [&hellip;]<\/p>\n","protected":false},"author":13,"featured_media":4442,"comment_status":"closed","ping_status":"open","sticky":false,"template":"","format":"standard","meta":{"footnotes":""},"categories":[21],"tags":[65,56],"class_list":["post-4431","post","type-post","status-publish","format-standard","has-post-thumbnail","hentry","category-konkursy","tag-konkurs","tag-konkursy-miedzyszkolne"],"_links":{"self":[{"href":"https:\/\/sp1.kielce.eu\/index.php\/wp-json\/wp\/v2\/posts\/4431","targetHints":{"allow":["GET"]}}],"collection":[{"href":"https:\/\/sp1.kielce.eu\/index.php\/wp-json\/wp\/v2\/posts"}],"about":[{"href":"https:\/\/sp1.kielce.eu\/index.php\/wp-json\/wp\/v2\/types\/post"}],"author":[{"embeddable":true,"href":"https:\/\/sp1.kielce.eu\/index.php\/wp-json\/wp\/v2\/users\/13"}],"replies":[{"embeddable":true,"href":"https:\/\/sp1.kielce.eu\/index.php\/wp-json\/wp\/v2\/comments?post=4431"}],"version-history":[{"count":2,"href":"https:\/\/sp1.kielce.eu\/index.php\/wp-json\/wp\/v2\/posts\/4431\/revisions"}],"predecessor-version":[{"id":4444,"href":"https:\/\/sp1.kielce.eu\/index.php\/wp-json\/wp\/v2\/posts\/4431\/revisions\/4444"}],"wp:featuredmedia":[{"embeddable":true,"href":"https:\/\/sp1.kielce.eu\/index.php\/wp-json\/wp\/v2\/media\/4442"}],"wp:attachment":[{"href":"https:\/\/sp1.kielce.eu\/index.php\/wp-json\/wp\/v2\/media?parent=4431"}],"wp:term":[{"taxonomy":"category","embeddable":true,"href":"https:\/\/sp1.kielce.eu\/index.php\/wp-json\/wp\/v2\/categories?post=4431"},{"taxonomy":"post_tag","embeddable":true,"href":"https:\/\/sp1.kielce.eu\/index.php\/wp-json\/wp\/v2\/tags?post=4431"}],"curies":[{"name":"wp","href":"https:\/\/api.w.org\/{rel}","templated":true}]}}