{"id":4302,"date":"2018-04-05T20:03:08","date_gmt":"2018-04-05T18:03:08","guid":{"rendered":"http:\/\/sp1.kielce.eu\/?p=4302"},"modified":"2018-04-05T20:03:08","modified_gmt":"2018-04-05T18:03:08","slug":"lekcja-biblioteczna","status":"publish","type":"post","link":"https:\/\/sp1.kielce.eu\/index.php\/2018\/04\/05\/lekcja-biblioteczna\/","title":{"rendered":"Wyprawa do Puszczy Amazo\u0144skiej \u2013 lekcja biblioteczna"},"content":{"rendered":"<p style=\"text-align: justify\">W dniu 28 marca 2018\u00a0r. klasa III\u00a0a go\u015bci\u0142a w\u00a0siedzibie Pedagogicznej Biblioteki Wojew\u00f3dzkiej w\u00a0Kielcach. Podczas lekcji bibliotecznej prowadzonej przez p.\u00a0Ew\u0119 Lewick\u0105 i\u00a0p.\u00a0Katarzyn\u0119 Garbuzik, uczniowie dowiedzieli si\u0119, czym charakteryzuj\u0105 si\u0119 tereny Ameryki Po\u0142udniowej. Dzi\u0119ki prezentacji multimedialnej mogli zobaczy\u0107 i\u00a0pozna\u0107 jej najwa\u017cniejsze krainy geograficzne, typow\u0105 ro\u015blinno\u015b\u0107 oraz zwierz\u0119ta. Zdobyte informacje wykorzystali podczas wykonywania r\u00f3\u017cnego rodzaju zada\u0144 i\u00a0\u0107wicze\u0144. Dzieci \u015bwietnie bawi\u0142y si\u0119 podczas zabawy opartej na opowiadaniu i\u00a0improwizacji ruchowej, wcielaj\u0105c si\u0119 w\u00a0podr\u00f3\u017cnik\u00f3w przemierzaj\u0105cych Puszcz\u0119 Amazo\u0144sk\u0105. Lekcja zako\u0144czy\u0142a si\u0119 degustacj\u0105 smacznych owoc\u00f3w pochodz\u0105cych z\u00a0kraj\u00f3w Ameryki Po\u0142udniowej.<\/p>\n<p><em>Andrzej Pustu\u0142a<\/em>, na podstawie materia\u0142u <em>Ewy Lewickiej i\u00a0Katarzyny Garbuzik<br \/>\n<\/em>Zdj\u0119cia <em>Katarzyna Garbuzik<\/em><\/p>\n<div id='gallery-1' class='gallery galleryid-4302 gallery-columns-3 gallery-size-thumbnail'><figure class='gallery-item'>\n\t\t\t<div class='gallery-icon landscape'>\n\t\t\t\t<a href='https:\/\/sp1.kielce.eu\/wp-content\/uploads\/2018\/04\/DSC0206-Copy.jpg'><img loading=\"lazy\" decoding=\"async\" width=\"150\" height=\"150\" src=\"https:\/\/sp1.kielce.eu\/wp-content\/uploads\/2018\/04\/DSC0206-Copy-150x150.jpg\" class=\"attachment-thumbnail size-thumbnail\" alt=\"\" aria-describedby=\"gallery-1-4305\" \/><\/a>\n\t\t\t<\/div>\n\t\t\t\t<figcaption class='wp-caption-text gallery-caption' id='gallery-1-4305'>\n\t\t\t\tKlasa III a\n\t\t\t\t<\/figcaption><\/figure><figure class='gallery-item'>\n\t\t\t<div class='gallery-icon landscape'>\n\t\t\t\t<a href='https:\/\/sp1.kielce.eu\/wp-content\/uploads\/2018\/04\/DSC0209-Copy.jpg'><img loading=\"lazy\" decoding=\"async\" width=\"150\" height=\"150\" src=\"https:\/\/sp1.kielce.eu\/wp-content\/uploads\/2018\/04\/DSC0209-Copy-150x150.jpg\" class=\"attachment-thumbnail size-thumbnail\" alt=\"\" aria-describedby=\"gallery-1-4306\" \/><\/a>\n\t\t\t<\/div>\n\t\t\t\t<figcaption class='wp-caption-text gallery-caption' id='gallery-1-4306'>\n\t\t\t\tKlasa III a\n\t\t\t\t<\/figcaption><\/figure><figure class='gallery-item'>\n\t\t\t<div class='gallery-icon landscape'>\n\t\t\t\t<a href='https:\/\/sp1.kielce.eu\/wp-content\/uploads\/2018\/04\/DSC0214-Copy.jpg'><img loading=\"lazy\" decoding=\"async\" width=\"150\" height=\"150\" src=\"https:\/\/sp1.kielce.eu\/wp-content\/uploads\/2018\/04\/DSC0214-Copy-150x150.jpg\" class=\"attachment-thumbnail size-thumbnail\" alt=\"\" aria-describedby=\"gallery-1-4307\" \/><\/a>\n\t\t\t<\/div>\n\t\t\t\t<figcaption class='wp-caption-text gallery-caption' id='gallery-1-4307'>\n\t\t\t\tKlasa III a\n\t\t\t\t<\/figcaption><\/figure><figure class='gallery-item'>\n\t\t\t<div class='gallery-icon landscape'>\n\t\t\t\t<a href='https:\/\/sp1.kielce.eu\/wp-content\/uploads\/2018\/04\/DSC0215-Copy.jpg'><img loading=\"lazy\" decoding=\"async\" width=\"150\" height=\"150\" src=\"https:\/\/sp1.kielce.eu\/wp-content\/uploads\/2018\/04\/DSC0215-Copy-150x150.jpg\" class=\"attachment-thumbnail size-thumbnail\" alt=\"\" aria-describedby=\"gallery-1-4308\" \/><\/a>\n\t\t\t<\/div>\n\t\t\t\t<figcaption class='wp-caption-text gallery-caption' id='gallery-1-4308'>\n\t\t\t\tKlasa III a\n\t\t\t\t<\/figcaption><\/figure><figure class='gallery-item'>\n\t\t\t<div class='gallery-icon landscape'>\n\t\t\t\t<a href='https:\/\/sp1.kielce.eu\/wp-content\/uploads\/2018\/04\/DSC0217-Copy.jpg'><img loading=\"lazy\" decoding=\"async\" width=\"150\" height=\"150\" src=\"https:\/\/sp1.kielce.eu\/wp-content\/uploads\/2018\/04\/DSC0217-Copy-150x150.jpg\" class=\"attachment-thumbnail size-thumbnail\" alt=\"\" aria-describedby=\"gallery-1-4309\" \/><\/a>\n\t\t\t<\/div>\n\t\t\t\t<figcaption class='wp-caption-text gallery-caption' id='gallery-1-4309'>\n\t\t\t\tKlasa III a\n\t\t\t\t<\/figcaption><\/figure><figure class='gallery-item'>\n\t\t\t<div class='gallery-icon landscape'>\n\t\t\t\t<a href='https:\/\/sp1.kielce.eu\/wp-content\/uploads\/2018\/04\/DSC0219-Copy.jpg'><img loading=\"lazy\" decoding=\"async\" width=\"150\" height=\"150\" src=\"https:\/\/sp1.kielce.eu\/wp-content\/uploads\/2018\/04\/DSC0219-Copy-150x150.jpg\" class=\"attachment-thumbnail size-thumbnail\" alt=\"\" aria-describedby=\"gallery-1-4310\" \/><\/a>\n\t\t\t<\/div>\n\t\t\t\t<figcaption class='wp-caption-text gallery-caption' id='gallery-1-4310'>\n\t\t\t\tKlasa III a\n\t\t\t\t<\/figcaption><\/figure>\n\t\t<\/div>\n\n","protected":false},"excerpt":{"rendered":"<p>W dniu 28 marca 2018\u00a0r. klasa III\u00a0a go\u015bci\u0142a w\u00a0siedzibie Pedagogicznej Biblioteki Wojew\u00f3dzkiej w\u00a0Kielcach. Podczas lekcji [&hellip;]<\/p>\n","protected":false},"author":13,"featured_media":4306,"comment_status":"closed","ping_status":"open","sticky":false,"template":"","format":"standard","meta":{"footnotes":""},"categories":[36,3],"tags":[135,108],"class_list":["post-4302","post","type-post","status-publish","format-standard","has-post-thumbnail","hentry","category-wydarzenia","category-wycieczki","tag-wydarzenia","tag-wyjscia-szkolne"],"_links":{"self":[{"href":"https:\/\/sp1.kielce.eu\/index.php\/wp-json\/wp\/v2\/posts\/4302","targetHints":{"allow":["GET"]}}],"collection":[{"href":"https:\/\/sp1.kielce.eu\/index.php\/wp-json\/wp\/v2\/posts"}],"about":[{"href":"https:\/\/sp1.kielce.eu\/index.php\/wp-json\/wp\/v2\/types\/post"}],"author":[{"embeddable":true,"href":"https:\/\/sp1.kielce.eu\/index.php\/wp-json\/wp\/v2\/users\/13"}],"replies":[{"embeddable":true,"href":"https:\/\/sp1.kielce.eu\/index.php\/wp-json\/wp\/v2\/comments?post=4302"}],"version-history":[{"count":3,"href":"https:\/\/sp1.kielce.eu\/index.php\/wp-json\/wp\/v2\/posts\/4302\/revisions"}],"predecessor-version":[{"id":4311,"href":"https:\/\/sp1.kielce.eu\/index.php\/wp-json\/wp\/v2\/posts\/4302\/revisions\/4311"}],"wp:featuredmedia":[{"embeddable":true,"href":"https:\/\/sp1.kielce.eu\/index.php\/wp-json\/wp\/v2\/media\/4306"}],"wp:attachment":[{"href":"https:\/\/sp1.kielce.eu\/index.php\/wp-json\/wp\/v2\/media?parent=4302"}],"wp:term":[{"taxonomy":"category","embeddable":true,"href":"https:\/\/sp1.kielce.eu\/index.php\/wp-json\/wp\/v2\/categories?post=4302"},{"taxonomy":"post_tag","embeddable":true,"href":"https:\/\/sp1.kielce.eu\/index.php\/wp-json\/wp\/v2\/tags?post=4302"}],"curies":[{"name":"wp","href":"https:\/\/api.w.org\/{rel}","templated":true}]}}