{"id":4271,"date":"2018-04-04T22:04:09","date_gmt":"2018-04-04T20:04:09","guid":{"rendered":"http:\/\/sp1.kielce.eu\/?p=4271"},"modified":"2019-10-03T22:27:24","modified_gmt":"2019-10-03T20:27:24","slug":"zbiorka-plastikowych-nakretek","status":"publish","type":"post","link":"https:\/\/sp1.kielce.eu\/index.php\/2018\/04\/04\/zbiorka-plastikowych-nakretek\/","title":{"rendered":"Zbi\u00f3rka plastikowych nakr\u0119tek"},"content":{"rendered":"<p>Ka\u017cdego dnia odkr\u0119camy ca\u0142e mn\u00f3stwo plastikowych butelek a nakr\u0119tki z regu\u0142y l\u0105duj\u0105 w koszu na \u015bmieci. Ten niewielki przedmiot, konsekwentnie zbierany mo\u017ce wiele zdzia\u0142a\u0107. Jedna nakr\u0119tka na poz\u00f3r mo\u017ce nic nie znaczy, ale w du\u017cej ilo\u015bci ma swoj\u0105 cen\u0119 (w skupie 1 kg plastikowych nakr\u0119tek to \u015brednio 80 groszy). Nakr\u0119tki s\u0105 odsprzedawane jako surowiec do firm recyklingowych, a tam przerabiane na granulat, z kt\u00f3rego produkuje si\u0119 na przyk\u0142ad plastikowe wiadra czy narz\u0119dzia.&nbsp;&nbsp;&nbsp; Nasi uczniowie i w tym roku nie zawiedli.Wszystkim bardzo dzi\u0119kujemy za w\u0142\u0105czenie si\u0119 do akcji zbierania plastikowych nakr\u0119tek, ogromne zaanga\u017cowanie i wspieranie tej pi\u0119knej inicjatywy. Nasze nakr\u0119tki tradycyjnie zostan\u0105 przekazane na pomoc dla Wiktorka Dwojewskiego z Fundacji Dzieciom &#8222;Zd\u0105\u017cy\u0107 z Pomoc\u0105&#8221;.<\/p>\n<p style=\"text-align: right\">Krystyna Banasik<\/p>\n<p style=\"text-align: right\">El\u017cbieta W\u00f3jcik<\/p>\n<div id='gallery-1' class='gallery galleryid-4271 gallery-columns-2 gallery-size-thumbnail'><figure class='gallery-item'>\n\t\t\t<div class='gallery-icon landscape'>\n\t\t\t\t<a href='https:\/\/sp1.kielce.eu\/wp-content\/uploads\/2018\/04\/01-Zbi\u00f3rka-nakr\u0119tek.jpg'><img loading=\"lazy\" decoding=\"async\" width=\"150\" height=\"150\" src=\"https:\/\/sp1.kielce.eu\/wp-content\/uploads\/2018\/04\/01-Zbi\u00f3rka-nakr\u0119tek-150x150.jpg\" class=\"attachment-thumbnail size-thumbnail\" alt=\"\" aria-describedby=\"gallery-1-4272\" \/><\/a>\n\t\t\t<\/div>\n\t\t\t\t<figcaption class='wp-caption-text gallery-caption' id='gallery-1-4272'>\n\t\t\t\t01 Zbi\u00f3rka nakr\u0119tek\n\t\t\t\t<\/figcaption><\/figure><figure class='gallery-item'>\n\t\t\t<div class='gallery-icon landscape'>\n\t\t\t\t<a href='https:\/\/sp1.kielce.eu\/wp-content\/uploads\/2018\/04\/02-Zbi\u00f3rka-nakr\u0119tek.jpg'><img loading=\"lazy\" decoding=\"async\" width=\"150\" height=\"150\" src=\"https:\/\/sp1.kielce.eu\/wp-content\/uploads\/2018\/04\/02-Zbi\u00f3rka-nakr\u0119tek-150x150.jpg\" class=\"attachment-thumbnail size-thumbnail\" alt=\"\" aria-describedby=\"gallery-1-4273\" \/><\/a>\n\t\t\t<\/div>\n\t\t\t\t<figcaption class='wp-caption-text gallery-caption' id='gallery-1-4273'>\n\t\t\t\t02 Zbi\u00f3rka nakr\u0119tek\n\t\t\t\t<\/figcaption><\/figure>\n\t\t<\/div>\n\n","protected":false},"excerpt":{"rendered":"<p>Ka\u017cdego dnia odkr\u0119camy ca\u0142e mn\u00f3stwo plastikowych butelek a nakr\u0119tki z regu\u0142y l\u0105duj\u0105 w koszu na [&hellip;]<\/p>\n","protected":false},"author":6,"featured_media":4272,"comment_status":"closed","ping_status":"open","sticky":false,"template":"","format":"standard","meta":{"footnotes":""},"categories":[23],"tags":[],"class_list":["post-4271","post","type-post","status-publish","format-standard","has-post-thumbnail","hentry","category-charytatywne"],"_links":{"self":[{"href":"https:\/\/sp1.kielce.eu\/index.php\/wp-json\/wp\/v2\/posts\/4271","targetHints":{"allow":["GET"]}}],"collection":[{"href":"https:\/\/sp1.kielce.eu\/index.php\/wp-json\/wp\/v2\/posts"}],"about":[{"href":"https:\/\/sp1.kielce.eu\/index.php\/wp-json\/wp\/v2\/types\/post"}],"author":[{"embeddable":true,"href":"https:\/\/sp1.kielce.eu\/index.php\/wp-json\/wp\/v2\/users\/6"}],"replies":[{"embeddable":true,"href":"https:\/\/sp1.kielce.eu\/index.php\/wp-json\/wp\/v2\/comments?post=4271"}],"version-history":[{"count":3,"href":"https:\/\/sp1.kielce.eu\/index.php\/wp-json\/wp\/v2\/posts\/4271\/revisions"}],"predecessor-version":[{"id":7830,"href":"https:\/\/sp1.kielce.eu\/index.php\/wp-json\/wp\/v2\/posts\/4271\/revisions\/7830"}],"wp:featuredmedia":[{"embeddable":true,"href":"https:\/\/sp1.kielce.eu\/index.php\/wp-json\/wp\/v2\/media\/4272"}],"wp:attachment":[{"href":"https:\/\/sp1.kielce.eu\/index.php\/wp-json\/wp\/v2\/media?parent=4271"}],"wp:term":[{"taxonomy":"category","embeddable":true,"href":"https:\/\/sp1.kielce.eu\/index.php\/wp-json\/wp\/v2\/categories?post=4271"},{"taxonomy":"post_tag","embeddable":true,"href":"https:\/\/sp1.kielce.eu\/index.php\/wp-json\/wp\/v2\/tags?post=4271"}],"curies":[{"name":"wp","href":"https:\/\/api.w.org\/{rel}","templated":true}]}}