{"id":42602,"date":"2026-09-03T14:58:52","date_gmt":"2026-09-03T12:58:52","guid":{"rendered":"https:\/\/sp1.kielce.eu\/?p=42602"},"modified":"2026-09-03T14:58:52","modified_gmt":"2026-09-03T12:58:52","slug":"rozpoczecie-roku","status":"publish","type":"post","link":"https:\/\/sp1.kielce.eu\/index.php\/2026\/09\/03\/rozpoczecie-roku\/","title":{"rendered":"Rozpocz\u0119cie roku\u00a0"},"content":{"rendered":"\n<p class=\"wp-block-paragraph\"><strong>Uroczyste rozpocz\u0119cie roku szkolnego 2025\/2026<\/strong><\/p>\n\n\n\n<p class=\"wp-block-paragraph\"><strong>1 wrze\u015bnia 2025 roku<\/strong> w Szkole Podstawowej nr 1 im. Stanis\u0142awa Staszica odby\u0142a si\u0119 uroczysta inauguracja roku szkolnego 2026\/2027.<\/p>\n\n\n\n<p class=\"wp-block-paragraph\">W wydarzeniu uczestniczyli <strong>Dyrekcja szko\u0142y, Grono Pedagogiczne, pracownicy szko\u0142y, uczniowie, rodzice oraz zaproszeni go\u015bcie<\/strong>. Uroczysto\u015b\u0107 rozpocz\u0119\u0142a si\u0119 od powitania wszystkich zgromadzonych, a nast\u0119pnie w podnios\u0142ej atmosferze od\u015bpiewano <strong>hymn pa\u0144stwowy<\/strong>.<\/p>\n\n\n\n<p class=\"wp-block-paragraph\">Po wprowadzeniu i wyprowadzeniu pocztu sztandarowego g\u0142os zabra\u0142a <strong>Pani Dyrektor Beata Rozpara<\/strong>, kt\u00f3ra oficjalnie powita\u0142a ca\u0142\u0105 spo\u0142eczno\u015b\u0107 szkoln\u0105, szczeg\u00f3lnie uczni\u00f3w rozpoczynaj\u0105cych kolejny etap swojej edukacyjnej przygody.<\/p>\n\n\n\n<p class=\"wp-block-paragraph\">Nie zabrak\u0142o r\u00f3wnie\u017c przedstawienia <strong>wychowawc\u00f3w klas w roku szkolnym <\/strong>2026\/2027<\/p>\n\n\n\n<p class=\"wp-block-paragraph\">Nowy rok szkolny to czas nowych wyzwa\u0144, spotka\u0144, przyja\u017ani, sukces\u00f3w i wsp\u00f3lnego zdobywania wiedzy. Wszystkim Uczniom \u017cyczymy, aby by\u0142 to <strong>rok pe\u0142en rado\u015bci, inspiracji, ciekawych do\u015bwiadcze\u0144 i powod\u00f3w do dumy<\/strong>, a Nauczycielom i Rodzicom \u2013 satysfakcji, wytrwa\u0142o\u015bci i wielu powod\u00f3w do u\u015bmiechu.<\/p>\n\n\n\n<p class=\"wp-block-paragraph\"><strong>\u017byczymy wszystkim udanego i pe\u0142nego sukces\u00f3w roku szkolnego 2026\/2027!<\/strong><\/p>\n\n\n\n<p class=\"wp-block-paragraph\"><strong>Paulina Kondracka&nbsp;<\/strong><\/p>\n\n\n\n<figure class=\"wp-block-embed is-type-video is-provider-youtube wp-block-embed-youtube wp-embed-aspect-9-16 wp-has-aspect-ratio\"><div class=\"wp-block-embed__wrapper\">\n<iframe loading=\"lazy\" title=\"Rozpocz\u0119cie roku szkolnego\" width=\"563\" height=\"1000\" src=\"https:\/\/www.youtube.com\/embed\/t8hQlXTIMiU?feature=oembed\" frameborder=\"0\" allow=\"accelerometer; autoplay; clipboard-write; encrypted-media; gyroscope; picture-in-picture; web-share\" referrerpolicy=\"strict-origin-when-cross-origin\" allowfullscreen><\/iframe>\n<\/div><\/figure>\n","protected":false},"excerpt":{"rendered":"<p>Uroczyste rozpocz\u0119cie roku szkolnego 2025\/2026 1 wrze\u015bnia 2025 roku w Szkole Podstawowej nr 1 im. [&hellip;]<\/p>\n","protected":false},"author":5,"featured_media":42603,"comment_status":"closed","ping_status":"","sticky":false,"template":"","format":"standard","meta":{"footnotes":""},"categories":[1],"tags":[],"class_list":["post-42602","post","type-post","status-publish","format-standard","has-post-thumbnail","hentry","category-bez-kategorii"],"_links":{"self":[{"href":"https:\/\/sp1.kielce.eu\/index.php\/wp-json\/wp\/v2\/posts\/42602","targetHints":{"allow":["GET"]}}],"collection":[{"href":"https:\/\/sp1.kielce.eu\/index.php\/wp-json\/wp\/v2\/posts"}],"about":[{"href":"https:\/\/sp1.kielce.eu\/index.php\/wp-json\/wp\/v2\/types\/post"}],"author":[{"embeddable":true,"href":"https:\/\/sp1.kielce.eu\/index.php\/wp-json\/wp\/v2\/users\/5"}],"replies":[{"embeddable":true,"href":"https:\/\/sp1.kielce.eu\/index.php\/wp-json\/wp\/v2\/comments?post=42602"}],"version-history":[{"count":1,"href":"https:\/\/sp1.kielce.eu\/index.php\/wp-json\/wp\/v2\/posts\/42602\/revisions"}],"predecessor-version":[{"id":42604,"href":"https:\/\/sp1.kielce.eu\/index.php\/wp-json\/wp\/v2\/posts\/42602\/revisions\/42604"}],"wp:featuredmedia":[{"embeddable":true,"href":"https:\/\/sp1.kielce.eu\/index.php\/wp-json\/wp\/v2\/media\/42603"}],"wp:attachment":[{"href":"https:\/\/sp1.kielce.eu\/index.php\/wp-json\/wp\/v2\/media?parent=42602"}],"wp:term":[{"taxonomy":"category","embeddable":true,"href":"https:\/\/sp1.kielce.eu\/index.php\/wp-json\/wp\/v2\/categories?post=42602"},{"taxonomy":"post_tag","embeddable":true,"href":"https:\/\/sp1.kielce.eu\/index.php\/wp-json\/wp\/v2\/tags?post=42602"}],"curies":[{"name":"wp","href":"https:\/\/api.w.org\/{rel}","templated":true}]}}