{"id":42578,"date":"2026-09-02T08:37:43","date_gmt":"2026-09-02T06:37:43","guid":{"rendered":"https:\/\/sp1.kielce.eu\/?p=42578"},"modified":"2026-09-02T08:37:43","modified_gmt":"2026-09-02T06:37:43","slug":"szkoly-pelne-talentow-nasza-szkola-bierze-udzial-w-akcji","status":"publish","type":"post","link":"https:\/\/sp1.kielce.eu\/index.php\/2026\/09\/02\/szkoly-pelne-talentow-nasza-szkola-bierze-udzial-w-akcji\/","title":{"rendered":"Szko\u0142y pe\u0142ne talent\u00f3w- nasza szko\u0142a bierze udzia\u0142 w akcji!"},"content":{"rendered":"\n<p class=\"wp-block-paragraph\">\ud83c\udf92 Zbieramy Talenciaki! \ud83d\udcda<\/p>\n\n\n\n<p class=\"wp-block-paragraph\">Nasza szko\u0142a bierze udzia\u0142 w akcji \u201eSzko\u0142y Pe\u0142ne Talent\u00f3w\u201d organizowanej przez Lidl! \u2764\ufe0f<\/p>\n\n\n\n<p class=\"wp-block-paragraph\">Zach\u0119camy wszystkich uczni\u00f3w, rodzic\u00f3w, nauczycieli oraz przyjaci\u00f3\u0142 naszej szko\u0142y do zbierania Talenciak\u00f3w i przekazywania ich na rzecz naszej szko\u0142y.<\/p>\n\n\n\n<p class=\"wp-block-paragraph\">Ka\u017cdy Talenciak ma znaczenie! \ud83c\udf9f\ufe0f Dzi\u0119ki wsp\u00f3lnie zebranym punktom mo\u017cemy zdoby\u0107 atrakcyjne pomoce dydaktyczne, sprz\u0119t sportowy, gry, materia\u0142y edukacyjne i wyposa\u017cenie, kt\u00f3re wzbogac\u0105 nasze szkolne pracownie oraz codzienn\u0105 nauk\u0119 i zabaw\u0119.<\/p>\n\n\n\n<p class=\"wp-block-paragraph\">\ud83d\udc49 Jak pom\u00f3c?<br>Podczas zakup\u00f3w w Lidlu za ka\u017cde zakupy spe\u0142niaj\u0105ce warunki akcji otrzymujemy Talenciaki. Nast\u0119pnie mo\u017cna je przypisa\u0107 naszej szkole poprzez stron\u0119 akcji lub przekaza\u0107 je w wyznaczonym miejscu na terenie szko\u0142y.<\/p>\n\n\n\n<p class=\"wp-block-paragraph\">\ud83d\udc9b Zbierajmy razem! Ka\u017cdy Talenciak przybli\u017ca nas do wymarzonych nagr\u00f3d dla naszych uczni\u00f3w!<\/p>\n\n\n\n<p class=\"wp-block-paragraph\">Dzi\u0119kujemy za ka\u017cde wsparcie i wsp\u00f3lne zaanga\u017cowanie! \ud83e\udd70<\/p>\n\n\n\n<p class=\"wp-block-paragraph\">Kierownik \u015bwietlicy<\/p>\n\n\n\n<figure class=\"wp-block-gallery has-nested-images columns-default is-cropped wp-block-gallery-1 is-layout-flex wp-block-gallery-is-layout-flex\">\n<figure class=\"wp-block-image size-large\"><img loading=\"lazy\" decoding=\"async\" width=\"600\" height=\"900\" data-id=\"42583\" src=\"https:\/\/sp1.kielce.eu\/wp-content\/uploads\/2026\/09\/WhatsApp-Image-2026-09-02-at-08.30.777-600x900.jpeg\" alt=\"\" class=\"wp-image-42583\" srcset=\"https:\/\/sp1.kielce.eu\/wp-content\/uploads\/2026\/09\/WhatsApp-Image-2026-09-02-at-08.30.777-600x900.jpeg 600w, https:\/\/sp1.kielce.eu\/wp-content\/uploads\/2026\/09\/WhatsApp-Image-2026-09-02-at-08.30.777-200x300.jpeg 200w, https:\/\/sp1.kielce.eu\/wp-content\/uploads\/2026\/09\/WhatsApp-Image-2026-09-02-at-08.30.777.jpeg 687w\" sizes=\"auto, (max-width: 600px) 100vw, 600px\" \/><\/figure>\n<\/figure>\n","protected":false},"excerpt":{"rendered":"<p>\ud83c\udf92 Zbieramy Talenciaki! \ud83d\udcda Nasza szko\u0142a bierze udzia\u0142 w akcji \u201eSzko\u0142y Pe\u0142ne Talent\u00f3w\u201d organizowanej przez [&hellip;]<\/p>\n","protected":false},"author":17,"featured_media":42581,"comment_status":"closed","ping_status":"","sticky":false,"template":"","format":"standard","meta":{"footnotes":""},"categories":[1],"tags":[],"class_list":["post-42578","post","type-post","status-publish","format-standard","has-post-thumbnail","hentry","category-bez-kategorii"],"_links":{"self":[{"href":"https:\/\/sp1.kielce.eu\/index.php\/wp-json\/wp\/v2\/posts\/42578","targetHints":{"allow":["GET"]}}],"collection":[{"href":"https:\/\/sp1.kielce.eu\/index.php\/wp-json\/wp\/v2\/posts"}],"about":[{"href":"https:\/\/sp1.kielce.eu\/index.php\/wp-json\/wp\/v2\/types\/post"}],"author":[{"embeddable":true,"href":"https:\/\/sp1.kielce.eu\/index.php\/wp-json\/wp\/v2\/users\/17"}],"replies":[{"embeddable":true,"href":"https:\/\/sp1.kielce.eu\/index.php\/wp-json\/wp\/v2\/comments?post=42578"}],"version-history":[{"count":2,"href":"https:\/\/sp1.kielce.eu\/index.php\/wp-json\/wp\/v2\/posts\/42578\/revisions"}],"predecessor-version":[{"id":42584,"href":"https:\/\/sp1.kielce.eu\/index.php\/wp-json\/wp\/v2\/posts\/42578\/revisions\/42584"}],"wp:featuredmedia":[{"embeddable":true,"href":"https:\/\/sp1.kielce.eu\/index.php\/wp-json\/wp\/v2\/media\/42581"}],"wp:attachment":[{"href":"https:\/\/sp1.kielce.eu\/index.php\/wp-json\/wp\/v2\/media?parent=42578"}],"wp:term":[{"taxonomy":"category","embeddable":true,"href":"https:\/\/sp1.kielce.eu\/index.php\/wp-json\/wp\/v2\/categories?post=42578"},{"taxonomy":"post_tag","embeddable":true,"href":"https:\/\/sp1.kielce.eu\/index.php\/wp-json\/wp\/v2\/tags?post=42578"}],"curies":[{"name":"wp","href":"https:\/\/api.w.org\/{rel}","templated":true}]}}