{"id":41805,"date":"2026-04-29T12:40:51","date_gmt":"2026-04-29T10:40:51","guid":{"rendered":"https:\/\/sp1.kielce.eu\/?p=41805"},"modified":"2026-04-29T12:40:51","modified_gmt":"2026-04-29T10:40:51","slug":"x-wojewodzki-konkurs-z-matematyki","status":"publish","type":"post","link":"https:\/\/sp1.kielce.eu\/index.php\/2026\/04\/29\/x-wojewodzki-konkurs-z-matematyki\/","title":{"rendered":"X WOJEW\u00d3DZKI KONKURS Z MATEMATYKI"},"content":{"rendered":"\n<p>uczni\u00f3w szk\u00f3\u0142 podstawowych wojew\u00f3dztwa \u015bwi\u0119tokrzyskiego<\/p>\n\n\n\n<p>28 kwietnia 2026 roku w Centrum Kongresowym Targ\u00f3w Kielce odby\u0142a si\u0119 uroczysta gala wr\u0119czenia dyplom\u00f3w laureatom wojew\u00f3dzkich konkurs\u00f3w przedmiotowych.<\/p>\n\n\n\n<p><strong>Gratulujemy Nikoli Paradowskiej &#8211; Stachurze tytu\u0142u Laureatki X Wojew\u00f3dzkiego Konkursu z Matematyki.<\/strong><\/p>\n\n\n\n<p><strong>&nbsp;nauczyciel matematyki Urszula Sodel<\/strong><\/p>\n\n\n\n<figure class=\"wp-block-gallery has-nested-images columns-default is-cropped wp-block-gallery-1 is-layout-flex wp-block-gallery-is-layout-flex\">\n<figure class=\"wp-block-image size-large\"><img loading=\"lazy\" decoding=\"async\" width=\"675\" height=\"900\" data-id=\"41806\" src=\"https:\/\/sp1.kielce.eu\/wp-content\/uploads\/2026\/04\/20260428_115449-675x900.jpg\" alt=\"\" class=\"wp-image-41806\" srcset=\"https:\/\/sp1.kielce.eu\/wp-content\/uploads\/2026\/04\/20260428_115449-675x900.jpg 675w, https:\/\/sp1.kielce.eu\/wp-content\/uploads\/2026\/04\/20260428_115449-225x300.jpg 225w, https:\/\/sp1.kielce.eu\/wp-content\/uploads\/2026\/04\/20260428_115449-768x1024.jpg 768w, https:\/\/sp1.kielce.eu\/wp-content\/uploads\/2026\/04\/20260428_115449-1152x1536.jpg 1152w, https:\/\/sp1.kielce.eu\/wp-content\/uploads\/2026\/04\/20260428_115449-820x1094.jpg 820w, https:\/\/sp1.kielce.eu\/wp-content\/uploads\/2026\/04\/20260428_115449.jpg 1280w\" sizes=\"auto, (max-width: 675px) 100vw, 675px\" \/><\/figure>\n\n\n\n<figure class=\"wp-block-image size-large\"><img loading=\"lazy\" decoding=\"async\" width=\"675\" height=\"900\" data-id=\"41807\" src=\"https:\/\/sp1.kielce.eu\/wp-content\/uploads\/2026\/04\/20260428_115500-675x900.jpg\" alt=\"\" class=\"wp-image-41807\" srcset=\"https:\/\/sp1.kielce.eu\/wp-content\/uploads\/2026\/04\/20260428_115500-675x900.jpg 675w, https:\/\/sp1.kielce.eu\/wp-content\/uploads\/2026\/04\/20260428_115500-225x300.jpg 225w, https:\/\/sp1.kielce.eu\/wp-content\/uploads\/2026\/04\/20260428_115500-768x1024.jpg 768w, https:\/\/sp1.kielce.eu\/wp-content\/uploads\/2026\/04\/20260428_115500-1152x1536.jpg 1152w, https:\/\/sp1.kielce.eu\/wp-content\/uploads\/2026\/04\/20260428_115500-820x1094.jpg 820w, https:\/\/sp1.kielce.eu\/wp-content\/uploads\/2026\/04\/20260428_115500.jpg 1280w\" sizes=\"auto, (max-width: 675px) 100vw, 675px\" \/><\/figure>\n\n\n\n<figure class=\"wp-block-image size-large\"><img loading=\"lazy\" decoding=\"async\" width=\"675\" height=\"900\" data-id=\"41808\" src=\"https:\/\/sp1.kielce.eu\/wp-content\/uploads\/2026\/04\/IMG-20260428-WA0011-675x900.jpg\" alt=\"\" class=\"wp-image-41808\" srcset=\"https:\/\/sp1.kielce.eu\/wp-content\/uploads\/2026\/04\/IMG-20260428-WA0011-675x900.jpg 675w, https:\/\/sp1.kielce.eu\/wp-content\/uploads\/2026\/04\/IMG-20260428-WA0011-225x300.jpg 225w, https:\/\/sp1.kielce.eu\/wp-content\/uploads\/2026\/04\/IMG-20260428-WA0011-768x1024.jpg 768w, https:\/\/sp1.kielce.eu\/wp-content\/uploads\/2026\/04\/IMG-20260428-WA0011-1152x1536.jpg 1152w, https:\/\/sp1.kielce.eu\/wp-content\/uploads\/2026\/04\/IMG-20260428-WA0011-820x1094.jpg 820w, https:\/\/sp1.kielce.eu\/wp-content\/uploads\/2026\/04\/IMG-20260428-WA0011.jpg 1280w\" sizes=\"auto, (max-width: 675px) 100vw, 675px\" \/><\/figure>\n<\/figure>\n","protected":false},"excerpt":{"rendered":"<p>uczni\u00f3w szk\u00f3\u0142 podstawowych wojew\u00f3dztwa \u015bwi\u0119tokrzyskiego 28 kwietnia 2026 roku w Centrum Kongresowym Targ\u00f3w Kielce odby\u0142a [&hellip;]<\/p>\n","protected":false},"author":5,"featured_media":41807,"comment_status":"closed","ping_status":"","sticky":false,"template":"","format":"standard","meta":{"footnotes":""},"categories":[36,10,21,55],"tags":[],"class_list":["post-41805","post","type-post","status-publish","format-standard","has-post-thumbnail","hentry","category-wydarzenia","category-konkursy-przedmiotowe","category-konkursy","category-osiagniecia"],"_links":{"self":[{"href":"https:\/\/sp1.kielce.eu\/index.php\/wp-json\/wp\/v2\/posts\/41805","targetHints":{"allow":["GET"]}}],"collection":[{"href":"https:\/\/sp1.kielce.eu\/index.php\/wp-json\/wp\/v2\/posts"}],"about":[{"href":"https:\/\/sp1.kielce.eu\/index.php\/wp-json\/wp\/v2\/types\/post"}],"author":[{"embeddable":true,"href":"https:\/\/sp1.kielce.eu\/index.php\/wp-json\/wp\/v2\/users\/5"}],"replies":[{"embeddable":true,"href":"https:\/\/sp1.kielce.eu\/index.php\/wp-json\/wp\/v2\/comments?post=41805"}],"version-history":[{"count":1,"href":"https:\/\/sp1.kielce.eu\/index.php\/wp-json\/wp\/v2\/posts\/41805\/revisions"}],"predecessor-version":[{"id":41809,"href":"https:\/\/sp1.kielce.eu\/index.php\/wp-json\/wp\/v2\/posts\/41805\/revisions\/41809"}],"wp:featuredmedia":[{"embeddable":true,"href":"https:\/\/sp1.kielce.eu\/index.php\/wp-json\/wp\/v2\/media\/41807"}],"wp:attachment":[{"href":"https:\/\/sp1.kielce.eu\/index.php\/wp-json\/wp\/v2\/media?parent=41805"}],"wp:term":[{"taxonomy":"category","embeddable":true,"href":"https:\/\/sp1.kielce.eu\/index.php\/wp-json\/wp\/v2\/categories?post=41805"},{"taxonomy":"post_tag","embeddable":true,"href":"https:\/\/sp1.kielce.eu\/index.php\/wp-json\/wp\/v2\/tags?post=41805"}],"curies":[{"name":"wp","href":"https:\/\/api.w.org\/{rel}","templated":true}]}}