{"id":41802,"date":"2026-04-29T06:54:00","date_gmt":"2026-04-29T04:54:00","guid":{"rendered":"https:\/\/sp1.kielce.eu\/?p=41802"},"modified":"2026-04-29T01:55:13","modified_gmt":"2026-04-28T23:55:13","slug":"szkolny-dzien-barw-narodowych-2","status":"publish","type":"post","link":"https:\/\/sp1.kielce.eu\/index.php\/2026\/04\/29\/szkolny-dzien-barw-narodowych-2\/","title":{"rendered":"Szkolny Dzie\u0144 Barw Narodowych"},"content":{"rendered":"\n<p><strong>Z okazji \u015awi\u0105t Majowych, Ma\u0142y i&nbsp;Du\u017cy Samorz\u0105d Uczniowski prosi o&nbsp;wyra\u017cenie swojego patriotyzmu poprzez przyj\u015bcie 30&nbsp;kwietnia (czwartek) w&nbsp;strojach lub z&nbsp;wst\u0105\u017ceczkami w&nbsp;barwach narodowych.<\/strong><\/p>\n\n\n\n<p>Ka\u017cdy ucze\u0144 (dotyczy klas IV-VIII ), kt\u00f3ry przyjdzie w&nbsp;takim stroju otrzyma punkty dodatnie z&nbsp;zachowania (+5).<\/p>\n\n\n\n<p>Zapraszamy r\u00f3wnie\u017c nauczycieli do w\u0142\u0105czenia si\u0119 w&nbsp;akcj\u0119 Samorz\u0105du Uczniowskiego.<\/p>\n\n\n\n<p class=\"has-text-align-right\">Opiekunowie Ma\u0142ego i du\u017cego Samorz\u0105du Uczniowskiego<\/p>\n","protected":false},"excerpt":{"rendered":"<p>Z okazji \u015awi\u0105t Majowych, Ma\u0142y i&nbsp;Du\u017cy Samorz\u0105d Uczniowski prosi o&nbsp;wyra\u017cenie swojego patriotyzmu poprzez przyj\u015bcie 30&nbsp;kwietnia [&hellip;]<\/p>\n","protected":false},"author":13,"featured_media":41803,"comment_status":"closed","ping_status":"","sticky":false,"template":"","format":"standard","meta":{"footnotes":""},"categories":[1,170,18],"tags":[],"class_list":["post-41802","post","type-post","status-publish","format-standard","has-post-thumbnail","hentry","category-bez-kategorii","category-msu","category-samorzad-uczniowoski"],"_links":{"self":[{"href":"https:\/\/sp1.kielce.eu\/index.php\/wp-json\/wp\/v2\/posts\/41802","targetHints":{"allow":["GET"]}}],"collection":[{"href":"https:\/\/sp1.kielce.eu\/index.php\/wp-json\/wp\/v2\/posts"}],"about":[{"href":"https:\/\/sp1.kielce.eu\/index.php\/wp-json\/wp\/v2\/types\/post"}],"author":[{"embeddable":true,"href":"https:\/\/sp1.kielce.eu\/index.php\/wp-json\/wp\/v2\/users\/13"}],"replies":[{"embeddable":true,"href":"https:\/\/sp1.kielce.eu\/index.php\/wp-json\/wp\/v2\/comments?post=41802"}],"version-history":[{"count":1,"href":"https:\/\/sp1.kielce.eu\/index.php\/wp-json\/wp\/v2\/posts\/41802\/revisions"}],"predecessor-version":[{"id":41804,"href":"https:\/\/sp1.kielce.eu\/index.php\/wp-json\/wp\/v2\/posts\/41802\/revisions\/41804"}],"wp:featuredmedia":[{"embeddable":true,"href":"https:\/\/sp1.kielce.eu\/index.php\/wp-json\/wp\/v2\/media\/41803"}],"wp:attachment":[{"href":"https:\/\/sp1.kielce.eu\/index.php\/wp-json\/wp\/v2\/media?parent=41802"}],"wp:term":[{"taxonomy":"category","embeddable":true,"href":"https:\/\/sp1.kielce.eu\/index.php\/wp-json\/wp\/v2\/categories?post=41802"},{"taxonomy":"post_tag","embeddable":true,"href":"https:\/\/sp1.kielce.eu\/index.php\/wp-json\/wp\/v2\/tags?post=41802"}],"curies":[{"name":"wp","href":"https:\/\/api.w.org\/{rel}","templated":true}]}}