{"id":41789,"date":"2026-04-28T08:59:15","date_gmt":"2026-04-28T06:59:15","guid":{"rendered":"https:\/\/sp1.kielce.eu\/?p=41789"},"modified":"2026-04-28T08:59:15","modified_gmt":"2026-04-28T06:59:15","slug":"sukces-naszych-uczniow-w-tenisie-stolowym","status":"publish","type":"post","link":"https:\/\/sp1.kielce.eu\/index.php\/2026\/04\/28\/sukces-naszych-uczniow-w-tenisie-stolowym\/","title":{"rendered":"Sukces naszych uczni\u00f3w w tenisie sto\u0142owym!"},"content":{"rendered":"\n<p>30 marca 2026 r. w Szkole Podstawowej nr 15 w&nbsp;Kielcach odby\u0142y si\u0119 Mistrzostwa Miasta Kielce w&nbsp;indywidualnym tenisie sto\u0142owym ch\u0142opc\u00f3w w&nbsp;ramach Igrzysk Dzieci (rocznik 2013 i&nbsp;m\u0142odsi). Z&nbsp;dum\u0105 informujemy, \u017ce nasi uczniowie po raz kolejny odnie\u015bli sportowy sukces.<\/p>\n\n\n\n<p>Najlepszy wynik osi\u0105gn\u0105\u0142 <strong>Szymon Ko\u017cuch<\/strong>, kt\u00f3ry wywalczy\u0142 <strong>II miejsce<\/strong> i&nbsp;zdoby\u0142 tytu\u0142 <strong>Wicemistrza Kielc<\/strong>.<\/p>\n\n\n\n<p>Nasz\u0105 szko\u0142\u0119 reprezentowali:<\/p>\n\n\n\n<ul class=\"wp-block-list\">\n<li>Szymon Ko\u017cuch<\/li>\n\n\n\n<li>Szymon Zieli\u0144ski<\/li>\n\n\n\n<li>Micha\u0142 Czarnecki<\/li>\n<\/ul>\n\n\n\n<p>Serdecznie gratulujemy zawodnikom wspania\u0142ej postawy sportowej, zaanga\u017cowania oraz godnego reprezentowania szko\u0142y. <\/p>\n\n\n\n<p class=\"has-text-align-right\">Ze sportowym pozdrowieniem<br>Remigiusz Krzywda<br>nauczyciel wychowania fizycznego<\/p>\n\n\n\n<p class=\"has-text-align-right\"><\/p>\n\n\n\n<figure class=\"wp-block-gallery has-nested-images columns-default is-cropped wp-block-gallery-1 is-layout-flex wp-block-gallery-is-layout-flex\">\n<figure class=\"wp-block-image size-large\"><img loading=\"lazy\" decoding=\"async\" width=\"675\" height=\"900\" data-id=\"41790\" src=\"https:\/\/sp1.kielce.eu\/wp-content\/uploads\/2026\/04\/1-Copy-6.jpg\" alt=\"\" class=\"wp-image-41790\" srcset=\"https:\/\/sp1.kielce.eu\/wp-content\/uploads\/2026\/04\/1-Copy-6.jpg 675w, https:\/\/sp1.kielce.eu\/wp-content\/uploads\/2026\/04\/1-Copy-6-225x300.jpg 225w\" sizes=\"auto, (max-width: 675px) 100vw, 675px\" \/><\/figure>\n\n\n\n<figure class=\"wp-block-image size-large\"><img loading=\"lazy\" decoding=\"async\" width=\"1200\" height=\"900\" data-id=\"41791\" src=\"https:\/\/sp1.kielce.eu\/wp-content\/uploads\/2026\/04\/3-Copy-6.jpg\" alt=\"\" class=\"wp-image-41791\" srcset=\"https:\/\/sp1.kielce.eu\/wp-content\/uploads\/2026\/04\/3-Copy-6.jpg 1200w, https:\/\/sp1.kielce.eu\/wp-content\/uploads\/2026\/04\/3-Copy-6-300x225.jpg 300w, https:\/\/sp1.kielce.eu\/wp-content\/uploads\/2026\/04\/3-Copy-6-768x576.jpg 768w, https:\/\/sp1.kielce.eu\/wp-content\/uploads\/2026\/04\/3-Copy-6-820x615.jpg 820w\" sizes=\"auto, (max-width: 1200px) 100vw, 1200px\" \/><\/figure>\n\n\n\n<figure class=\"wp-block-image size-large\"><img loading=\"lazy\" decoding=\"async\" width=\"1200\" height=\"900\" data-id=\"41792\" src=\"https:\/\/sp1.kielce.eu\/wp-content\/uploads\/2026\/04\/4-Copy-5.jpg\" alt=\"\" class=\"wp-image-41792\" srcset=\"https:\/\/sp1.kielce.eu\/wp-content\/uploads\/2026\/04\/4-Copy-5.jpg 1200w, https:\/\/sp1.kielce.eu\/wp-content\/uploads\/2026\/04\/4-Copy-5-300x225.jpg 300w, https:\/\/sp1.kielce.eu\/wp-content\/uploads\/2026\/04\/4-Copy-5-768x576.jpg 768w, https:\/\/sp1.kielce.eu\/wp-content\/uploads\/2026\/04\/4-Copy-5-820x615.jpg 820w\" sizes=\"auto, (max-width: 1200px) 100vw, 1200px\" \/><\/figure>\n<\/figure>\n","protected":false},"excerpt":{"rendered":"<p>30 marca 2026 r. w Szkole Podstawowej nr 15 w&nbsp;Kielcach odby\u0142y si\u0119 Mistrzostwa Miasta Kielce [&hellip;]<\/p>\n","protected":false},"author":13,"featured_media":41793,"comment_status":"closed","ping_status":"","sticky":false,"template":"","format":"standard","meta":{"footnotes":""},"categories":[11],"tags":[],"class_list":["post-41789","post","type-post","status-publish","format-standard","has-post-thumbnail","hentry","category-zawody-sportowe"],"_links":{"self":[{"href":"https:\/\/sp1.kielce.eu\/index.php\/wp-json\/wp\/v2\/posts\/41789","targetHints":{"allow":["GET"]}}],"collection":[{"href":"https:\/\/sp1.kielce.eu\/index.php\/wp-json\/wp\/v2\/posts"}],"about":[{"href":"https:\/\/sp1.kielce.eu\/index.php\/wp-json\/wp\/v2\/types\/post"}],"author":[{"embeddable":true,"href":"https:\/\/sp1.kielce.eu\/index.php\/wp-json\/wp\/v2\/users\/13"}],"replies":[{"embeddable":true,"href":"https:\/\/sp1.kielce.eu\/index.php\/wp-json\/wp\/v2\/comments?post=41789"}],"version-history":[{"count":1,"href":"https:\/\/sp1.kielce.eu\/index.php\/wp-json\/wp\/v2\/posts\/41789\/revisions"}],"predecessor-version":[{"id":41794,"href":"https:\/\/sp1.kielce.eu\/index.php\/wp-json\/wp\/v2\/posts\/41789\/revisions\/41794"}],"wp:featuredmedia":[{"embeddable":true,"href":"https:\/\/sp1.kielce.eu\/index.php\/wp-json\/wp\/v2\/media\/41793"}],"wp:attachment":[{"href":"https:\/\/sp1.kielce.eu\/index.php\/wp-json\/wp\/v2\/media?parent=41789"}],"wp:term":[{"taxonomy":"category","embeddable":true,"href":"https:\/\/sp1.kielce.eu\/index.php\/wp-json\/wp\/v2\/categories?post=41789"},{"taxonomy":"post_tag","embeddable":true,"href":"https:\/\/sp1.kielce.eu\/index.php\/wp-json\/wp\/v2\/tags?post=41789"}],"curies":[{"name":"wp","href":"https:\/\/api.w.org\/{rel}","templated":true}]}}