{"id":41483,"date":"2026-04-02T00:53:09","date_gmt":"2026-04-01T22:53:09","guid":{"rendered":"https:\/\/sp1.kielce.eu\/?p=41483"},"modified":"2026-04-02T00:53:09","modified_gmt":"2026-04-01T22:53:09","slug":"konkurs-ekologiczny-drzewo-z-recyklingu","status":"publish","type":"post","link":"https:\/\/sp1.kielce.eu\/index.php\/2026\/04\/02\/konkurs-ekologiczny-drzewo-z-recyklingu\/","title":{"rendered":"Konkurs Ekologiczny \u201eDrzewo z recyklingu\u201d"},"content":{"rendered":"\n<p><strong>Regulamin Konkursu Ekologicznego \u201eDrzewo z recyklingu\u201d dla uczni\u00f3w klas I -III SP1 Kielce<\/strong><\/p>\n\n\n\n<p>Postanowienia og\u00f3lne<\/p>\n\n\n\n<ol class=\"wp-block-list\">\n<li>Organizatorem konkursu jest \u015awietlica szkolna SP1 Kielce.<\/li>\n<\/ol>\n\n\n\n<p>&nbsp; &nbsp; &nbsp;Koordynatorem konkursu jest Patrycja Zar\u0119ba -Michalska, Monika Wychowaniec.<\/p>\n\n\n\n<ol start=\"2\" class=\"wp-block-list\">\n<li>Niniejszy Regulamin okre\u015bla zasady udzia\u0142u w konkursie, cele, nagrody, terminy przeprowadzenia konkursu.<\/li>\n\n\n\n<li>Organizator Konkursu powo\u0142a Komisj\u0119 Konkursow\u0105, kt\u00f3ra oceni z\u0142o\u017cone prace oraz wy\u0142oni zwyci\u0119zc\u00f3w Konkursu.<\/li>\n<\/ol>\n\n\n\n<p><strong>Cele konkursu<\/strong><\/p>\n\n\n\n<ol class=\"wp-block-list\">\n<li>Pog\u0142\u0119bianie wiedzy dzieci z zakresu zagadnie\u0144 zwi\u0105zanych z ochron\u0105 \u015brodowiska oraz gospodark\u0105 odpadami.<\/li>\n\n\n\n<li>Kszta\u0142towanie postaw i zwi\u0119kszanie \u015bwiadomo\u015bci ekologicznej w\u015br\u00f3d dzieci.<\/li>\n\n\n\n<li>Inicjowanie dzia\u0142a\u0144 praktycznych zwi\u0105zanych z popraw\u0105 stanu \u015brodowiska, w tym prawid\u0142ow\u0105 segregacj\u0105 odpad\u00f3w komunalnych.<\/li>\n\n\n\n<li>Popularyzacja zagadnie\u0144 zwi\u0105zanych z ochron\u0105 \u015brodowiska.<\/li>\n\n\n\n<li>Propagowanie w\u015br\u00f3d dzieci i m\u0142odzie\u017cy dzia\u0142a\u0144 proekologicznych.<\/li>\n\n\n\n<li>Kszta\u0142towanie postaw i nawyk\u00f3w czynnej ochrony przyrody.<\/li>\n<\/ol>\n\n\n\n<p><strong>Warunki uczestnictwa w konkursie<\/strong><\/p>\n\n\n\n<ol class=\"wp-block-list\">\n<li>W konkursie mog\u0105 bra\u0107 udzia\u0142 uczniowie klas I-III.<\/li>\n\n\n\n<li>Ka\u017cdy ucze\u0144 bior\u0105cy udzia\u0142 w konkursie mo\u017ce dostarczy\u0107 jedn\u0105 prac\u0119.<\/li>\n\n\n\n<li>Praca powinna by\u0107 zrobiona samodzielnie, by\u0107 prac\u0105 autorsk\u0105, kt\u00f3ra nie by\u0142a nagradzana.<\/li>\n<\/ol>\n\n\n\n<p><strong>Zasady konkursu<\/strong><\/p>\n\n\n\n<ol class=\"wp-block-list\">\n<li>Przedmiotem konkursu jest wykonanie pracy przestrzennej zach\u0119caj\u0105cej (propaguj\u0105cej) do dbania o ochron\u0119 \u015brodowiska, zawieraj\u0105cej elementy m. in.: &#8211; negatywnego wp\u0142ywu dzia\u0142alno\u015bci cz\u0142owieka na stan \u015brodowiska naturalnego (zanieczyszczenia powietrza, w\u00f3d i gleb, dzikie wysypiska \u015bmieci), &#8211; form ochrony przyrody (rezerwat, pomniki przyrody, ochrona gatunkowa ro\u015blin i zwierz\u0105t), &#8211; informacji dotycz\u0105cych prawid\u0142owej segregacji odpad\u00f3w.<\/li>\n\n\n\n<li>Praca musi by\u0107 wykonana w formie przestrzennej \u2013 maksymalna wysoko\u015b\u0107 40 cm, maksymalna szeroko\u015b\u0107 30 cm, usztywniona podstawa, tak, aby mo\u017cna j\u0105 by\u0142o swobodnie przenosi\u0107.<\/li>\n\n\n\n<li>Praca powinna by\u0107 wykonana z materia\u0142\u00f3w odpadowych nadaj\u0105cych si\u0119 do ponownego wykorzystania i recyklingu.<\/li>\n<\/ol>\n\n\n\n<p><strong>Miejsce i termin dostarczenia prac<\/strong><\/p>\n\n\n\n<ol class=\"wp-block-list\">\n<li>Prace konkursowe nale\u017cy dostarczy\u0107 do nauczycieli \u015bwietlicy w SP1 Kielce.<\/li>\n\n\n\n<li>Termin sk\u0142adania prac konkursowych: od 01.04.2026 do 24.04.2026.<\/li>\n<\/ol>\n\n\n\n<p><strong>Rozstrzygni\u0119cie konkursu i nagrody<\/strong><\/p>\n\n\n\n<ol class=\"wp-block-list\">\n<li>Prace konkursowe zostan\u0105 ocenione przez Komisj\u0119 Konkursow\u0105.<\/li>\n\n\n\n<li>Kryteria oceny prac konkursowych:<\/li>\n\n\n\n<li>a) zgodno\u015b\u0107 przedstawionych prac z celami i zasadami konkursu,<\/li>\n\n\n\n<li>b) kreatywno\u015b\u0107 i innowacyjno\u015b\u0107 pracy,<\/li>\n\n\n\n<li>c) oryginalno\u015b\u0107 pomys\u0142u.<\/li>\n<\/ol>\n\n\n\n<p>&nbsp; &nbsp; 6.Publikacja prac. Prace zostan\u0105 zamieszczone na wystawie, kt\u00f3re b\u0119dzie mo\u017cna obejrze\u0107 w \u015bwietlicy szkolnej przy SP nr 1 im. Stanis\u0142awa Staszica w Kielcach.<\/p>\n\n\n\n<p>&nbsp; &nbsp;7.Wyniki konkursu zostan\u0105 og\u0142oszone w dniu 08.05.2026.<\/p>\n\n\n\n<p class=\"has-text-align-right\"><strong>Serdecznie zapraszamy do udzia\u0142u !<\/strong><\/p>\n\n\n\n<p><\/p>\n","protected":false},"excerpt":{"rendered":"<p>Regulamin Konkursu Ekologicznego \u201eDrzewo z recyklingu\u201d dla uczni\u00f3w klas I -III SP1 Kielce Postanowienia og\u00f3lne [&hellip;]<\/p>\n","protected":false},"author":13,"featured_media":41484,"comment_status":"closed","ping_status":"","sticky":false,"template":"","format":"standard","meta":{"footnotes":""},"categories":[1],"tags":[],"class_list":["post-41483","post","type-post","status-publish","format-standard","has-post-thumbnail","hentry","category-bez-kategorii"],"_links":{"self":[{"href":"https:\/\/sp1.kielce.eu\/index.php\/wp-json\/wp\/v2\/posts\/41483","targetHints":{"allow":["GET"]}}],"collection":[{"href":"https:\/\/sp1.kielce.eu\/index.php\/wp-json\/wp\/v2\/posts"}],"about":[{"href":"https:\/\/sp1.kielce.eu\/index.php\/wp-json\/wp\/v2\/types\/post"}],"author":[{"embeddable":true,"href":"https:\/\/sp1.kielce.eu\/index.php\/wp-json\/wp\/v2\/users\/13"}],"replies":[{"embeddable":true,"href":"https:\/\/sp1.kielce.eu\/index.php\/wp-json\/wp\/v2\/comments?post=41483"}],"version-history":[{"count":1,"href":"https:\/\/sp1.kielce.eu\/index.php\/wp-json\/wp\/v2\/posts\/41483\/revisions"}],"predecessor-version":[{"id":41485,"href":"https:\/\/sp1.kielce.eu\/index.php\/wp-json\/wp\/v2\/posts\/41483\/revisions\/41485"}],"wp:featuredmedia":[{"embeddable":true,"href":"https:\/\/sp1.kielce.eu\/index.php\/wp-json\/wp\/v2\/media\/41484"}],"wp:attachment":[{"href":"https:\/\/sp1.kielce.eu\/index.php\/wp-json\/wp\/v2\/media?parent=41483"}],"wp:term":[{"taxonomy":"category","embeddable":true,"href":"https:\/\/sp1.kielce.eu\/index.php\/wp-json\/wp\/v2\/categories?post=41483"},{"taxonomy":"post_tag","embeddable":true,"href":"https:\/\/sp1.kielce.eu\/index.php\/wp-json\/wp\/v2\/tags?post=41483"}],"curies":[{"name":"wp","href":"https:\/\/api.w.org\/{rel}","templated":true}]}}