{"id":41474,"date":"2026-04-01T11:04:09","date_gmt":"2026-04-01T09:04:09","guid":{"rendered":"https:\/\/sp1.kielce.eu\/?p=41474"},"modified":"2026-04-01T11:04:09","modified_gmt":"2026-04-01T09:04:09","slug":"nagrody-i-wyroznienia-w-szkolnym-konkursie-na-najpiekniejsza-ozdobe-wielkanocna-2","status":"publish","type":"post","link":"https:\/\/sp1.kielce.eu\/index.php\/2026\/04\/01\/nagrody-i-wyroznienia-w-szkolnym-konkursie-na-najpiekniejsza-ozdobe-wielkanocna-2\/","title":{"rendered":"Nagrody i wyr\u00f3\u017cnienia w szkolnym konkursie na najpi\u0119kniejsz\u0105 ozdob\u0119 wielkanocn\u0105"},"content":{"rendered":"\n<p>Z wielk\u0105 przyjemno\u015bci\u0105 sk\u0142adamy podzi\u0119kowania wszystkim uczestnikom za ich zaanga\u017cowanie, kreatywno\u015b\u0107 oraz serce w\u0142o\u017cone w przygotowanie wyj\u0105tkowych prac. Ka\u017cda ozdoba by\u0142a niepowtarzalna i zachwyca\u0142a staranno\u015bci\u0105 wykonania oraz pomys\u0142owo\u015bci\u0105, co sprawi\u0142o, \u017ce wyb\u00f3r najlepszych by\u0142 niezwykle trudny.<\/p>\n\n\n\n<p>Wszystkie prace zosta\u0142y zaprezentowane podczas szkolnego kiermaszu wielkanocnego, gdzie cieszy\u0142y si\u0119 du\u017cym zainteresowaniem. Doch\u00f3d ze sprzeda\u017cy ozd\u00f3b zostanie przeznaczony na potrzeby szkolne, co czyni udzia\u0142 w konkursie jeszcze bardziej warto\u015bciowym \u2013 nie tylko rozwija\u0142 talenty, ale r\u00f3wnie\u017c wspiera\u0142 wsp\u00f3lne dobro naszej szko\u0142y.<\/p>\n\n\n\n<p>Poni\u017cej przedstawiamy list\u0119 nagrodzonych oraz wyr\u00f3\u017cnionych uczestnik\u00f3w.<\/p>\n\n\n\n<p><strong>W kategorii klas 1-3:<\/strong><\/p>\n\n\n\n<p><strong>1 miejsce \u2013 Oskar Lisowski, kl. 2b<\/strong><\/p>\n\n\n\n<p><strong>2 miejsce \u2013 ex aequo: Natalia \u017bak, kl. 2a,&nbsp; Klara Wiatkowska, kl. 2b<\/strong><\/p>\n\n\n\n<p><strong>3 miejsce \u2013 Franciszek Durlik, kl. 1a<\/strong><\/p>\n\n\n\n<p><strong>Wyr\u00f3\u017cnienia: Jakub Bednarski, kl. 1b, Mi\u0142osz W\u00f3jcik, kl. 1c, Jagoda Brzezi\u0144ska, kl. 1b, Zuzanna Nowak, kl. 3c, Krzysztof Poklek, kl. 2a<\/strong><\/p>\n\n\n\n<p><strong>W kategorii klas 4-6:<\/strong><\/p>\n\n\n\n<p><strong>1 miejsce \u2013 Gabriela Sza\u0142as, kl. 6b<\/strong><\/p>\n\n\n\n<p><strong>2 miejsce \u2013 ex aequo: Antonina Bandura, kl. 5a, Karolina Staniek, kl. 4c<\/strong><\/p>\n\n\n\n<p><strong>3 miejsce \u2013 Wojciech Zag\u00f3rski, kl. 5c<\/strong><\/p>\n\n\n\n<p><strong>Wyr\u00f3\u017cnienia: Maria Mazur, kl. 6c, Micha\u0142 \u0141azurkiewicz, kl. 6a, Filip \u0141abuz, kl. 6a, Alan Moll, kl. 4b, Kacper Bara\u0144ski, kl. 4c<\/strong><\/p>\n\n\n\n<p><strong>W kategorii klas 7-8<\/strong><\/p>\n\n\n\n<p><strong>1 miejsce \u2013 Filip Kowalczyk, kl. 8a<\/strong><\/p>\n\n\n\n<p><strong>2 miejsce \u2013 Zofia Wiatkowska, kl. 8a<\/strong><\/p>\n\n\n\n<p><strong>3 miejsce \u2013 ex aequo: Mi\u0142osz Czechowicz, kl. 7a, Nina Kaczmarzyk, kl. 7a<\/strong><\/p>\n\n\n\n<p><strong>Wyr\u00f3\u017cnienia: Alan \u0141azurkiewicz, kl. 7b, Ma\u0142gorzata Adydan, kl. 7a, Maja Ulrich, kl. 7a, Tymon Baron, kl. 7a<\/strong><\/p>\n\n\n\n<p>Wr\u0119czenie dyplom\u00f3w i nagr\u00f3d nast\u0105pi po feriach \u015bwi\u0105tecznych.<\/p>\n\n\n\n<p>Jeszcze raz dzi\u0119kujemy wszystkim uczestnikom za zaanga\u017cowanie oraz kreatywno\u015b\u0107 w przygotowaniu prac konkursowych i zapraszamy do kolejnych szkolnych konkurs\u00f3w.&nbsp;<\/p>\n\n\n\n<p>Marzena Kwiecie\u0144<\/p>\n\n\n\n<p>Agnieszka Rycombel<\/p>\n\n\n\n<figure class=\"wp-block-gallery has-nested-images columns-default is-cropped wp-block-gallery-1 is-layout-flex wp-block-gallery-is-layout-flex\">\n<figure class=\"wp-block-image size-large\"><img loading=\"lazy\" decoding=\"async\" width=\"673\" height=\"900\" data-id=\"41475\" src=\"https:\/\/sp1.kielce.eu\/wp-content\/uploads\/2026\/04\/1_4_6-673x900.jpg\" alt=\"\" class=\"wp-image-41475\" srcset=\"https:\/\/sp1.kielce.eu\/wp-content\/uploads\/2026\/04\/1_4_6-673x900.jpg 673w, https:\/\/sp1.kielce.eu\/wp-content\/uploads\/2026\/04\/1_4_6-224x300.jpg 224w, https:\/\/sp1.kielce.eu\/wp-content\/uploads\/2026\/04\/1_4_6-768x1026.jpg 768w, https:\/\/sp1.kielce.eu\/wp-content\/uploads\/2026\/04\/1_4_6-1149x1536.jpg 1149w, https:\/\/sp1.kielce.eu\/wp-content\/uploads\/2026\/04\/1_4_6-820x1096.jpg 820w, https:\/\/sp1.kielce.eu\/wp-content\/uploads\/2026\/04\/1_4_6.jpg 1468w\" sizes=\"auto, (max-width: 673px) 100vw, 673px\" \/><\/figure>\n\n\n\n<figure class=\"wp-block-image size-large\"><img loading=\"lazy\" decoding=\"async\" width=\"639\" height=\"900\" data-id=\"41479\" src=\"https:\/\/sp1.kielce.eu\/wp-content\/uploads\/2026\/04\/1m_1_3-639x900.jpg\" alt=\"\" class=\"wp-image-41479\" srcset=\"https:\/\/sp1.kielce.eu\/wp-content\/uploads\/2026\/04\/1m_1_3-639x900.jpg 639w, https:\/\/sp1.kielce.eu\/wp-content\/uploads\/2026\/04\/1m_1_3-213x300.jpg 213w, https:\/\/sp1.kielce.eu\/wp-content\/uploads\/2026\/04\/1m_1_3-768x1081.jpg 768w, https:\/\/sp1.kielce.eu\/wp-content\/uploads\/2026\/04\/1m_1_3-1091x1536.jpg 1091w, https:\/\/sp1.kielce.eu\/wp-content\/uploads\/2026\/04\/1m_1_3-820x1155.jpg 820w, https:\/\/sp1.kielce.eu\/wp-content\/uploads\/2026\/04\/1m_1_3.jpg 1110w\" sizes=\"auto, (max-width: 639px) 100vw, 639px\" \/><\/figure>\n\n\n\n<figure class=\"wp-block-image size-large\"><img loading=\"lazy\" decoding=\"async\" width=\"752\" height=\"900\" data-id=\"41477\" src=\"https:\/\/sp1.kielce.eu\/wp-content\/uploads\/2026\/04\/1m_4_6_2-752x900.jpg\" alt=\"\" class=\"wp-image-41477\" srcset=\"https:\/\/sp1.kielce.eu\/wp-content\/uploads\/2026\/04\/1m_4_6_2-752x900.jpg 752w, https:\/\/sp1.kielce.eu\/wp-content\/uploads\/2026\/04\/1m_4_6_2-251x300.jpg 251w, https:\/\/sp1.kielce.eu\/wp-content\/uploads\/2026\/04\/1m_4_6_2-768x919.jpg 768w, https:\/\/sp1.kielce.eu\/wp-content\/uploads\/2026\/04\/1m_4_6_2-1283x1536.jpg 1283w, https:\/\/sp1.kielce.eu\/wp-content\/uploads\/2026\/04\/1m_4_6_2-820x981.jpg 820w, https:\/\/sp1.kielce.eu\/wp-content\/uploads\/2026\/04\/1m_4_6_2.jpg 1331w\" sizes=\"auto, (max-width: 752px) 100vw, 752px\" \/><\/figure>\n\n\n\n<figure class=\"wp-block-image size-large\"><img loading=\"lazy\" decoding=\"async\" width=\"776\" height=\"900\" data-id=\"41476\" src=\"https:\/\/sp1.kielce.eu\/wp-content\/uploads\/2026\/04\/1m_7_8-776x900.jpg\" alt=\"\" class=\"wp-image-41476\" srcset=\"https:\/\/sp1.kielce.eu\/wp-content\/uploads\/2026\/04\/1m_7_8-776x900.jpg 776w, https:\/\/sp1.kielce.eu\/wp-content\/uploads\/2026\/04\/1m_7_8-259x300.jpg 259w, https:\/\/sp1.kielce.eu\/wp-content\/uploads\/2026\/04\/1m_7_8-768x890.jpg 768w, https:\/\/sp1.kielce.eu\/wp-content\/uploads\/2026\/04\/1m_7_8-820x950.jpg 820w, https:\/\/sp1.kielce.eu\/wp-content\/uploads\/2026\/04\/1m_7_8.jpg 1282w\" sizes=\"auto, (max-width: 776px) 100vw, 776px\" \/><\/figure>\n\n\n\n<figure class=\"wp-block-image size-large\"><img loading=\"lazy\" decoding=\"async\" width=\"1036\" height=\"900\" data-id=\"41478\" src=\"https:\/\/sp1.kielce.eu\/wp-content\/uploads\/2026\/04\/2m_wiat-1036x900.jpg\" alt=\"\" class=\"wp-image-41478\" srcset=\"https:\/\/sp1.kielce.eu\/wp-content\/uploads\/2026\/04\/2m_wiat-1036x900.jpg 1036w, https:\/\/sp1.kielce.eu\/wp-content\/uploads\/2026\/04\/2m_wiat-300x261.jpg 300w, https:\/\/sp1.kielce.eu\/wp-content\/uploads\/2026\/04\/2m_wiat-768x667.jpg 768w, https:\/\/sp1.kielce.eu\/wp-content\/uploads\/2026\/04\/2m_wiat-1536x1335.jpg 1536w, https:\/\/sp1.kielce.eu\/wp-content\/uploads\/2026\/04\/2m_wiat-820x713.jpg 820w, https:\/\/sp1.kielce.eu\/wp-content\/uploads\/2026\/04\/2m_wiat.jpg 1732w\" sizes=\"auto, (max-width: 1036px) 100vw, 1036px\" \/><\/figure>\n\n\n\n<figure class=\"wp-block-image size-large\"><img loading=\"lazy\" decoding=\"async\" width=\"762\" height=\"900\" data-id=\"41480\" src=\"https:\/\/sp1.kielce.eu\/wp-content\/uploads\/2026\/04\/kermasz_szkola-762x900.jpg\" alt=\"\" class=\"wp-image-41480\" srcset=\"https:\/\/sp1.kielce.eu\/wp-content\/uploads\/2026\/04\/kermasz_szkola-762x900.jpg 762w, https:\/\/sp1.kielce.eu\/wp-content\/uploads\/2026\/04\/kermasz_szkola-254x300.jpg 254w, https:\/\/sp1.kielce.eu\/wp-content\/uploads\/2026\/04\/kermasz_szkola-768x908.jpg 768w, https:\/\/sp1.kielce.eu\/wp-content\/uploads\/2026\/04\/kermasz_szkola-1300x1536.jpg 1300w, https:\/\/sp1.kielce.eu\/wp-content\/uploads\/2026\/04\/kermasz_szkola-820x969.jpg 820w, https:\/\/sp1.kielce.eu\/wp-content\/uploads\/2026\/04\/kermasz_szkola.jpg 1536w\" sizes=\"auto, (max-width: 762px) 100vw, 762px\" \/><\/figure>\n\n\n\n<figure class=\"wp-block-image size-large\"><img loading=\"lazy\" decoding=\"async\" width=\"1234\" height=\"900\" data-id=\"41481\" src=\"https:\/\/sp1.kielce.eu\/wp-content\/uploads\/2026\/04\/kiermasz_plac-1234x900.jpg\" alt=\"\" class=\"wp-image-41481\" srcset=\"https:\/\/sp1.kielce.eu\/wp-content\/uploads\/2026\/04\/kiermasz_plac-1234x900.jpg 1234w, https:\/\/sp1.kielce.eu\/wp-content\/uploads\/2026\/04\/kiermasz_plac-300x219.jpg 300w, https:\/\/sp1.kielce.eu\/wp-content\/uploads\/2026\/04\/kiermasz_plac-768x560.jpg 768w, https:\/\/sp1.kielce.eu\/wp-content\/uploads\/2026\/04\/kiermasz_plac-1536x1120.jpg 1536w, https:\/\/sp1.kielce.eu\/wp-content\/uploads\/2026\/04\/kiermasz_plac-820x598.jpg 820w, https:\/\/sp1.kielce.eu\/wp-content\/uploads\/2026\/04\/kiermasz_plac.jpg 1987w\" sizes=\"auto, (max-width: 1234px) 100vw, 1234px\" \/><\/figure>\n<\/figure>\n","protected":false},"excerpt":{"rendered":"<p>Z wielk\u0105 przyjemno\u015bci\u0105 sk\u0142adamy podzi\u0119kowania wszystkim uczestnikom za ich zaanga\u017cowanie, kreatywno\u015b\u0107 oraz serce w\u0142o\u017cone w [&hellip;]<\/p>\n","protected":false},"author":5,"featured_media":41481,"comment_status":"closed","ping_status":"","sticky":false,"template":"","format":"standard","meta":{"footnotes":""},"categories":[36],"tags":[],"class_list":["post-41474","post","type-post","status-publish","format-standard","has-post-thumbnail","hentry","category-wydarzenia"],"_links":{"self":[{"href":"https:\/\/sp1.kielce.eu\/index.php\/wp-json\/wp\/v2\/posts\/41474","targetHints":{"allow":["GET"]}}],"collection":[{"href":"https:\/\/sp1.kielce.eu\/index.php\/wp-json\/wp\/v2\/posts"}],"about":[{"href":"https:\/\/sp1.kielce.eu\/index.php\/wp-json\/wp\/v2\/types\/post"}],"author":[{"embeddable":true,"href":"https:\/\/sp1.kielce.eu\/index.php\/wp-json\/wp\/v2\/users\/5"}],"replies":[{"embeddable":true,"href":"https:\/\/sp1.kielce.eu\/index.php\/wp-json\/wp\/v2\/comments?post=41474"}],"version-history":[{"count":1,"href":"https:\/\/sp1.kielce.eu\/index.php\/wp-json\/wp\/v2\/posts\/41474\/revisions"}],"predecessor-version":[{"id":41482,"href":"https:\/\/sp1.kielce.eu\/index.php\/wp-json\/wp\/v2\/posts\/41474\/revisions\/41482"}],"wp:featuredmedia":[{"embeddable":true,"href":"https:\/\/sp1.kielce.eu\/index.php\/wp-json\/wp\/v2\/media\/41481"}],"wp:attachment":[{"href":"https:\/\/sp1.kielce.eu\/index.php\/wp-json\/wp\/v2\/media?parent=41474"}],"wp:term":[{"taxonomy":"category","embeddable":true,"href":"https:\/\/sp1.kielce.eu\/index.php\/wp-json\/wp\/v2\/categories?post=41474"},{"taxonomy":"post_tag","embeddable":true,"href":"https:\/\/sp1.kielce.eu\/index.php\/wp-json\/wp\/v2\/tags?post=41474"}],"curies":[{"name":"wp","href":"https:\/\/api.w.org\/{rel}","templated":true}]}}