{"id":41253,"date":"2026-03-11T10:57:26","date_gmt":"2026-03-11T09:57:26","guid":{"rendered":"https:\/\/sp1.kielce.eu\/?p=41253"},"modified":"2026-03-11T10:57:26","modified_gmt":"2026-03-11T09:57:26","slug":"tydzien-patrona-szkoly","status":"publish","type":"post","link":"https:\/\/sp1.kielce.eu\/index.php\/2026\/03\/11\/tydzien-patrona-szkoly\/","title":{"rendered":"Tydzie\u0144 Patrona Szko\u0142y"},"content":{"rendered":"\n<p>W dniach 16.02.-20.02.2026 w naszej szkole odby\u0142 si\u0119 Tydzie\u0144 Patrona Szko\u0142y.&nbsp;Stanis\u0142aw Staszic&nbsp;to jedna z najwybitniejszych postaci polskiego O\u015bwiecenia, kt\u00f3rej dzia\u0142alno\u015b\u0107 mia\u0142a fundamentalne znaczenie zar\u00f3wno dla rozwoju kraju, jak i regionu \u015bwi\u0119tokrzyskiego. By\u0142 uczonym, pisarzem politycznym, publicyst\u0105, filozofem, geologiem oraz dzia\u0142aczem spo\u0142ecznym i gospodarczym.&nbsp;W&nbsp;znacz\u0105cy spos\u00f3b przyczyni\u0142 si\u0119 do rozwoju gospodarczego ziemi \u015bwi\u0119tokrzyskiej&nbsp;poprzez inicjowanie takich instytucji jak:&nbsp;<strong>Staropolski Okr\u0119g Przemys\u0142owy, Generalna Dyrekcja G\u00f3rnicza, Szko\u0142a Akademiczno-G\u00f3rnicza w Kielcach,&nbsp;<\/strong><strong>pionierskie b<\/strong><strong>adania geologiczne&nbsp;<\/strong><strong>G\u00f3r \u015awi\u0119tokrzyskich.<\/strong><\/p>\n\n\n\n<p><strong>W<\/strong><strong>&nbsp;200. rocznic\u0119 jego \u015bmierci&nbsp;<\/strong><em>Rok 2026 zosta\u0142 oficjalnie ustanowiony Rokiem Stanis\u0142awa Staszica<\/em><strong>&nbsp;uchwa\u0142\u0105 Sejmu Rzeczypospolitej Polskiej.<\/strong><strong>&nbsp;R\u00f3wnie\u017c i my jak co roku pochylili\u015bmy si\u0119 nad t\u0105 postaci\u0105.&nbsp;<\/strong><strong>Uczniowie na zaj\u0119ciach z wychowawcami czy lekcjach historii&nbsp;<\/strong><strong>czy geografii<\/strong><strong>&nbsp;zostali zapoznani z&nbsp;<\/strong><strong>osob\u0105<\/strong><strong>&nbsp;Patrona oraz jego osi\u0105gni\u0119ciami. Na lekcjach matematyki rozwi\u0105zywali zadania odnosz\u0105ce si\u0119 tre\u015bci\u0105 do \u017cycia Stanis\u0142awa Staszica.&nbsp;<\/strong><strong>Na lekcjach muzyki \u015bpiewano Hymn Szko\u0142y.&nbsp;&nbsp;<\/strong><strong>Klasy 4<\/strong><strong>b<\/strong><strong>, 4<\/strong><strong>c&nbsp;<\/strong><strong>oraz<\/strong><strong>&nbsp;5c wraz z wychowawcami uda\u0142y si\u0119 do Muzeum Historii Kielc realizuj\u0105cego projekt \u201eS<\/strong><strong>taszic<\/strong><strong>.&nbsp;<\/strong><strong>My\u015blenie, kt\u00f3re wyprzedzi\u0142o czas\u201d<\/strong><strong>.<\/strong><strong>&nbsp;<\/strong><strong>P<\/strong>odczas warsztat\u00f3w&nbsp;<strong>&nbsp;<\/strong><strong>\u201e<\/strong><strong>Staszic i tajemnice Ziemi\u201d<\/strong>uczestnicy wcielali&nbsp;si\u0119 w rol\u0119 m\u0142odych odkrywc\u00f3w, poznaj\u0105c histori\u0119 Ziemi zapisan\u0105 w ska\u0142ach, warstwach ziemi i krajobrazie&nbsp;ucz\u0105c si\u0119&nbsp;obserwacji, por\u00f3wnywania i wyci\u0105gania wniosk\u00f3w.&nbsp;Mieli okazj\u0119 do\u015bwiadczy\u0107,&nbsp;\u017ce&nbsp;nauka&nbsp;to&nbsp;fascynuj\u0105caprzygoda&nbsp;badawcza.<\/p>\n\n\n\n<p>Dzi\u0119kujemy ca\u0142ej spo\u0142eczno\u015bci za zaanga\u017cowanie w poznanie sylwetki Patron Szko\u0142y.<\/p>\n\n\n\n<p>Anna Mazur<\/p>\n\n\n\n<p>Maria Litwinek<\/p>\n\n\n\n<p>El\u017cbieta W\u00f3jcik<\/p>\n\n\n\n<p>Katarzyna Szostak<\/p>\n\n\n\n<p>Patryk Kozie\u0142<\/p>\n\n\n\n<figure class=\"wp-block-gallery has-nested-images columns-default is-cropped wp-block-gallery-1 is-layout-flex wp-block-gallery-is-layout-flex\">\n<figure class=\"wp-block-image size-large\"><img loading=\"lazy\" decoding=\"async\" width=\"1200\" height=\"900\" data-id=\"41260\" src=\"https:\/\/sp1.kielce.eu\/wp-content\/uploads\/2026\/03\/4c-warsztaty-1-1200x900.jpg\" alt=\"\" class=\"wp-image-41260\" srcset=\"https:\/\/sp1.kielce.eu\/wp-content\/uploads\/2026\/03\/4c-warsztaty-1-1200x900.jpg 1200w, https:\/\/sp1.kielce.eu\/wp-content\/uploads\/2026\/03\/4c-warsztaty-1-300x225.jpg 300w, https:\/\/sp1.kielce.eu\/wp-content\/uploads\/2026\/03\/4c-warsztaty-1-768x576.jpg 768w, https:\/\/sp1.kielce.eu\/wp-content\/uploads\/2026\/03\/4c-warsztaty-1-820x615.jpg 820w, https:\/\/sp1.kielce.eu\/wp-content\/uploads\/2026\/03\/4c-warsztaty-1.jpg 1280w\" sizes=\"auto, (max-width: 1200px) 100vw, 1200px\" \/><\/figure>\n\n\n\n<figure class=\"wp-block-image size-large\"><img loading=\"lazy\" decoding=\"async\" width=\"1200\" height=\"900\" data-id=\"41257\" src=\"https:\/\/sp1.kielce.eu\/wp-content\/uploads\/2026\/03\/4c-warsztaty-2-1200x900.jpg\" alt=\"\" class=\"wp-image-41257\" srcset=\"https:\/\/sp1.kielce.eu\/wp-content\/uploads\/2026\/03\/4c-warsztaty-2-1200x900.jpg 1200w, https:\/\/sp1.kielce.eu\/wp-content\/uploads\/2026\/03\/4c-warsztaty-2-300x225.jpg 300w, https:\/\/sp1.kielce.eu\/wp-content\/uploads\/2026\/03\/4c-warsztaty-2-768x576.jpg 768w, https:\/\/sp1.kielce.eu\/wp-content\/uploads\/2026\/03\/4c-warsztaty-2-820x615.jpg 820w, https:\/\/sp1.kielce.eu\/wp-content\/uploads\/2026\/03\/4c-warsztaty-2.jpg 1280w\" sizes=\"auto, (max-width: 1200px) 100vw, 1200px\" \/><\/figure>\n\n\n\n<figure class=\"wp-block-image size-large\"><img loading=\"lazy\" decoding=\"async\" width=\"1200\" height=\"900\" data-id=\"41256\" src=\"https:\/\/sp1.kielce.eu\/wp-content\/uploads\/2026\/03\/4c-warsztaty-3-1200x900.jpg\" alt=\"\" class=\"wp-image-41256\" srcset=\"https:\/\/sp1.kielce.eu\/wp-content\/uploads\/2026\/03\/4c-warsztaty-3-1200x900.jpg 1200w, https:\/\/sp1.kielce.eu\/wp-content\/uploads\/2026\/03\/4c-warsztaty-3-300x225.jpg 300w, https:\/\/sp1.kielce.eu\/wp-content\/uploads\/2026\/03\/4c-warsztaty-3-768x576.jpg 768w, https:\/\/sp1.kielce.eu\/wp-content\/uploads\/2026\/03\/4c-warsztaty-3-820x615.jpg 820w, https:\/\/sp1.kielce.eu\/wp-content\/uploads\/2026\/03\/4c-warsztaty-3.jpg 1280w\" sizes=\"auto, (max-width: 1200px) 100vw, 1200px\" \/><\/figure>\n\n\n\n<figure class=\"wp-block-image size-large\"><img loading=\"lazy\" decoding=\"async\" width=\"1200\" height=\"900\" data-id=\"41255\" src=\"https:\/\/sp1.kielce.eu\/wp-content\/uploads\/2026\/03\/4c-warsztaty-4-1200x900.jpg\" alt=\"\" class=\"wp-image-41255\" srcset=\"https:\/\/sp1.kielce.eu\/wp-content\/uploads\/2026\/03\/4c-warsztaty-4-1200x900.jpg 1200w, https:\/\/sp1.kielce.eu\/wp-content\/uploads\/2026\/03\/4c-warsztaty-4-300x225.jpg 300w, https:\/\/sp1.kielce.eu\/wp-content\/uploads\/2026\/03\/4c-warsztaty-4-768x576.jpg 768w, https:\/\/sp1.kielce.eu\/wp-content\/uploads\/2026\/03\/4c-warsztaty-4-820x615.jpg 820w, https:\/\/sp1.kielce.eu\/wp-content\/uploads\/2026\/03\/4c-warsztaty-4.jpg 1280w\" sizes=\"auto, (max-width: 1200px) 100vw, 1200px\" \/><\/figure>\n\n\n\n<figure class=\"wp-block-image size-large\"><img loading=\"lazy\" decoding=\"async\" width=\"1200\" height=\"900\" data-id=\"41254\" src=\"https:\/\/sp1.kielce.eu\/wp-content\/uploads\/2026\/03\/4c-warsztaty-5-1200x900.jpg\" alt=\"\" class=\"wp-image-41254\" srcset=\"https:\/\/sp1.kielce.eu\/wp-content\/uploads\/2026\/03\/4c-warsztaty-5-1200x900.jpg 1200w, https:\/\/sp1.kielce.eu\/wp-content\/uploads\/2026\/03\/4c-warsztaty-5-300x225.jpg 300w, https:\/\/sp1.kielce.eu\/wp-content\/uploads\/2026\/03\/4c-warsztaty-5-768x576.jpg 768w, https:\/\/sp1.kielce.eu\/wp-content\/uploads\/2026\/03\/4c-warsztaty-5-820x615.jpg 820w, https:\/\/sp1.kielce.eu\/wp-content\/uploads\/2026\/03\/4c-warsztaty-5.jpg 1280w\" sizes=\"auto, (max-width: 1200px) 100vw, 1200px\" \/><\/figure>\n\n\n\n<figure class=\"wp-block-image size-large\"><img loading=\"lazy\" decoding=\"async\" width=\"675\" height=\"900\" data-id=\"41261\" src=\"https:\/\/sp1.kielce.eu\/wp-content\/uploads\/2026\/03\/20260219_101738-675x900.jpg\" alt=\"\" class=\"wp-image-41261\" srcset=\"https:\/\/sp1.kielce.eu\/wp-content\/uploads\/2026\/03\/20260219_101738-675x900.jpg 675w, https:\/\/sp1.kielce.eu\/wp-content\/uploads\/2026\/03\/20260219_101738-225x300.jpg 225w, https:\/\/sp1.kielce.eu\/wp-content\/uploads\/2026\/03\/20260219_101738-768x1024.jpg 768w, https:\/\/sp1.kielce.eu\/wp-content\/uploads\/2026\/03\/20260219_101738-1152x1536.jpg 1152w, https:\/\/sp1.kielce.eu\/wp-content\/uploads\/2026\/03\/20260219_101738-820x1094.jpg 820w, https:\/\/sp1.kielce.eu\/wp-content\/uploads\/2026\/03\/20260219_101738.jpg 1280w\" sizes=\"auto, (max-width: 675px) 100vw, 675px\" \/><\/figure>\n\n\n\n<figure class=\"wp-block-image size-large\"><img loading=\"lazy\" decoding=\"async\" width=\"1200\" height=\"900\" data-id=\"41258\" src=\"https:\/\/sp1.kielce.eu\/wp-content\/uploads\/2026\/03\/20260219_103022-1200x900.jpg\" alt=\"\" class=\"wp-image-41258\" srcset=\"https:\/\/sp1.kielce.eu\/wp-content\/uploads\/2026\/03\/20260219_103022-1200x900.jpg 1200w, https:\/\/sp1.kielce.eu\/wp-content\/uploads\/2026\/03\/20260219_103022-300x225.jpg 300w, https:\/\/sp1.kielce.eu\/wp-content\/uploads\/2026\/03\/20260219_103022-768x576.jpg 768w, https:\/\/sp1.kielce.eu\/wp-content\/uploads\/2026\/03\/20260219_103022-820x615.jpg 820w, https:\/\/sp1.kielce.eu\/wp-content\/uploads\/2026\/03\/20260219_103022.jpg 1280w\" sizes=\"auto, (max-width: 1200px) 100vw, 1200px\" \/><\/figure>\n\n\n\n<figure class=\"wp-block-image size-large\"><img loading=\"lazy\" decoding=\"async\" width=\"675\" height=\"900\" data-id=\"41259\" src=\"https:\/\/sp1.kielce.eu\/wp-content\/uploads\/2026\/03\/20260219_103459-675x900.jpg\" alt=\"\" class=\"wp-image-41259\" srcset=\"https:\/\/sp1.kielce.eu\/wp-content\/uploads\/2026\/03\/20260219_103459-675x900.jpg 675w, https:\/\/sp1.kielce.eu\/wp-content\/uploads\/2026\/03\/20260219_103459-225x300.jpg 225w, https:\/\/sp1.kielce.eu\/wp-content\/uploads\/2026\/03\/20260219_103459-768x1024.jpg 768w, https:\/\/sp1.kielce.eu\/wp-content\/uploads\/2026\/03\/20260219_103459-1152x1536.jpg 1152w, https:\/\/sp1.kielce.eu\/wp-content\/uploads\/2026\/03\/20260219_103459-820x1094.jpg 820w, https:\/\/sp1.kielce.eu\/wp-content\/uploads\/2026\/03\/20260219_103459.jpg 1280w\" sizes=\"auto, (max-width: 675px) 100vw, 675px\" \/><\/figure>\n\n\n\n<figure class=\"wp-block-image size-large\"><img loading=\"lazy\" decoding=\"async\" width=\"1200\" height=\"900\" data-id=\"41263\" src=\"https:\/\/sp1.kielce.eu\/wp-content\/uploads\/2026\/03\/20260219_112326-1200x900.jpg\" alt=\"\" class=\"wp-image-41263\" srcset=\"https:\/\/sp1.kielce.eu\/wp-content\/uploads\/2026\/03\/20260219_112326-1200x900.jpg 1200w, https:\/\/sp1.kielce.eu\/wp-content\/uploads\/2026\/03\/20260219_112326-300x225.jpg 300w, https:\/\/sp1.kielce.eu\/wp-content\/uploads\/2026\/03\/20260219_112326-768x576.jpg 768w, https:\/\/sp1.kielce.eu\/wp-content\/uploads\/2026\/03\/20260219_112326-820x615.jpg 820w, https:\/\/sp1.kielce.eu\/wp-content\/uploads\/2026\/03\/20260219_112326.jpg 1280w\" sizes=\"auto, (max-width: 1200px) 100vw, 1200px\" \/><\/figure>\n\n\n\n<figure class=\"wp-block-image size-large\"><img loading=\"lazy\" decoding=\"async\" width=\"1200\" height=\"900\" data-id=\"41262\" src=\"https:\/\/sp1.kielce.eu\/wp-content\/uploads\/2026\/03\/20260219_113954-1200x900.jpg\" alt=\"\" class=\"wp-image-41262\" srcset=\"https:\/\/sp1.kielce.eu\/wp-content\/uploads\/2026\/03\/20260219_113954-1200x900.jpg 1200w, https:\/\/sp1.kielce.eu\/wp-content\/uploads\/2026\/03\/20260219_113954-300x225.jpg 300w, https:\/\/sp1.kielce.eu\/wp-content\/uploads\/2026\/03\/20260219_113954-768x576.jpg 768w, https:\/\/sp1.kielce.eu\/wp-content\/uploads\/2026\/03\/20260219_113954-820x615.jpg 820w, https:\/\/sp1.kielce.eu\/wp-content\/uploads\/2026\/03\/20260219_113954.jpg 1280w\" sizes=\"auto, (max-width: 1200px) 100vw, 1200px\" \/><\/figure>\n\n\n\n<figure class=\"wp-block-image size-large\"><img loading=\"lazy\" decoding=\"async\" width=\"675\" height=\"900\" data-id=\"41264\" src=\"https:\/\/sp1.kielce.eu\/wp-content\/uploads\/2026\/03\/IMG_20260219_223408-675x900.jpg\" alt=\"\" class=\"wp-image-41264\" srcset=\"https:\/\/sp1.kielce.eu\/wp-content\/uploads\/2026\/03\/IMG_20260219_223408-675x900.jpg 675w, https:\/\/sp1.kielce.eu\/wp-content\/uploads\/2026\/03\/IMG_20260219_223408-225x300.jpg 225w, https:\/\/sp1.kielce.eu\/wp-content\/uploads\/2026\/03\/IMG_20260219_223408-768x1024.jpg 768w, https:\/\/sp1.kielce.eu\/wp-content\/uploads\/2026\/03\/IMG_20260219_223408-1152x1536.jpg 1152w, https:\/\/sp1.kielce.eu\/wp-content\/uploads\/2026\/03\/IMG_20260219_223408-820x1094.jpg 820w, https:\/\/sp1.kielce.eu\/wp-content\/uploads\/2026\/03\/IMG_20260219_223408.jpg 1280w\" sizes=\"auto, (max-width: 675px) 100vw, 675px\" \/><\/figure>\n<\/figure>\n\n\n\n<p><\/p>\n","protected":false},"excerpt":{"rendered":"<p>W dniach 16.02.-20.02.2026 w naszej szkole odby\u0142 si\u0119 Tydzie\u0144 Patrona Szko\u0142y.&nbsp;Stanis\u0142aw Staszic&nbsp;to jedna z najwybitniejszych [&hellip;]<\/p>\n","protected":false},"author":5,"featured_media":41264,"comment_status":"closed","ping_status":"","sticky":false,"template":"","format":"standard","meta":{"footnotes":""},"categories":[36],"tags":[],"class_list":["post-41253","post","type-post","status-publish","format-standard","has-post-thumbnail","hentry","category-wydarzenia"],"_links":{"self":[{"href":"https:\/\/sp1.kielce.eu\/index.php\/wp-json\/wp\/v2\/posts\/41253","targetHints":{"allow":["GET"]}}],"collection":[{"href":"https:\/\/sp1.kielce.eu\/index.php\/wp-json\/wp\/v2\/posts"}],"about":[{"href":"https:\/\/sp1.kielce.eu\/index.php\/wp-json\/wp\/v2\/types\/post"}],"author":[{"embeddable":true,"href":"https:\/\/sp1.kielce.eu\/index.php\/wp-json\/wp\/v2\/users\/5"}],"replies":[{"embeddable":true,"href":"https:\/\/sp1.kielce.eu\/index.php\/wp-json\/wp\/v2\/comments?post=41253"}],"version-history":[{"count":1,"href":"https:\/\/sp1.kielce.eu\/index.php\/wp-json\/wp\/v2\/posts\/41253\/revisions"}],"predecessor-version":[{"id":41265,"href":"https:\/\/sp1.kielce.eu\/index.php\/wp-json\/wp\/v2\/posts\/41253\/revisions\/41265"}],"wp:featuredmedia":[{"embeddable":true,"href":"https:\/\/sp1.kielce.eu\/index.php\/wp-json\/wp\/v2\/media\/41264"}],"wp:attachment":[{"href":"https:\/\/sp1.kielce.eu\/index.php\/wp-json\/wp\/v2\/media?parent=41253"}],"wp:term":[{"taxonomy":"category","embeddable":true,"href":"https:\/\/sp1.kielce.eu\/index.php\/wp-json\/wp\/v2\/categories?post=41253"},{"taxonomy":"post_tag","embeddable":true,"href":"https:\/\/sp1.kielce.eu\/index.php\/wp-json\/wp\/v2\/tags?post=41253"}],"curies":[{"name":"wp","href":"https:\/\/api.w.org\/{rel}","templated":true}]}}