{"id":41246,"date":"2026-03-11T10:44:47","date_gmt":"2026-03-11T09:44:47","guid":{"rendered":"https:\/\/sp1.kielce.eu\/?p=41246"},"modified":"2026-03-11T10:44:47","modified_gmt":"2026-03-11T09:44:47","slug":"obchody-miedzynarodowego-dnia-pisarza-w-klasie-ivb","status":"publish","type":"post","link":"https:\/\/sp1.kielce.eu\/index.php\/2026\/03\/11\/obchody-miedzynarodowego-dnia-pisarza-w-klasie-ivb\/","title":{"rendered":"OBCHODY MI\u0118DZYNARODOWEGO DNIA PISARZA W KLASIE IVB"},"content":{"rendered":"\n<p>3 marca obchodzimy Mi\u0119dzynarodowy Dzie\u0144 Pisarza. \u015awi\u0119to to zosta\u0142o ustanowione w 1984r. przez PEN Club, mi\u0119dzynarodowe stowarzyszenie pisarzy dzia\u0142aj\u0105ce od 1921 roku. Ide\u0105 tego dnia jest promowanie literatury, a tak\u017ce docenianie pisarzy i ich tw\u00f3rczo\u015bci.<\/p>\n\n\n\n<p>&nbsp;Z tej okazji uczniowie klasy IVB przyst\u0105pili do kolejnego projektu edukacyjnego. Ka\u017cdy z nich prezentowa\u0142 na forum swoj\u0105 ulubion\u0105 ksi\u0105\u017ck\u0119 oraz przybli\u017ca\u0142 sylwetk\u0119 jej autora. By\u0142a to okazja, aby doceni\u0107 autor\u00f3w, kt\u00f3rzy przenosz\u0105 nas w inne \u015bwiaty, poruszaj\u0105 emocje i inspiruj\u0105 do refleksji. To tak\u017ce przypomnienie, \u017ce ksi\u0105\u017cka nie jest tylko zbiorem stron, ale mostem mi\u0119dzy pisarzem a czytelnikiem. Ka\u017cde s\u0142owo, zdanie i rozdzia\u0142 to zaproszenie do wsp\u00f3lnej podr\u00f3\u017cy, w kt\u00f3rej wyobra\u017ania nie zna granic.<\/p>\n\n\n\n<p>Nauczyciel j\u0119zyka polskiego<\/p>\n\n\n\n<p>Mariola Str\u00f3zik<\/p>\n\n\n\n<figure class=\"wp-block-gallery has-nested-images columns-default is-cropped wp-block-gallery-1 is-layout-flex wp-block-gallery-is-layout-flex\">\n<figure class=\"wp-block-image size-large\"><img loading=\"lazy\" decoding=\"async\" width=\"1132\" height=\"900\" data-id=\"41247\" src=\"https:\/\/sp1.kielce.eu\/wp-content\/uploads\/2026\/03\/20260306_110121-1132x900.jpg\" alt=\"\" class=\"wp-image-41247\" srcset=\"https:\/\/sp1.kielce.eu\/wp-content\/uploads\/2026\/03\/20260306_110121-1132x900.jpg 1132w, https:\/\/sp1.kielce.eu\/wp-content\/uploads\/2026\/03\/20260306_110121-300x239.jpg 300w, https:\/\/sp1.kielce.eu\/wp-content\/uploads\/2026\/03\/20260306_110121-768x611.jpg 768w, https:\/\/sp1.kielce.eu\/wp-content\/uploads\/2026\/03\/20260306_110121-820x652.jpg 820w, https:\/\/sp1.kielce.eu\/wp-content\/uploads\/2026\/03\/20260306_110121.jpg 1280w\" sizes=\"auto, (max-width: 1132px) 100vw, 1132px\" \/><\/figure>\n\n\n\n<figure class=\"wp-block-image size-large\"><img loading=\"lazy\" decoding=\"async\" width=\"636\" height=\"900\" data-id=\"41248\" src=\"https:\/\/sp1.kielce.eu\/wp-content\/uploads\/2026\/03\/FB_IMG_1772984380335-636x900.jpg\" alt=\"\" class=\"wp-image-41248\" srcset=\"https:\/\/sp1.kielce.eu\/wp-content\/uploads\/2026\/03\/FB_IMG_1772984380335-636x900.jpg 636w, https:\/\/sp1.kielce.eu\/wp-content\/uploads\/2026\/03\/FB_IMG_1772984380335-212x300.jpg 212w, https:\/\/sp1.kielce.eu\/wp-content\/uploads\/2026\/03\/FB_IMG_1772984380335-768x1087.jpg 768w, https:\/\/sp1.kielce.eu\/wp-content\/uploads\/2026\/03\/FB_IMG_1772984380335-820x1160.jpg 820w, https:\/\/sp1.kielce.eu\/wp-content\/uploads\/2026\/03\/FB_IMG_1772984380335.jpg 1080w\" sizes=\"auto, (max-width: 636px) 100vw, 636px\" \/><\/figure>\n<\/figure>\n","protected":false},"excerpt":{"rendered":"<p>3 marca obchodzimy Mi\u0119dzynarodowy Dzie\u0144 Pisarza. \u015awi\u0119to to zosta\u0142o ustanowione w 1984r. przez PEN Club, [&hellip;]<\/p>\n","protected":false},"author":5,"featured_media":41248,"comment_status":"closed","ping_status":"","sticky":false,"template":"","format":"standard","meta":{"footnotes":""},"categories":[36],"tags":[],"class_list":["post-41246","post","type-post","status-publish","format-standard","has-post-thumbnail","hentry","category-wydarzenia"],"_links":{"self":[{"href":"https:\/\/sp1.kielce.eu\/index.php\/wp-json\/wp\/v2\/posts\/41246","targetHints":{"allow":["GET"]}}],"collection":[{"href":"https:\/\/sp1.kielce.eu\/index.php\/wp-json\/wp\/v2\/posts"}],"about":[{"href":"https:\/\/sp1.kielce.eu\/index.php\/wp-json\/wp\/v2\/types\/post"}],"author":[{"embeddable":true,"href":"https:\/\/sp1.kielce.eu\/index.php\/wp-json\/wp\/v2\/users\/5"}],"replies":[{"embeddable":true,"href":"https:\/\/sp1.kielce.eu\/index.php\/wp-json\/wp\/v2\/comments?post=41246"}],"version-history":[{"count":1,"href":"https:\/\/sp1.kielce.eu\/index.php\/wp-json\/wp\/v2\/posts\/41246\/revisions"}],"predecessor-version":[{"id":41249,"href":"https:\/\/sp1.kielce.eu\/index.php\/wp-json\/wp\/v2\/posts\/41246\/revisions\/41249"}],"wp:featuredmedia":[{"embeddable":true,"href":"https:\/\/sp1.kielce.eu\/index.php\/wp-json\/wp\/v2\/media\/41248"}],"wp:attachment":[{"href":"https:\/\/sp1.kielce.eu\/index.php\/wp-json\/wp\/v2\/media?parent=41246"}],"wp:term":[{"taxonomy":"category","embeddable":true,"href":"https:\/\/sp1.kielce.eu\/index.php\/wp-json\/wp\/v2\/categories?post=41246"},{"taxonomy":"post_tag","embeddable":true,"href":"https:\/\/sp1.kielce.eu\/index.php\/wp-json\/wp\/v2\/tags?post=41246"}],"curies":[{"name":"wp","href":"https:\/\/api.w.org\/{rel}","templated":true}]}}