{"id":41241,"date":"2026-03-11T10:40:26","date_gmt":"2026-03-11T09:40:26","guid":{"rendered":"https:\/\/sp1.kielce.eu\/?p=41241"},"modified":"2026-03-11T10:40:26","modified_gmt":"2026-03-11T09:40:26","slug":"tydzien-kultury-antycznej-piatoklasisci-z-wizyta-na-olimpie","status":"publish","type":"post","link":"https:\/\/sp1.kielce.eu\/index.php\/2026\/03\/11\/tydzien-kultury-antycznej-piatoklasisci-z-wizyta-na-olimpie\/","title":{"rendered":"\u00a0Tydzie\u0144 Kultury Antycznej. Pi\u0105toklasi\u015bci z wizyt\u0105 na Olimpie."},"content":{"rendered":"\n<p>W zwi\u0105zku z tegorocznymi obchodami Tygodnia Kultury Antycznej pi\u0105toklasi\u015bci na lekcjach j\u0119zyka polskiego przenie\u015bli si\u0119 do staro\u017cytnej Grecji i zawitali na Olimpie. Zaproszenie na uczt\u0119 bog\u00f3w wys\u0142a\u0142 im sam gromow\u0142adny Zeus. Na spotkanie przybyli m.in.:&nbsp; Atena, Afrodyta, Hera, Demeter, Apollo, Hades, Hermes, Posejdon. Obradom nie by\u0142o ko\u0144ca, a&nbsp; sto\u0142y obfitowa\u0142y w nektar i ambrozj\u0119.<\/p>\n\n\n\n<p>Ka\u017cdy z bog\u00f3w ods\u0142ania\u0142 przed towarzyszami karty swojej historii,&nbsp; zapiski wyczyn\u00f3w, a niekt\u00f3rzy nawet uchybili r\u0105bka skrywanych tajemnic.<\/p>\n\n\n\n<p>&nbsp;&nbsp; &nbsp; &nbsp; &nbsp; &nbsp; Zapraszamy do obejrzenia galerii zdj\u0119\u0107 naszych bog\u00f3w greckich.<\/p>\n\n\n\n<p>Nauczyciele j\u0119zyka polskiego<\/p>\n\n\n\n<p>Mariola Str\u00f3zik<\/p>\n\n\n\n<p>Iwona M\u0142ynarczyk-Halicka<\/p>\n\n\n\n<figure class=\"wp-block-gallery has-nested-images columns-default is-cropped wp-block-gallery-1 is-layout-flex wp-block-gallery-is-layout-flex\">\n<figure class=\"wp-block-image size-large\"><img loading=\"lazy\" decoding=\"async\" width=\"1200\" height=\"900\" data-id=\"41243\" src=\"https:\/\/sp1.kielce.eu\/wp-content\/uploads\/2026\/03\/20260225_103410-1200x900.jpg\" alt=\"\" class=\"wp-image-41243\" srcset=\"https:\/\/sp1.kielce.eu\/wp-content\/uploads\/2026\/03\/20260225_103410-1200x900.jpg 1200w, https:\/\/sp1.kielce.eu\/wp-content\/uploads\/2026\/03\/20260225_103410-300x225.jpg 300w, https:\/\/sp1.kielce.eu\/wp-content\/uploads\/2026\/03\/20260225_103410-768x576.jpg 768w, https:\/\/sp1.kielce.eu\/wp-content\/uploads\/2026\/03\/20260225_103410-820x615.jpg 820w, https:\/\/sp1.kielce.eu\/wp-content\/uploads\/2026\/03\/20260225_103410.jpg 1280w\" sizes=\"auto, (max-width: 1200px) 100vw, 1200px\" \/><\/figure>\n\n\n\n<figure class=\"wp-block-image size-large\"><img loading=\"lazy\" decoding=\"async\" width=\"480\" height=\"360\" data-id=\"41242\" src=\"https:\/\/sp1.kielce.eu\/wp-content\/uploads\/2026\/03\/IMG_9270.jpg\" alt=\"\" class=\"wp-image-41242\" srcset=\"https:\/\/sp1.kielce.eu\/wp-content\/uploads\/2026\/03\/IMG_9270.jpg 480w, https:\/\/sp1.kielce.eu\/wp-content\/uploads\/2026\/03\/IMG_9270-300x225.jpg 300w\" sizes=\"auto, (max-width: 480px) 100vw, 480px\" \/><\/figure>\n\n\n\n<figure class=\"wp-block-image size-large\"><img loading=\"lazy\" decoding=\"async\" width=\"1024\" height=\"576\" data-id=\"41244\" src=\"https:\/\/sp1.kielce.eu\/wp-content\/uploads\/2026\/03\/IMG_9278.jpg\" alt=\"\" class=\"wp-image-41244\" srcset=\"https:\/\/sp1.kielce.eu\/wp-content\/uploads\/2026\/03\/IMG_9278.jpg 1024w, https:\/\/sp1.kielce.eu\/wp-content\/uploads\/2026\/03\/IMG_9278-300x169.jpg 300w, https:\/\/sp1.kielce.eu\/wp-content\/uploads\/2026\/03\/IMG_9278-768x432.jpg 768w, https:\/\/sp1.kielce.eu\/wp-content\/uploads\/2026\/03\/IMG_9278-820x461.jpg 820w\" sizes=\"auto, (max-width: 1024px) 100vw, 1024px\" \/><\/figure>\n<\/figure>\n","protected":false},"excerpt":{"rendered":"<p>W zwi\u0105zku z tegorocznymi obchodami Tygodnia Kultury Antycznej pi\u0105toklasi\u015bci na lekcjach j\u0119zyka polskiego przenie\u015bli si\u0119 [&hellip;]<\/p>\n","protected":false},"author":5,"featured_media":41243,"comment_status":"closed","ping_status":"","sticky":false,"template":"","format":"standard","meta":{"footnotes":""},"categories":[36],"tags":[],"class_list":["post-41241","post","type-post","status-publish","format-standard","has-post-thumbnail","hentry","category-wydarzenia"],"_links":{"self":[{"href":"https:\/\/sp1.kielce.eu\/index.php\/wp-json\/wp\/v2\/posts\/41241","targetHints":{"allow":["GET"]}}],"collection":[{"href":"https:\/\/sp1.kielce.eu\/index.php\/wp-json\/wp\/v2\/posts"}],"about":[{"href":"https:\/\/sp1.kielce.eu\/index.php\/wp-json\/wp\/v2\/types\/post"}],"author":[{"embeddable":true,"href":"https:\/\/sp1.kielce.eu\/index.php\/wp-json\/wp\/v2\/users\/5"}],"replies":[{"embeddable":true,"href":"https:\/\/sp1.kielce.eu\/index.php\/wp-json\/wp\/v2\/comments?post=41241"}],"version-history":[{"count":1,"href":"https:\/\/sp1.kielce.eu\/index.php\/wp-json\/wp\/v2\/posts\/41241\/revisions"}],"predecessor-version":[{"id":41245,"href":"https:\/\/sp1.kielce.eu\/index.php\/wp-json\/wp\/v2\/posts\/41241\/revisions\/41245"}],"wp:featuredmedia":[{"embeddable":true,"href":"https:\/\/sp1.kielce.eu\/index.php\/wp-json\/wp\/v2\/media\/41243"}],"wp:attachment":[{"href":"https:\/\/sp1.kielce.eu\/index.php\/wp-json\/wp\/v2\/media?parent=41241"}],"wp:term":[{"taxonomy":"category","embeddable":true,"href":"https:\/\/sp1.kielce.eu\/index.php\/wp-json\/wp\/v2\/categories?post=41241"},{"taxonomy":"post_tag","embeddable":true,"href":"https:\/\/sp1.kielce.eu\/index.php\/wp-json\/wp\/v2\/tags?post=41241"}],"curies":[{"name":"wp","href":"https:\/\/api.w.org\/{rel}","templated":true}]}}