{"id":41160,"date":"2026-03-03T22:16:24","date_gmt":"2026-03-03T21:16:24","guid":{"rendered":"https:\/\/sp1.kielce.eu\/?p=41160"},"modified":"2026-03-04T10:25:45","modified_gmt":"2026-03-04T09:25:45","slug":"i-miedzyswietlicowy-konkurs-wokalny-zimowe-melodie","status":"publish","type":"post","link":"https:\/\/sp1.kielce.eu\/index.php\/2026\/03\/03\/i-miedzyswietlicowy-konkurs-wokalny-zimowe-melodie\/","title":{"rendered":"I Mi\u0119dzy\u015bwietlicowy Konkurs Wokalny &#8222;Zimowe Melodie&#8221;"},"content":{"rendered":"\n<p>Dnia 24 lutego odby\u0142 si\u0119 I Mi\u0119dzy\u015bwietlicowy Konkurs Wokalny \u201eZimowe Melodie\u201d, kt\u00f3ry zgromadzi\u0142 m\u0142odych mi\u0142o\u015bnik\u00f3w \u015bpiewu z r\u00f3\u017cnych \u015bwietlic. Wydarzenie mia\u0142o na celu rozwijanie talent\u00f3w muzycznych dzieci, integracj\u0119 uczestnik\u00f3w oraz wsp\u00f3lne celebrowanie zimowej atmosfery poprzez muzyk\u0119.<br><br>Konkurs cieszy\u0142 si\u0119 du\u017cym zainteresowaniem \u2013 w kategorii solista wyst\u0105pi\u0142o 14 uczestnik\u00f3w, natomiast w kategorii duety zaprezentowa\u0142o si\u0119 12 zespo\u0142\u00f3w. M\u0142odzi arty\u015bci przedstawili r\u00f3\u017cnorodny repertuar, wykazuj\u0105c si\u0119 odwag\u0105 sceniczn\u0105, wra\u017cliwo\u015bci\u0105 muzyczn\u0105 i du\u017cym zaanga\u017cowaniem.<br><br>Wyst\u0119py ocenia\u0142o jury z\u0142o\u017cone z wa\u017cnych osobisto\u015bci:<\/p>\n\n\n\n<p>-Pani Monika Kozak Wojciechowska- pianista dyrygent, wokalistka, wieloletni wyk\u0142adowca UJK i nauczyciel Zespo\u0142u Pa\u0144stwowych Szk\u00f3\u0142 Muzycznych w Kielcach;<\/p>\n\n\n\n<p>-Pani Anna Grochulska- wyk\u0142adowca w Instytucie Muzyki UJK, uhonorowana medalem Komisji Edukacji Narodowej, specjalistka w dziedzinie rytmiki, tak\u017ce nauczyciel Zespo\u0142u Pa\u0144stwowych Szk\u00f3\u0142 Muzycznych w Kielcach;<\/p>\n\n\n\n<p>-Pan Piotr \u2013 Bogus\u0142aw J\u0119drzejczak- Dyrektor Teatru Lalki i Aktora \u201eKubu\u015b\u201d im. Stefana Karskiego w Kielcach, re\u017cyser teatralny, a tak\u017ce kulturoznawca, teatrolog i psycholog.<\/p>\n\n\n\n<p>Jury z uznaniem podkre\u015bla\u0142o wysoki poziom artystyczny prezentacji oraz ogrom pracy w\u0142o\u017cony w przygotowania. Po burzliwych naradach wy\u0142oniono laureat\u00f3w, jednak wszyscy uczestnicy zas\u0142u\u017cyli na s\u0142owa uznania i gromkie brawa publiczno\u015bci.<\/p>\n\n\n\n<p>&nbsp;W kategorii solista jury nagrodzi\u0142o:<\/p>\n\n\n\n<p>I miejsce- Hanna Stolarczyk ze Szko\u0142y Podstawowej nr 1 w Kielcach<\/p>\n\n\n\n<p>II miejsce- Hanna Latosi\u0144ska ze Szko\u0142y Podstawowej nr 9 w Kielcach<\/p>\n\n\n\n<p>III miejsce- Karolina Mularczyk ze Szko\u0142y Podstawowej nr 15 w Kielcach<\/p>\n\n\n\n<p>Wyr\u00f3\u017cnienia- Aleksandra Biela ze Szko\u0142y Podstawowej nr 34 w Kielcach<\/p>\n\n\n\n<p>&nbsp;&nbsp;&nbsp;&nbsp;&nbsp;&nbsp;&nbsp;&nbsp;&nbsp;&nbsp;&nbsp;&nbsp;&nbsp;&nbsp;&nbsp;&nbsp;&nbsp;&nbsp;&nbsp;&nbsp;&nbsp;&nbsp;&nbsp; Liliana Bugajska ze Szko\u0142y Podstawowej nr 39 w Kielcach<\/p>\n\n\n\n<p><br>&nbsp;W kategorii duety jury nagrodzi\u0142o:<\/p>\n\n\n\n<p>I miejsce-&nbsp; Oliwia \u0141yczek i Antonina Rojewska ze Szko\u0142y Podstawowej nr 25 w Kielcach<\/p>\n\n\n\n<p>II miejsce- Marika Borek i Liliana Zatorska ze Szko\u0142y Podstawowej nr 24 w Kielcach<\/p>\n\n\n\n<p>III miejsce-&nbsp; Emilia Filipczak i Oliwia Kania ze Szko\u0142y Podstawowej nr 1 w Kielcach<\/p>\n\n\n\n<p>Wyr\u00f3\u017cnienia- Dominika Salwa i Barbara Siuta z Akademickiej Szko\u0142y Podstawowej w Kielcach<\/p>\n\n\n\n<p>&nbsp;&nbsp;&nbsp;&nbsp;&nbsp;&nbsp;&nbsp;&nbsp;&nbsp;&nbsp;&nbsp;&nbsp;&nbsp;&nbsp;&nbsp;&nbsp;&nbsp;&nbsp;&nbsp;&nbsp;&nbsp;&nbsp;&nbsp; Natalia Budzisz i Aleksandra Kot&nbsp; ze Szko\u0142y Podstawowej w Kajetanowie<\/p>\n\n\n\n<p><br>Uroczysto\u015b\u0107 u\u015bwietni\u0142y wyst\u0119py uczni\u00f3w z naszej szko\u0142y. Uczennice z Artystycznych Form Ruchu pod kierunkiem Pani nauczyciel Ewy Nowak i Pani wicedyrektor Marty Wi\u0119ckowskiej zaprezentowa\u0142y uk\u0142ad taneczny pt. \u201eLast Christmas\u201d, wprowadzaj\u0105c publiczno\u015b\u0107 w radosny, \u015bwi\u0105teczny nastr\u00f3j. Zaprezentowano utw\u00f3r \u201eZima\u201d w wykonaniu uczennic klas czwartych pod batut\u0105 Pani Marii Litwinek. Na scenie zaprezentowa\u0142 si\u0119 r\u00f3wnie\u017c Adam Wolanin, kt\u00f3ry wykona\u0142 dwa utwory: \u201eWalc\u201d z operetki \u201eBaron cyga\u0144ski\u201d Johanna Straussa, jak i melodi\u0119 hiszpa\u0144sk\u0105 \u201eLa cucaracha\u201d.<\/p>\n\n\n\n<p>Konkurs nie m\u00f3g\u0142by si\u0119 odby\u0107, gdyby nie nasi sponsorzy:<\/p>\n\n\n\n<p>&#8211; Teatr&nbsp; Lalki i Aktora \u201eKubu\u015b\u201d im. Stefana Karskiego w Kielcach,<\/p>\n\n\n\n<p>&#8211; Kino Helios,<\/p>\n\n\n\n<p>&#8211; Park Trampolin Happy Jumper,<\/p>\n\n\n\n<p>&#8211; JP Studio Drukarnia,<\/p>\n\n\n\n<p>&#8211; Rada Rodzic\u00f3w przy Szkole Podstawowej nr 1 w Kielcach,<\/p>\n\n\n\n<p>&#8211; Piekarnia \u2013 Cukiernia u Koz\u0142owskich<\/p>\n\n\n\n<p>&#8211; Instytut Pami\u0119ci Narodowej \u201ePrzystanek Historia\u201d w Kielcach.<\/p>\n\n\n\n<p>Dzi\u0119kujemy r\u00f3wnie\u017c Pani Prezydent Miasta Kielce Pani Agacie Wojdzie za obj\u0119cie patronatem honorowym naszego wydarzenia.<\/p>\n\n\n\n<p><br>Konkurs przebieg\u0142 w serdecznej i pe\u0142nej entuzjazmu atmosferze i z pewno\u015bci\u0105 na d\u0142ugo pozostanie w pami\u0119ci zar\u00f3wno uczestnik\u00f3w, jak i organizator\u00f3w. Wyra\u017camy nadziej\u0119, \u017ce wydarzenie to na sta\u0142e wpisze si\u0119 w kalendarz \u015bwietlicowych inicjatyw artystycznych.<\/p>\n\n\n\n<p>Serdeczne podzi\u0119kowania sk\u0142adamy osobom odpowiedzialnym za to wydarzenie: Pani Patrycji Dudzie, Pani Marii Litwinek, Pani Wiolecie Bernackiej i Pani Ma\u0142gorzacie Wojciechowskiej, a&nbsp; tak\u017ce &nbsp;Pani Dyrektor Beacie Rozparze oraz Pani Wicedyrektor Marcie Wi\u0119ckowskiej\u2013 za nieocenione wsparcie i opiek\u0119 nad ca\u0142ym przedsi\u0119wzi\u0119ciem.<\/p>\n\n\n\n<p>Klaudia Gola<\/p>\n\n\n\n<p class=\"has-text-align-right\">Kierownik \u015bwietlicy szkolnej<\/p>\n\n\n\n<figure class=\"wp-block-gallery has-nested-images columns-4 is-cropped wp-block-gallery-1 is-layout-flex wp-block-gallery-is-layout-flex\">\n<figure class=\"wp-block-image size-large\"><img loading=\"lazy\" decoding=\"async\" width=\"1200\" height=\"675\" data-id=\"41161\" src=\"https:\/\/sp1.kielce.eu\/wp-content\/uploads\/2026\/03\/z1-Copy.jpeg\" alt=\"\" class=\"wp-image-41161\" srcset=\"https:\/\/sp1.kielce.eu\/wp-content\/uploads\/2026\/03\/z1-Copy.jpeg 1200w, https:\/\/sp1.kielce.eu\/wp-content\/uploads\/2026\/03\/z1-Copy-300x169.jpeg 300w, https:\/\/sp1.kielce.eu\/wp-content\/uploads\/2026\/03\/z1-Copy-768x432.jpeg 768w, https:\/\/sp1.kielce.eu\/wp-content\/uploads\/2026\/03\/z1-Copy-820x461.jpeg 820w\" sizes=\"auto, (max-width: 1200px) 100vw, 1200px\" \/><\/figure>\n\n\n\n<figure class=\"wp-block-image size-large\"><img loading=\"lazy\" decoding=\"async\" width=\"1200\" height=\"675\" data-id=\"41163\" src=\"https:\/\/sp1.kielce.eu\/wp-content\/uploads\/2026\/03\/z2-Copy.jpeg\" alt=\"\" class=\"wp-image-41163\" srcset=\"https:\/\/sp1.kielce.eu\/wp-content\/uploads\/2026\/03\/z2-Copy.jpeg 1200w, https:\/\/sp1.kielce.eu\/wp-content\/uploads\/2026\/03\/z2-Copy-300x169.jpeg 300w, https:\/\/sp1.kielce.eu\/wp-content\/uploads\/2026\/03\/z2-Copy-768x432.jpeg 768w, https:\/\/sp1.kielce.eu\/wp-content\/uploads\/2026\/03\/z2-Copy-820x461.jpeg 820w\" sizes=\"auto, (max-width: 1200px) 100vw, 1200px\" \/><\/figure>\n\n\n\n<figure class=\"wp-block-image size-large\"><img loading=\"lazy\" decoding=\"async\" width=\"720\" height=\"900\" data-id=\"41164\" src=\"https:\/\/sp1.kielce.eu\/wp-content\/uploads\/2026\/03\/z5-Copy.jpeg\" alt=\"\" class=\"wp-image-41164\" srcset=\"https:\/\/sp1.kielce.eu\/wp-content\/uploads\/2026\/03\/z5-Copy.jpeg 720w, https:\/\/sp1.kielce.eu\/wp-content\/uploads\/2026\/03\/z5-Copy-240x300.jpeg 240w\" sizes=\"auto, (max-width: 720px) 100vw, 720px\" \/><\/figure>\n<\/figure>\n","protected":false},"excerpt":{"rendered":"<p>Dnia 24 lutego odby\u0142 si\u0119 I Mi\u0119dzy\u015bwietlicowy Konkurs Wokalny \u201eZimowe Melodie\u201d, kt\u00f3ry zgromadzi\u0142 m\u0142odych mi\u0142o\u015bnik\u00f3w [&hellip;]<\/p>\n","protected":false},"author":13,"featured_media":41165,"comment_status":"closed","ping_status":"","sticky":false,"template":"","format":"standard","meta":{"footnotes":""},"categories":[25],"tags":[],"class_list":["post-41160","post","type-post","status-publish","format-standard","has-post-thumbnail","hentry","category-swietlica"],"_links":{"self":[{"href":"https:\/\/sp1.kielce.eu\/index.php\/wp-json\/wp\/v2\/posts\/41160","targetHints":{"allow":["GET"]}}],"collection":[{"href":"https:\/\/sp1.kielce.eu\/index.php\/wp-json\/wp\/v2\/posts"}],"about":[{"href":"https:\/\/sp1.kielce.eu\/index.php\/wp-json\/wp\/v2\/types\/post"}],"author":[{"embeddable":true,"href":"https:\/\/sp1.kielce.eu\/index.php\/wp-json\/wp\/v2\/users\/13"}],"replies":[{"embeddable":true,"href":"https:\/\/sp1.kielce.eu\/index.php\/wp-json\/wp\/v2\/comments?post=41160"}],"version-history":[{"count":2,"href":"https:\/\/sp1.kielce.eu\/index.php\/wp-json\/wp\/v2\/posts\/41160\/revisions"}],"predecessor-version":[{"id":41173,"href":"https:\/\/sp1.kielce.eu\/index.php\/wp-json\/wp\/v2\/posts\/41160\/revisions\/41173"}],"wp:featuredmedia":[{"embeddable":true,"href":"https:\/\/sp1.kielce.eu\/index.php\/wp-json\/wp\/v2\/media\/41165"}],"wp:attachment":[{"href":"https:\/\/sp1.kielce.eu\/index.php\/wp-json\/wp\/v2\/media?parent=41160"}],"wp:term":[{"taxonomy":"category","embeddable":true,"href":"https:\/\/sp1.kielce.eu\/index.php\/wp-json\/wp\/v2\/categories?post=41160"},{"taxonomy":"post_tag","embeddable":true,"href":"https:\/\/sp1.kielce.eu\/index.php\/wp-json\/wp\/v2\/tags?post=41160"}],"curies":[{"name":"wp","href":"https:\/\/api.w.org\/{rel}","templated":true}]}}