{"id":41153,"date":"2026-03-03T22:05:04","date_gmt":"2026-03-03T21:05:04","guid":{"rendered":"https:\/\/sp1.kielce.eu\/?p=41153"},"modified":"2026-03-03T22:05:04","modified_gmt":"2026-03-03T21:05:04","slug":"dzien-dinozaura","status":"publish","type":"post","link":"https:\/\/sp1.kielce.eu\/index.php\/2026\/03\/03\/dzien-dinozaura\/","title":{"rendered":"Dzie\u0144 Dinozaura"},"content":{"rendered":"\n<p>W czwartek w naszej \u015bwietlicy \u015bwi\u0119towali\u015bmy Dzie\u0144 Dinozaura \ud83e\udd96<br>Podczas zaj\u0119\u0107 rozmawiali\u015bmy o prehistorycznych gadach \u2013 dzieci dowiedzia\u0142y si\u0119, kiedy \u017cy\u0142y dinozaury, czym si\u0119 \u017cywi\u0142y oraz dlaczego wygin\u0119\u0142y. Nie zabrak\u0142o ciekawostek i wsp\u00f3lnego dzielenia si\u0119 wiedz\u0105. W cz\u0119\u015bci plastycznej ka\u017cde dziecko wykona\u0142o w\u0142asn\u0105 opask\u0119 na g\u0142ow\u0119 z dinozaurem. By\u0142o kolorowo, kreatywnie i bardzo rado\u015bnie! Powsta\u0142y wyj\u0105tkowe prace, kt\u00f3re z dum\u0105 prezentowali\u015bmy na koniec zaj\u0119\u0107. To by\u0142 dzie\u0144 pe\u0142en zabawy, nauki i tw\u00f3rczej energii \ud83e\udd95<\/p>\n\n\n\n<p class=\"has-text-align-right\">Zesp\u00f3\u0142 \u015bwietlicy szkolnej<\/p>\n\n\n\n<figure class=\"wp-block-gallery has-nested-images columns-4 is-cropped wp-block-gallery-1 is-layout-flex wp-block-gallery-is-layout-flex\">\n<figure class=\"wp-block-image size-large\"><img loading=\"lazy\" decoding=\"async\" width=\"675\" height=\"900\" data-id=\"41157\" src=\"https:\/\/sp1.kielce.eu\/wp-content\/uploads\/2026\/03\/d1-Copy.jpeg\" alt=\"\" class=\"wp-image-41157\" srcset=\"https:\/\/sp1.kielce.eu\/wp-content\/uploads\/2026\/03\/d1-Copy.jpeg 675w, https:\/\/sp1.kielce.eu\/wp-content\/uploads\/2026\/03\/d1-Copy-225x300.jpeg 225w\" sizes=\"auto, (max-width: 675px) 100vw, 675px\" \/><\/figure>\n\n\n\n<figure class=\"wp-block-image size-large\"><img loading=\"lazy\" decoding=\"async\" width=\"675\" height=\"900\" data-id=\"41154\" src=\"https:\/\/sp1.kielce.eu\/wp-content\/uploads\/2026\/03\/d2-Copy.jpeg\" alt=\"\" class=\"wp-image-41154\" srcset=\"https:\/\/sp1.kielce.eu\/wp-content\/uploads\/2026\/03\/d2-Copy.jpeg 675w, https:\/\/sp1.kielce.eu\/wp-content\/uploads\/2026\/03\/d2-Copy-225x300.jpeg 225w\" sizes=\"auto, (max-width: 675px) 100vw, 675px\" \/><\/figure>\n\n\n\n<figure class=\"wp-block-image size-large\"><img loading=\"lazy\" decoding=\"async\" width=\"675\" height=\"900\" data-id=\"41155\" src=\"https:\/\/sp1.kielce.eu\/wp-content\/uploads\/2026\/03\/d3-Copy.jpeg\" alt=\"\" class=\"wp-image-41155\" srcset=\"https:\/\/sp1.kielce.eu\/wp-content\/uploads\/2026\/03\/d3-Copy.jpeg 675w, https:\/\/sp1.kielce.eu\/wp-content\/uploads\/2026\/03\/d3-Copy-225x300.jpeg 225w\" sizes=\"auto, (max-width: 675px) 100vw, 675px\" \/><\/figure>\n\n\n\n<figure class=\"wp-block-image size-large\"><img loading=\"lazy\" decoding=\"async\" width=\"675\" height=\"900\" data-id=\"41156\" src=\"https:\/\/sp1.kielce.eu\/wp-content\/uploads\/2026\/03\/d4-Copy.jpeg\" alt=\"\" class=\"wp-image-41156\" srcset=\"https:\/\/sp1.kielce.eu\/wp-content\/uploads\/2026\/03\/d4-Copy.jpeg 675w, https:\/\/sp1.kielce.eu\/wp-content\/uploads\/2026\/03\/d4-Copy-225x300.jpeg 225w\" sizes=\"auto, (max-width: 675px) 100vw, 675px\" \/><\/figure>\n<\/figure>\n","protected":false},"excerpt":{"rendered":"<p>W czwartek w naszej \u015bwietlicy \u015bwi\u0119towali\u015bmy Dzie\u0144 Dinozaura \ud83e\udd96Podczas zaj\u0119\u0107 rozmawiali\u015bmy o prehistorycznych gadach \u2013 [&hellip;]<\/p>\n","protected":false},"author":13,"featured_media":41158,"comment_status":"closed","ping_status":"","sticky":false,"template":"","format":"standard","meta":{"footnotes":""},"categories":[25],"tags":[],"class_list":["post-41153","post","type-post","status-publish","format-standard","has-post-thumbnail","hentry","category-swietlica"],"_links":{"self":[{"href":"https:\/\/sp1.kielce.eu\/index.php\/wp-json\/wp\/v2\/posts\/41153","targetHints":{"allow":["GET"]}}],"collection":[{"href":"https:\/\/sp1.kielce.eu\/index.php\/wp-json\/wp\/v2\/posts"}],"about":[{"href":"https:\/\/sp1.kielce.eu\/index.php\/wp-json\/wp\/v2\/types\/post"}],"author":[{"embeddable":true,"href":"https:\/\/sp1.kielce.eu\/index.php\/wp-json\/wp\/v2\/users\/13"}],"replies":[{"embeddable":true,"href":"https:\/\/sp1.kielce.eu\/index.php\/wp-json\/wp\/v2\/comments?post=41153"}],"version-history":[{"count":1,"href":"https:\/\/sp1.kielce.eu\/index.php\/wp-json\/wp\/v2\/posts\/41153\/revisions"}],"predecessor-version":[{"id":41159,"href":"https:\/\/sp1.kielce.eu\/index.php\/wp-json\/wp\/v2\/posts\/41153\/revisions\/41159"}],"wp:featuredmedia":[{"embeddable":true,"href":"https:\/\/sp1.kielce.eu\/index.php\/wp-json\/wp\/v2\/media\/41158"}],"wp:attachment":[{"href":"https:\/\/sp1.kielce.eu\/index.php\/wp-json\/wp\/v2\/media?parent=41153"}],"wp:term":[{"taxonomy":"category","embeddable":true,"href":"https:\/\/sp1.kielce.eu\/index.php\/wp-json\/wp\/v2\/categories?post=41153"},{"taxonomy":"post_tag","embeddable":true,"href":"https:\/\/sp1.kielce.eu\/index.php\/wp-json\/wp\/v2\/tags?post=41153"}],"curies":[{"name":"wp","href":"https:\/\/api.w.org\/{rel}","templated":true}]}}