{"id":39792,"date":"2025-10-10T08:20:56","date_gmt":"2025-10-10T06:20:56","guid":{"rendered":"https:\/\/sp1.kielce.eu\/?p=39792"},"modified":"2025-10-16T08:24:06","modified_gmt":"2025-10-16T06:24:06","slug":"tydzien-o-przeciwdzialaniu-przemocy-rowiesniczej","status":"publish","type":"post","link":"https:\/\/sp1.kielce.eu\/index.php\/2025\/10\/10\/tydzien-o-przeciwdzialaniu-przemocy-rowiesniczej\/","title":{"rendered":"Tydzie\u0144 o Przeciwdzia\u0142aniu Przemocy R\u00f3wie\u015bniczej"},"content":{"rendered":"\n<p>W dniach&nbsp;od 29 wrze\u015bnia do 3 pa\u017adziernika 2025 r. w naszej plac\u00f3wce realizowana by\u0142a<\/p>\n\n\n\n<p>inicjatywa Ministerstwa Edukacji Narodowej &#8211; Tydzie\u0144 o Przeciwdzia\u0142aniu Przemocy R\u00f3wie\u015bniczej 2025. Wychowawcy klas i specjali\u015bci podczas zaj\u0119\u0107 z uczniami podejmowali tematy przemocy r\u00f3wie\u015bniczej \u2013 fizycznej, psychicznej oraz cyberprzemocy. Udzielali wskaz\u00f3wek, jak reagowa\u0107 i gdzie szuka\u0107 pomocy. Do dzia\u0142a\u0144 w\u0142\u0105czy\u0142a si\u0119 biblioteka szkolna, kt\u00f3ra przygotowa\u0142a wystaw\u0119 ksi\u0105\u017cek.<\/p>\n\n\n\n<p>Tydzie\u0144 zako\u0144czyli\u015bmy budowaniem wzajemnej \u017cyczliwo\u015bci \u2013 losowaniem karteczek&nbsp; &nbsp; &nbsp; &nbsp; &nbsp; &nbsp; &nbsp; z sentencjami dotycz\u0105cymi szacunku i gest\u00f3w \u017cyczliwo\u015bci.<\/p>\n\n\n\n<p>Beata Smag\u00f3r \u2013 pedagog<\/p>\n\n\n\n<p>Anna Pilkiewicz \u2013 psycholog&nbsp;<\/p>\n\n\n\n<p>Barbara Jaworska \u2013 pedagog specjalny<\/p>\n\n\n\n<p>Renata Kozie\u0142, Albert Lewandowski \u2013 &nbsp; &nbsp; nauczyciele bibliotekarze<\/p>\n\n\n\n<figure class=\"wp-block-gallery has-nested-images columns-default is-cropped wp-block-gallery-1 is-layout-flex wp-block-gallery-is-layout-flex\">\n<figure class=\"wp-block-image size-large\"><img loading=\"lazy\" decoding=\"async\" width=\"1195\" height=\"900\" data-id=\"39796\" src=\"https:\/\/sp1.kielce.eu\/wp-content\/uploads\/2025\/10\/IMG_20251003_091914927-1195x900.jpg\" alt=\"\" class=\"wp-image-39796\" srcset=\"https:\/\/sp1.kielce.eu\/wp-content\/uploads\/2025\/10\/IMG_20251003_091914927-1195x900.jpg 1195w, https:\/\/sp1.kielce.eu\/wp-content\/uploads\/2025\/10\/IMG_20251003_091914927-300x226.jpg 300w, https:\/\/sp1.kielce.eu\/wp-content\/uploads\/2025\/10\/IMG_20251003_091914927-768x578.jpg 768w, https:\/\/sp1.kielce.eu\/wp-content\/uploads\/2025\/10\/IMG_20251003_091914927-820x618.jpg 820w, https:\/\/sp1.kielce.eu\/wp-content\/uploads\/2025\/10\/IMG_20251003_091914927.jpg 1280w\" sizes=\"auto, (max-width: 1195px) 100vw, 1195px\" \/><\/figure>\n\n\n\n<figure class=\"wp-block-image size-large\"><img loading=\"lazy\" decoding=\"async\" width=\"1195\" height=\"900\" data-id=\"39798\" src=\"https:\/\/sp1.kielce.eu\/wp-content\/uploads\/2025\/10\/IMG_20251003_091918777-1195x900.jpg\" alt=\"\" class=\"wp-image-39798\" srcset=\"https:\/\/sp1.kielce.eu\/wp-content\/uploads\/2025\/10\/IMG_20251003_091918777-1195x900.jpg 1195w, https:\/\/sp1.kielce.eu\/wp-content\/uploads\/2025\/10\/IMG_20251003_091918777-300x226.jpg 300w, https:\/\/sp1.kielce.eu\/wp-content\/uploads\/2025\/10\/IMG_20251003_091918777-768x578.jpg 768w, https:\/\/sp1.kielce.eu\/wp-content\/uploads\/2025\/10\/IMG_20251003_091918777-820x618.jpg 820w, https:\/\/sp1.kielce.eu\/wp-content\/uploads\/2025\/10\/IMG_20251003_091918777.jpg 1280w\" sizes=\"auto, (max-width: 1195px) 100vw, 1195px\" \/><\/figure>\n\n\n\n<figure class=\"wp-block-image size-large\"><img loading=\"lazy\" decoding=\"async\" width=\"1195\" height=\"900\" data-id=\"39797\" src=\"https:\/\/sp1.kielce.eu\/wp-content\/uploads\/2025\/10\/IMG_20251003_111826130_HDR-1195x900.jpg\" alt=\"\" class=\"wp-image-39797\" srcset=\"https:\/\/sp1.kielce.eu\/wp-content\/uploads\/2025\/10\/IMG_20251003_111826130_HDR-1195x900.jpg 1195w, https:\/\/sp1.kielce.eu\/wp-content\/uploads\/2025\/10\/IMG_20251003_111826130_HDR-300x226.jpg 300w, https:\/\/sp1.kielce.eu\/wp-content\/uploads\/2025\/10\/IMG_20251003_111826130_HDR-768x578.jpg 768w, https:\/\/sp1.kielce.eu\/wp-content\/uploads\/2025\/10\/IMG_20251003_111826130_HDR-820x618.jpg 820w, https:\/\/sp1.kielce.eu\/wp-content\/uploads\/2025\/10\/IMG_20251003_111826130_HDR.jpg 1280w\" sizes=\"auto, (max-width: 1195px) 100vw, 1195px\" \/><\/figure>\n\n\n\n<figure class=\"wp-block-image size-large\"><img loading=\"lazy\" decoding=\"async\" width=\"564\" height=\"423\" data-id=\"39793\" src=\"https:\/\/sp1.kielce.eu\/wp-content\/uploads\/2025\/10\/IMG_20251009_132724.jpg\" alt=\"\" class=\"wp-image-39793\" srcset=\"https:\/\/sp1.kielce.eu\/wp-content\/uploads\/2025\/10\/IMG_20251009_132724.jpg 564w, https:\/\/sp1.kielce.eu\/wp-content\/uploads\/2025\/10\/IMG_20251009_132724-300x225.jpg 300w\" sizes=\"auto, (max-width: 564px) 100vw, 564px\" \/><\/figure>\n\n\n\n<figure class=\"wp-block-image size-large\"><img loading=\"lazy\" decoding=\"async\" width=\"599\" height=\"799\" data-id=\"39795\" src=\"https:\/\/sp1.kielce.eu\/wp-content\/uploads\/2025\/10\/IMG_20251009_132734.jpg\" alt=\"\" class=\"wp-image-39795\" srcset=\"https:\/\/sp1.kielce.eu\/wp-content\/uploads\/2025\/10\/IMG_20251009_132734.jpg 599w, https:\/\/sp1.kielce.eu\/wp-content\/uploads\/2025\/10\/IMG_20251009_132734-225x300.jpg 225w\" sizes=\"auto, (max-width: 599px) 100vw, 599px\" \/><\/figure>\n\n\n\n<figure class=\"wp-block-image size-large\"><img loading=\"lazy\" decoding=\"async\" width=\"564\" height=\"423\" data-id=\"39794\" src=\"https:\/\/sp1.kielce.eu\/wp-content\/uploads\/2025\/10\/IMG_20251009_132947.jpg\" alt=\"\" class=\"wp-image-39794\" srcset=\"https:\/\/sp1.kielce.eu\/wp-content\/uploads\/2025\/10\/IMG_20251009_132947.jpg 564w, https:\/\/sp1.kielce.eu\/wp-content\/uploads\/2025\/10\/IMG_20251009_132947-300x225.jpg 300w\" sizes=\"auto, (max-width: 564px) 100vw, 564px\" \/><\/figure>\n<\/figure>\n","protected":false},"excerpt":{"rendered":"<p>W dniach&nbsp;od 29 wrze\u015bnia do 3 pa\u017adziernika 2025 r. w naszej plac\u00f3wce realizowana by\u0142a inicjatywa [&hellip;]<\/p>\n","protected":false},"author":5,"featured_media":39799,"comment_status":"closed","ping_status":"","sticky":false,"template":"","format":"standard","meta":{"footnotes":""},"categories":[36],"tags":[],"class_list":["post-39792","post","type-post","status-publish","format-standard","has-post-thumbnail","hentry","category-wydarzenia"],"_links":{"self":[{"href":"https:\/\/sp1.kielce.eu\/index.php\/wp-json\/wp\/v2\/posts\/39792","targetHints":{"allow":["GET"]}}],"collection":[{"href":"https:\/\/sp1.kielce.eu\/index.php\/wp-json\/wp\/v2\/posts"}],"about":[{"href":"https:\/\/sp1.kielce.eu\/index.php\/wp-json\/wp\/v2\/types\/post"}],"author":[{"embeddable":true,"href":"https:\/\/sp1.kielce.eu\/index.php\/wp-json\/wp\/v2\/users\/5"}],"replies":[{"embeddable":true,"href":"https:\/\/sp1.kielce.eu\/index.php\/wp-json\/wp\/v2\/comments?post=39792"}],"version-history":[{"count":1,"href":"https:\/\/sp1.kielce.eu\/index.php\/wp-json\/wp\/v2\/posts\/39792\/revisions"}],"predecessor-version":[{"id":39800,"href":"https:\/\/sp1.kielce.eu\/index.php\/wp-json\/wp\/v2\/posts\/39792\/revisions\/39800"}],"wp:featuredmedia":[{"embeddable":true,"href":"https:\/\/sp1.kielce.eu\/index.php\/wp-json\/wp\/v2\/media\/39799"}],"wp:attachment":[{"href":"https:\/\/sp1.kielce.eu\/index.php\/wp-json\/wp\/v2\/media?parent=39792"}],"wp:term":[{"taxonomy":"category","embeddable":true,"href":"https:\/\/sp1.kielce.eu\/index.php\/wp-json\/wp\/v2\/categories?post=39792"},{"taxonomy":"post_tag","embeddable":true,"href":"https:\/\/sp1.kielce.eu\/index.php\/wp-json\/wp\/v2\/tags?post=39792"}],"curies":[{"name":"wp","href":"https:\/\/api.w.org\/{rel}","templated":true}]}}