{"id":39710,"date":"2025-10-10T20:08:28","date_gmt":"2025-10-10T18:08:28","guid":{"rendered":"https:\/\/sp1.kielce.eu\/?p=39710"},"modified":"2025-10-13T20:13:12","modified_gmt":"2025-10-13T18:13:12","slug":"uczniowie-z-2-a-z-wizyta-w-swiecie-slodyczy","status":"publish","type":"post","link":"https:\/\/sp1.kielce.eu\/index.php\/2025\/10\/10\/uczniowie-z-2-a-z-wizyta-w-swiecie-slodyczy\/","title":{"rendered":"Uczniowie z 2 a z wizyt\u0105 w \u015bwiecie s\u0142odyczy"},"content":{"rendered":"\n<p>Co prawda min\u0105\u0142 ju\u017c tydzie\u0144 od Dnia Ch\u0142opaka, ale s\u0142odycze zawsze smakuj\u0105 tak samo. Z tej okazji uczennice i uczniowie z klasy 2 a wybrali si\u0119 do manufaktury \u201eMagia karmelu\u201d w Kielcach. Nie my\u015blcie jednak, \u017ce zapomnieli o piramidzie zdrowego \u017cywienia. Sk\u0105d\u017ce! Dzieci dowiedzia\u0142y si\u0119, gdzie i jak rosn\u0105 nasiona kakao, z kt\u00f3rych powstaje od\u017cywcza, gorzka czekolada.  <br>Same \u201enafaszerowa\u0142y\u201d gor\u0105ce tabliczki zdrowymi owocami i po ostudzeniu, ju\u017c s\u0142odkie i tak pi\u0119knie kolorowe, zabra\u0142y ze sob\u0105. <br>Ta lekcja na d\u0142ugo pozostanie w ich pami\u0119ci.<\/p>\n\n\n\n<p class=\"has-text-align-right\">Wychowawca \u2013 Andrzej Pustu\u0142a<\/p>\n\n\n\n<figure class=\"wp-block-gallery has-nested-images columns-4 is-cropped wp-block-gallery-1 is-layout-flex wp-block-gallery-is-layout-flex\">\n<figure class=\"wp-block-image size-large\"><img loading=\"lazy\" decoding=\"async\" width=\"675\" height=\"900\" data-id=\"39711\" src=\"https:\/\/sp1.kielce.eu\/wp-content\/uploads\/2025\/10\/20251007_094144-Copy.jpg\" alt=\"\" class=\"wp-image-39711\" srcset=\"https:\/\/sp1.kielce.eu\/wp-content\/uploads\/2025\/10\/20251007_094144-Copy.jpg 675w, https:\/\/sp1.kielce.eu\/wp-content\/uploads\/2025\/10\/20251007_094144-Copy-225x300.jpg 225w\" sizes=\"auto, (max-width: 675px) 100vw, 675px\" \/><\/figure>\n\n\n\n<figure class=\"wp-block-image size-large\"><img loading=\"lazy\" decoding=\"async\" width=\"675\" height=\"900\" data-id=\"39714\" src=\"https:\/\/sp1.kielce.eu\/wp-content\/uploads\/2025\/10\/20251007_094152-Copy.jpg\" alt=\"\" class=\"wp-image-39714\" srcset=\"https:\/\/sp1.kielce.eu\/wp-content\/uploads\/2025\/10\/20251007_094152-Copy.jpg 675w, https:\/\/sp1.kielce.eu\/wp-content\/uploads\/2025\/10\/20251007_094152-Copy-225x300.jpg 225w\" sizes=\"auto, (max-width: 675px) 100vw, 675px\" \/><\/figure>\n\n\n\n<figure class=\"wp-block-image size-large\"><img loading=\"lazy\" decoding=\"async\" width=\"675\" height=\"900\" data-id=\"39713\" src=\"https:\/\/sp1.kielce.eu\/wp-content\/uploads\/2025\/10\/20251007_094249-Copy.jpg\" alt=\"\" class=\"wp-image-39713\" srcset=\"https:\/\/sp1.kielce.eu\/wp-content\/uploads\/2025\/10\/20251007_094249-Copy.jpg 675w, https:\/\/sp1.kielce.eu\/wp-content\/uploads\/2025\/10\/20251007_094249-Copy-225x300.jpg 225w\" sizes=\"auto, (max-width: 675px) 100vw, 675px\" \/><\/figure>\n\n\n\n<figure class=\"wp-block-image size-large\"><img loading=\"lazy\" decoding=\"async\" width=\"675\" height=\"900\" data-id=\"39712\" src=\"https:\/\/sp1.kielce.eu\/wp-content\/uploads\/2025\/10\/IMG_20251007_095134-Copy.jpg\" alt=\"\" class=\"wp-image-39712\" srcset=\"https:\/\/sp1.kielce.eu\/wp-content\/uploads\/2025\/10\/IMG_20251007_095134-Copy.jpg 675w, https:\/\/sp1.kielce.eu\/wp-content\/uploads\/2025\/10\/IMG_20251007_095134-Copy-225x300.jpg 225w\" sizes=\"auto, (max-width: 675px) 100vw, 675px\" \/><\/figure>\n<\/figure>\n","protected":false},"excerpt":{"rendered":"<p>Co prawda min\u0105\u0142 ju\u017c tydzie\u0144 od Dnia Ch\u0142opaka, ale s\u0142odycze zawsze smakuj\u0105 tak samo. Z [&hellip;]<\/p>\n","protected":false},"author":13,"featured_media":39715,"comment_status":"closed","ping_status":"","sticky":false,"template":"","format":"standard","meta":{"footnotes":""},"categories":[36,3],"tags":[],"class_list":["post-39710","post","type-post","status-publish","format-standard","has-post-thumbnail","hentry","category-wydarzenia","category-wycieczki"],"_links":{"self":[{"href":"https:\/\/sp1.kielce.eu\/index.php\/wp-json\/wp\/v2\/posts\/39710","targetHints":{"allow":["GET"]}}],"collection":[{"href":"https:\/\/sp1.kielce.eu\/index.php\/wp-json\/wp\/v2\/posts"}],"about":[{"href":"https:\/\/sp1.kielce.eu\/index.php\/wp-json\/wp\/v2\/types\/post"}],"author":[{"embeddable":true,"href":"https:\/\/sp1.kielce.eu\/index.php\/wp-json\/wp\/v2\/users\/13"}],"replies":[{"embeddable":true,"href":"https:\/\/sp1.kielce.eu\/index.php\/wp-json\/wp\/v2\/comments?post=39710"}],"version-history":[{"count":5,"href":"https:\/\/sp1.kielce.eu\/index.php\/wp-json\/wp\/v2\/posts\/39710\/revisions"}],"predecessor-version":[{"id":39720,"href":"https:\/\/sp1.kielce.eu\/index.php\/wp-json\/wp\/v2\/posts\/39710\/revisions\/39720"}],"wp:featuredmedia":[{"embeddable":true,"href":"https:\/\/sp1.kielce.eu\/index.php\/wp-json\/wp\/v2\/media\/39715"}],"wp:attachment":[{"href":"https:\/\/sp1.kielce.eu\/index.php\/wp-json\/wp\/v2\/media?parent=39710"}],"wp:term":[{"taxonomy":"category","embeddable":true,"href":"https:\/\/sp1.kielce.eu\/index.php\/wp-json\/wp\/v2\/categories?post=39710"},{"taxonomy":"post_tag","embeddable":true,"href":"https:\/\/sp1.kielce.eu\/index.php\/wp-json\/wp\/v2\/tags?post=39710"}],"curies":[{"name":"wp","href":"https:\/\/api.w.org\/{rel}","templated":true}]}}