{"id":38357,"date":"2025-05-09T13:37:11","date_gmt":"2025-05-09T11:37:11","guid":{"rendered":"https:\/\/sp1.kielce.eu\/?p=38357"},"modified":"2025-05-09T13:37:11","modified_gmt":"2025-05-09T11:37:11","slug":"swietlicowy-konkurs-eko-kreatywni-cos-z-niczego","status":"publish","type":"post","link":"https:\/\/sp1.kielce.eu\/index.php\/2025\/05\/09\/swietlicowy-konkurs-eko-kreatywni-cos-z-niczego\/","title":{"rendered":"\u015awietlicowy Konkurs &#8222;EKO-kreatywni, co\u015b z niczego&#8221;"},"content":{"rendered":"\n<p>W kwietniu zosta\u0142 rozstrzygni\u0119ty \u015awietlicowy Konkurs &#8222;EKO-kreatywni, co\u015b z&nbsp;niczego&#8221;. G\u0142\u00f3wnym celem konkursu, by\u0142o u\u015bwiadomienie konieczno\u015bci segregacji odpad\u00f3w i&nbsp;ich ponownego wykorzystania oraz uwra\u017cliwienie na potrzeb\u0119 ochrony \u015brodowiska naturalnego.<\/p>\n\n\n\n<p>Prace uczni\u00f3w by\u0142y bardzo kreatywne i&nbsp;zr\u00f3\u017cnicowane.<\/p>\n\n\n\n<p><strong>Laureaci Konkursu:<\/strong><br>I miejsce \u2013 Klara Wiatkowska 1b<br>II miejsce \u2013 Andrii Rudoi 2b<br>III miejsce \u2013 Antoni Zatelmajer 2c<\/p>\n\n\n\n<p>Gratulujemy wszystkim uczestnikom!<\/p>\n\n\n\n<p class=\"has-text-align-right\">Agnieszka Rycombel &#8211; kierownik \u015bwietlicy<br>Marta Pawlak &#8211; nauczyciel j. angielskiego<br>Monika Wychowaniec &#8211; nauczyciel geografii<\/p>\n\n\n\n<p class=\"has-text-align-left\"><\/p>\n\n\n\n<figure class=\"wp-block-gallery has-nested-images columns-default is-cropped wp-block-gallery-1 is-layout-flex wp-block-gallery-is-layout-flex\">\n<figure class=\"wp-block-image size-large\"><img loading=\"lazy\" decoding=\"async\" width=\"600\" height=\"900\" data-id=\"38358\" src=\"https:\/\/sp1.kielce.eu\/wp-content\/uploads\/2025\/05\/1-Copy-1.jpg\" alt=\"\" class=\"wp-image-38358\" srcset=\"https:\/\/sp1.kielce.eu\/wp-content\/uploads\/2025\/05\/1-Copy-1.jpg 600w, https:\/\/sp1.kielce.eu\/wp-content\/uploads\/2025\/05\/1-Copy-1-200x300.jpg 200w\" sizes=\"auto, (max-width: 600px) 100vw, 600px\" \/><\/figure>\n\n\n\n<figure class=\"wp-block-image size-large\"><img loading=\"lazy\" decoding=\"async\" width=\"613\" height=\"900\" data-id=\"38359\" src=\"https:\/\/sp1.kielce.eu\/wp-content\/uploads\/2025\/05\/2-Copy-1.jpg\" alt=\"\" class=\"wp-image-38359\" srcset=\"https:\/\/sp1.kielce.eu\/wp-content\/uploads\/2025\/05\/2-Copy-1.jpg 613w, https:\/\/sp1.kielce.eu\/wp-content\/uploads\/2025\/05\/2-Copy-1-204x300.jpg 204w\" sizes=\"auto, (max-width: 613px) 100vw, 613px\" \/><\/figure>\n<\/figure>\n","protected":false},"excerpt":{"rendered":"<p>W kwietniu zosta\u0142 rozstrzygni\u0119ty \u015awietlicowy Konkurs &#8222;EKO-kreatywni, co\u015b z&nbsp;niczego&#8221;. G\u0142\u00f3wnym celem konkursu, by\u0142o u\u015bwiadomienie konieczno\u015bci [&hellip;]<\/p>\n","protected":false},"author":13,"featured_media":38360,"comment_status":"closed","ping_status":"","sticky":false,"template":"","format":"standard","meta":{"footnotes":""},"categories":[25],"tags":[],"class_list":["post-38357","post","type-post","status-publish","format-standard","has-post-thumbnail","hentry","category-swietlica"],"_links":{"self":[{"href":"https:\/\/sp1.kielce.eu\/index.php\/wp-json\/wp\/v2\/posts\/38357","targetHints":{"allow":["GET"]}}],"collection":[{"href":"https:\/\/sp1.kielce.eu\/index.php\/wp-json\/wp\/v2\/posts"}],"about":[{"href":"https:\/\/sp1.kielce.eu\/index.php\/wp-json\/wp\/v2\/types\/post"}],"author":[{"embeddable":true,"href":"https:\/\/sp1.kielce.eu\/index.php\/wp-json\/wp\/v2\/users\/13"}],"replies":[{"embeddable":true,"href":"https:\/\/sp1.kielce.eu\/index.php\/wp-json\/wp\/v2\/comments?post=38357"}],"version-history":[{"count":1,"href":"https:\/\/sp1.kielce.eu\/index.php\/wp-json\/wp\/v2\/posts\/38357\/revisions"}],"predecessor-version":[{"id":38361,"href":"https:\/\/sp1.kielce.eu\/index.php\/wp-json\/wp\/v2\/posts\/38357\/revisions\/38361"}],"wp:featuredmedia":[{"embeddable":true,"href":"https:\/\/sp1.kielce.eu\/index.php\/wp-json\/wp\/v2\/media\/38360"}],"wp:attachment":[{"href":"https:\/\/sp1.kielce.eu\/index.php\/wp-json\/wp\/v2\/media?parent=38357"}],"wp:term":[{"taxonomy":"category","embeddable":true,"href":"https:\/\/sp1.kielce.eu\/index.php\/wp-json\/wp\/v2\/categories?post=38357"},{"taxonomy":"post_tag","embeddable":true,"href":"https:\/\/sp1.kielce.eu\/index.php\/wp-json\/wp\/v2\/tags?post=38357"}],"curies":[{"name":"wp","href":"https:\/\/api.w.org\/{rel}","templated":true}]}}