{"id":38168,"date":"2025-04-29T08:22:29","date_gmt":"2025-04-29T06:22:29","guid":{"rendered":"https:\/\/sp1.kielce.eu\/?p=38168"},"modified":"2025-04-29T08:22:29","modified_gmt":"2025-04-29T06:22:29","slug":"swieta-majowe-3","status":"publish","type":"post","link":"https:\/\/sp1.kielce.eu\/index.php\/2025\/04\/29\/swieta-majowe-3\/","title":{"rendered":"\u015awi\u0119ta Majowe"},"content":{"rendered":"\n<p><strong>Z okazji \u015awi\u0105t Majowych,&nbsp;<\/strong><strong>Samorz\u0105d Uczniowski&nbsp;<\/strong><strong>prosi o wyra\u017cenie swojego patriotyzmu poprzez przyj\u015bcie 2<\/strong><strong>9<\/strong><strong>&nbsp;kwietnia (<\/strong><strong>wtorek<\/strong><strong>) w strojach&nbsp;<\/strong><\/p>\n\n\n\n<p><strong>lub z wst\u0105\u017ceczkami w barwach narodowych.<\/strong><\/p>\n\n\n\n<p>Ka\u017cdy ucze\u0144, kt\u00f3ry przyjdzie w takim stroju otrzyma punkty dodatnie&nbsp;<\/p>\n\n\n\n<p>z zachowania +5.<\/p>\n\n\n\n<p>Zapraszamy r\u00f3wnie\u017c nauczycieli do w\u0142\u0105czenia si\u0119 w akcj\u0119 Samorz\u0105du Uczniowskiego.<\/p>\n\n\n\n<p>Renata Kozie\u0142 &#8211; Opiekun SU<\/p>\n","protected":false},"excerpt":{"rendered":"<p>Z okazji \u015awi\u0105t Majowych,&nbsp;Samorz\u0105d Uczniowski&nbsp;prosi o wyra\u017cenie swojego patriotyzmu poprzez przyj\u015bcie 29&nbsp;kwietnia (wtorek) w strojach&nbsp; [&hellip;]<\/p>\n","protected":false},"author":5,"featured_media":38169,"comment_status":"closed","ping_status":"","sticky":false,"template":"","format":"standard","meta":{"footnotes":""},"categories":[36,18],"tags":[],"class_list":["post-38168","post","type-post","status-publish","format-standard","has-post-thumbnail","hentry","category-wydarzenia","category-samorzad-uczniowoski"],"_links":{"self":[{"href":"https:\/\/sp1.kielce.eu\/index.php\/wp-json\/wp\/v2\/posts\/38168","targetHints":{"allow":["GET"]}}],"collection":[{"href":"https:\/\/sp1.kielce.eu\/index.php\/wp-json\/wp\/v2\/posts"}],"about":[{"href":"https:\/\/sp1.kielce.eu\/index.php\/wp-json\/wp\/v2\/types\/post"}],"author":[{"embeddable":true,"href":"https:\/\/sp1.kielce.eu\/index.php\/wp-json\/wp\/v2\/users\/5"}],"replies":[{"embeddable":true,"href":"https:\/\/sp1.kielce.eu\/index.php\/wp-json\/wp\/v2\/comments?post=38168"}],"version-history":[{"count":1,"href":"https:\/\/sp1.kielce.eu\/index.php\/wp-json\/wp\/v2\/posts\/38168\/revisions"}],"predecessor-version":[{"id":38170,"href":"https:\/\/sp1.kielce.eu\/index.php\/wp-json\/wp\/v2\/posts\/38168\/revisions\/38170"}],"wp:featuredmedia":[{"embeddable":true,"href":"https:\/\/sp1.kielce.eu\/index.php\/wp-json\/wp\/v2\/media\/38169"}],"wp:attachment":[{"href":"https:\/\/sp1.kielce.eu\/index.php\/wp-json\/wp\/v2\/media?parent=38168"}],"wp:term":[{"taxonomy":"category","embeddable":true,"href":"https:\/\/sp1.kielce.eu\/index.php\/wp-json\/wp\/v2\/categories?post=38168"},{"taxonomy":"post_tag","embeddable":true,"href":"https:\/\/sp1.kielce.eu\/index.php\/wp-json\/wp\/v2\/tags?post=38168"}],"curies":[{"name":"wp","href":"https:\/\/api.w.org\/{rel}","templated":true}]}}