{"id":38088,"date":"2025-04-25T07:44:22","date_gmt":"2025-04-25T05:44:22","guid":{"rendered":"https:\/\/sp1.kielce.eu\/?p=38088"},"modified":"2025-04-25T07:44:22","modified_gmt":"2025-04-25T05:44:22","slug":"6a-z-wizyta-u-henryka-sienkiewicza-w-oblegorku","status":"publish","type":"post","link":"https:\/\/sp1.kielce.eu\/index.php\/2025\/04\/25\/6a-z-wizyta-u-henryka-sienkiewicza-w-oblegorku\/","title":{"rendered":"6a z wizyt\u0105 u Henryka Sienkiewicza w Obl\u0119gorku\u00a0"},"content":{"rendered":"\n<p>W dniu 15 kwietnia 6a wybra\u0142a si\u0119 na wycieczk\u0119 do Obl\u0119gorka. Dzieci zwiedzi\u0142y Muzeum Henryka Sienkiewicza, podziwiaj\u0105c pami\u0105tki zgromadzone po pisarzu. Uczniowie dowiedzieli si\u0119, \u017ce pa\u0142acyk jest darem narodu dla noblisty w dow\u00f3d uznania za jego tw\u00f3rczo\u015b\u0107. Nast\u0119pnie uczestniczyli w lekcji muzealnej pt. <strong>,,Afryka\u0144ska podr\u00f3\u017c Henryka Sienkiewicza a&nbsp;powie\u015b\u0107 <\/strong><strong><em>W pustyni i&nbsp;w&nbsp;puszczy\u201d.<\/em><\/strong><strong>Kolejnym punktem programu by\u0142 odpoczynek w Bistro ,,Sienkiewicz\u00f3wka\u201d prowadzonym przez przodk\u00f3w pisarza. Nast\u0119pnie klasa wzi\u0119\u0142a udzia\u0142 w grze terenowej dotycz\u0105cej powie\u015bci ,,W pustyni i w puszczy\u201d.&nbsp; <\/strong>Wymaga\u0142a ona rozwi\u0105zywania zagadek i przezwyci\u0119\u017cania trudno\u015bci. Odbywa\u0142a si\u0119 na przygotowanym terenie pustyni i puszczy, sza\u0142asach oraz chatach. To by\u0142a r\u00f3wnie\u017c aktywna forma edukacji rozwijaj\u0105ca koncentracj\u0119, spostrzegawczo\u015b\u0107, pami\u0119\u0107 s\u0142uchow\u0105 i wzrokow\u0105. Gra pomog\u0142a r\u00f3wnie\u017c utrwali\u0107 znajomo\u015b\u0107 powie\u015bci. Na zako\u0144czenie obejrzeli\u015bmy konie ze ,,Stajni pod Inflanck\u0105 Koby\u0142\u0105\u201d&nbsp; . Ch\u0119tni uczniowie wzi\u0119li udzia\u0142 w je\u017adzie konnej.&nbsp;<\/p>\n\n\n\n<p>&nbsp; &nbsp; &nbsp; &nbsp; &nbsp; &nbsp; &nbsp; &nbsp; &nbsp; &nbsp; &nbsp; &nbsp; &nbsp; &nbsp; &nbsp; &nbsp; &nbsp; &nbsp; &nbsp; &nbsp; &nbsp; &nbsp; &nbsp; &nbsp; &nbsp; &nbsp; &nbsp; &nbsp; &nbsp; &nbsp; &nbsp; &nbsp; &nbsp; &nbsp; &nbsp; &nbsp; &nbsp; &nbsp; &nbsp; &nbsp; &nbsp; &nbsp; &nbsp; &nbsp; &nbsp; &nbsp; &nbsp; &nbsp; &nbsp; &nbsp; &nbsp; Dorota Broni\u015b&nbsp;<\/p>\n\n\n\n<p>&nbsp;&nbsp; &nbsp; &nbsp; &nbsp; &nbsp; &nbsp; &nbsp; &nbsp; &nbsp; &nbsp; &nbsp; &nbsp; &nbsp; &nbsp; &nbsp; &nbsp; &nbsp; &nbsp; &nbsp; &nbsp; &nbsp; &nbsp; &nbsp; &nbsp; &nbsp; &nbsp; &nbsp; &nbsp; &nbsp; &nbsp; &nbsp; &nbsp; &nbsp; &nbsp; &nbsp; &nbsp; &nbsp; &nbsp; &nbsp; &nbsp; &nbsp; &nbsp; &nbsp; &nbsp; &nbsp; &nbsp; &nbsp; &nbsp; &nbsp; &nbsp; Remigiusz Krzywda&nbsp;<\/p>\n\n\n\n<figure class=\"wp-block-gallery has-nested-images columns-default is-cropped wp-block-gallery-1 is-layout-flex wp-block-gallery-is-layout-flex\">\n<figure class=\"wp-block-image size-large\"><img loading=\"lazy\" decoding=\"async\" width=\"1280\" height=\"720\" data-id=\"38096\" src=\"https:\/\/sp1.kielce.eu\/wp-content\/uploads\/2025\/04\/20250415_111725.jpg\" alt=\"\" class=\"wp-image-38096\" srcset=\"https:\/\/sp1.kielce.eu\/wp-content\/uploads\/2025\/04\/20250415_111725.jpg 1280w, https:\/\/sp1.kielce.eu\/wp-content\/uploads\/2025\/04\/20250415_111725-300x169.jpg 300w, https:\/\/sp1.kielce.eu\/wp-content\/uploads\/2025\/04\/20250415_111725-768x432.jpg 768w, https:\/\/sp1.kielce.eu\/wp-content\/uploads\/2025\/04\/20250415_111725-820x461.jpg 820w\" sizes=\"auto, (max-width: 1280px) 100vw, 1280px\" \/><\/figure>\n\n\n\n<figure class=\"wp-block-image size-large\"><img loading=\"lazy\" decoding=\"async\" width=\"1280\" height=\"720\" data-id=\"38098\" src=\"https:\/\/sp1.kielce.eu\/wp-content\/uploads\/2025\/04\/20250415_112102.jpg\" alt=\"\" class=\"wp-image-38098\" srcset=\"https:\/\/sp1.kielce.eu\/wp-content\/uploads\/2025\/04\/20250415_112102.jpg 1280w, https:\/\/sp1.kielce.eu\/wp-content\/uploads\/2025\/04\/20250415_112102-300x169.jpg 300w, https:\/\/sp1.kielce.eu\/wp-content\/uploads\/2025\/04\/20250415_112102-768x432.jpg 768w, https:\/\/sp1.kielce.eu\/wp-content\/uploads\/2025\/04\/20250415_112102-820x461.jpg 820w\" sizes=\"auto, (max-width: 1280px) 100vw, 1280px\" \/><\/figure>\n\n\n\n<figure class=\"wp-block-image size-large\"><img loading=\"lazy\" decoding=\"async\" width=\"1280\" height=\"720\" data-id=\"38092\" src=\"https:\/\/sp1.kielce.eu\/wp-content\/uploads\/2025\/04\/20250415_113318.jpg\" alt=\"\" class=\"wp-image-38092\" srcset=\"https:\/\/sp1.kielce.eu\/wp-content\/uploads\/2025\/04\/20250415_113318.jpg 1280w, https:\/\/sp1.kielce.eu\/wp-content\/uploads\/2025\/04\/20250415_113318-300x169.jpg 300w, https:\/\/sp1.kielce.eu\/wp-content\/uploads\/2025\/04\/20250415_113318-768x432.jpg 768w, https:\/\/sp1.kielce.eu\/wp-content\/uploads\/2025\/04\/20250415_113318-820x461.jpg 820w\" sizes=\"auto, (max-width: 1280px) 100vw, 1280px\" \/><\/figure>\n\n\n\n<figure class=\"wp-block-image size-large\"><img loading=\"lazy\" decoding=\"async\" width=\"1280\" height=\"720\" data-id=\"38089\" src=\"https:\/\/sp1.kielce.eu\/wp-content\/uploads\/2025\/04\/20250415_1133181.jpg\" alt=\"\" class=\"wp-image-38089\" srcset=\"https:\/\/sp1.kielce.eu\/wp-content\/uploads\/2025\/04\/20250415_1133181.jpg 1280w, https:\/\/sp1.kielce.eu\/wp-content\/uploads\/2025\/04\/20250415_1133181-300x169.jpg 300w, https:\/\/sp1.kielce.eu\/wp-content\/uploads\/2025\/04\/20250415_1133181-768x432.jpg 768w, https:\/\/sp1.kielce.eu\/wp-content\/uploads\/2025\/04\/20250415_1133181-820x461.jpg 820w\" sizes=\"auto, (max-width: 1280px) 100vw, 1280px\" \/><\/figure>\n\n\n\n<figure class=\"wp-block-image size-large\"><img loading=\"lazy\" decoding=\"async\" width=\"1280\" height=\"720\" data-id=\"38090\" src=\"https:\/\/sp1.kielce.eu\/wp-content\/uploads\/2025\/04\/20250415_113320.jpg\" alt=\"\" class=\"wp-image-38090\" srcset=\"https:\/\/sp1.kielce.eu\/wp-content\/uploads\/2025\/04\/20250415_113320.jpg 1280w, https:\/\/sp1.kielce.eu\/wp-content\/uploads\/2025\/04\/20250415_113320-300x169.jpg 300w, https:\/\/sp1.kielce.eu\/wp-content\/uploads\/2025\/04\/20250415_113320-768x432.jpg 768w, https:\/\/sp1.kielce.eu\/wp-content\/uploads\/2025\/04\/20250415_113320-820x461.jpg 820w\" sizes=\"auto, (max-width: 1280px) 100vw, 1280px\" \/><\/figure>\n\n\n\n<figure class=\"wp-block-image size-large\"><img loading=\"lazy\" decoding=\"async\" width=\"1280\" height=\"720\" data-id=\"38091\" src=\"https:\/\/sp1.kielce.eu\/wp-content\/uploads\/2025\/04\/20250415_124253.jpg\" alt=\"\" class=\"wp-image-38091\" srcset=\"https:\/\/sp1.kielce.eu\/wp-content\/uploads\/2025\/04\/20250415_124253.jpg 1280w, https:\/\/sp1.kielce.eu\/wp-content\/uploads\/2025\/04\/20250415_124253-300x169.jpg 300w, https:\/\/sp1.kielce.eu\/wp-content\/uploads\/2025\/04\/20250415_124253-768x432.jpg 768w, https:\/\/sp1.kielce.eu\/wp-content\/uploads\/2025\/04\/20250415_124253-820x461.jpg 820w\" sizes=\"auto, (max-width: 1280px) 100vw, 1280px\" \/><\/figure>\n\n\n\n<figure class=\"wp-block-image size-large\"><img loading=\"lazy\" decoding=\"async\" width=\"893\" height=\"670\" data-id=\"38093\" src=\"https:\/\/sp1.kielce.eu\/wp-content\/uploads\/2025\/04\/Oblegorek-tytulowe.jpg\" alt=\"\" class=\"wp-image-38093\" srcset=\"https:\/\/sp1.kielce.eu\/wp-content\/uploads\/2025\/04\/Oblegorek-tytulowe.jpg 893w, https:\/\/sp1.kielce.eu\/wp-content\/uploads\/2025\/04\/Oblegorek-tytulowe-300x225.jpg 300w, https:\/\/sp1.kielce.eu\/wp-content\/uploads\/2025\/04\/Oblegorek-tytulowe-768x576.jpg 768w, https:\/\/sp1.kielce.eu\/wp-content\/uploads\/2025\/04\/Oblegorek-tytulowe-820x615.jpg 820w\" sizes=\"auto, (max-width: 893px) 100vw, 893px\" \/><\/figure>\n\n\n\n<figure class=\"wp-block-image size-large\"><img loading=\"lazy\" decoding=\"async\" width=\"506\" height=\"900\" data-id=\"38094\" src=\"https:\/\/sp1.kielce.eu\/wp-content\/uploads\/2025\/04\/shared-image-2025-04-15T201457.443-506x900.jpg\" alt=\"\" class=\"wp-image-38094\" srcset=\"https:\/\/sp1.kielce.eu\/wp-content\/uploads\/2025\/04\/shared-image-2025-04-15T201457.443-506x900.jpg 506w, https:\/\/sp1.kielce.eu\/wp-content\/uploads\/2025\/04\/shared-image-2025-04-15T201457.443-169x300.jpg 169w, https:\/\/sp1.kielce.eu\/wp-content\/uploads\/2025\/04\/shared-image-2025-04-15T201457.443-768x1365.jpg 768w, https:\/\/sp1.kielce.eu\/wp-content\/uploads\/2025\/04\/shared-image-2025-04-15T201457.443-864x1536.jpg 864w, https:\/\/sp1.kielce.eu\/wp-content\/uploads\/2025\/04\/shared-image-2025-04-15T201457.443-820x1457.jpg 820w, https:\/\/sp1.kielce.eu\/wp-content\/uploads\/2025\/04\/shared-image-2025-04-15T201457.443.jpg 1148w\" sizes=\"auto, (max-width: 506px) 100vw, 506px\" \/><\/figure>\n\n\n\n<figure class=\"wp-block-image size-large\"><img loading=\"lazy\" decoding=\"async\" width=\"1400\" height=\"788\" data-id=\"38097\" src=\"https:\/\/sp1.kielce.eu\/wp-content\/uploads\/2025\/04\/shared-image-2025-04-15T202500.170-1400x788.jpg\" alt=\"\" class=\"wp-image-38097\" srcset=\"https:\/\/sp1.kielce.eu\/wp-content\/uploads\/2025\/04\/shared-image-2025-04-15T202500.170-1400x788.jpg 1400w, https:\/\/sp1.kielce.eu\/wp-content\/uploads\/2025\/04\/shared-image-2025-04-15T202500.170-300x169.jpg 300w, https:\/\/sp1.kielce.eu\/wp-content\/uploads\/2025\/04\/shared-image-2025-04-15T202500.170-768x432.jpg 768w, https:\/\/sp1.kielce.eu\/wp-content\/uploads\/2025\/04\/shared-image-2025-04-15T202500.170-1536x864.jpg 1536w, https:\/\/sp1.kielce.eu\/wp-content\/uploads\/2025\/04\/shared-image-2025-04-15T202500.170-820x461.jpg 820w, https:\/\/sp1.kielce.eu\/wp-content\/uploads\/2025\/04\/shared-image-2025-04-15T202500.170.jpg 2040w\" sizes=\"auto, (max-width: 1400px) 100vw, 1400px\" \/><\/figure>\n\n\n\n<figure class=\"wp-block-image size-large\"><img loading=\"lazy\" decoding=\"async\" width=\"506\" height=\"900\" data-id=\"38095\" src=\"https:\/\/sp1.kielce.eu\/wp-content\/uploads\/2025\/04\/shared-image-2025-04-15T202719.576-506x900.jpg\" alt=\"\" class=\"wp-image-38095\" srcset=\"https:\/\/sp1.kielce.eu\/wp-content\/uploads\/2025\/04\/shared-image-2025-04-15T202719.576-506x900.jpg 506w, https:\/\/sp1.kielce.eu\/wp-content\/uploads\/2025\/04\/shared-image-2025-04-15T202719.576-169x300.jpg 169w, https:\/\/sp1.kielce.eu\/wp-content\/uploads\/2025\/04\/shared-image-2025-04-15T202719.576-768x1365.jpg 768w, https:\/\/sp1.kielce.eu\/wp-content\/uploads\/2025\/04\/shared-image-2025-04-15T202719.576-864x1536.jpg 864w, https:\/\/sp1.kielce.eu\/wp-content\/uploads\/2025\/04\/shared-image-2025-04-15T202719.576-820x1457.jpg 820w, https:\/\/sp1.kielce.eu\/wp-content\/uploads\/2025\/04\/shared-image-2025-04-15T202719.576.jpg 1148w\" sizes=\"auto, (max-width: 506px) 100vw, 506px\" \/><\/figure>\n<\/figure>\n","protected":false},"excerpt":{"rendered":"<p>W dniu 15 kwietnia 6a wybra\u0142a si\u0119 na wycieczk\u0119 do Obl\u0119gorka. Dzieci zwiedzi\u0142y Muzeum Henryka [&hellip;]<\/p>\n","protected":false},"author":5,"featured_media":38093,"comment_status":"closed","ping_status":"","sticky":false,"template":"","format":"standard","meta":{"footnotes":""},"categories":[36],"tags":[],"class_list":["post-38088","post","type-post","status-publish","format-standard","has-post-thumbnail","hentry","category-wydarzenia"],"_links":{"self":[{"href":"https:\/\/sp1.kielce.eu\/index.php\/wp-json\/wp\/v2\/posts\/38088","targetHints":{"allow":["GET"]}}],"collection":[{"href":"https:\/\/sp1.kielce.eu\/index.php\/wp-json\/wp\/v2\/posts"}],"about":[{"href":"https:\/\/sp1.kielce.eu\/index.php\/wp-json\/wp\/v2\/types\/post"}],"author":[{"embeddable":true,"href":"https:\/\/sp1.kielce.eu\/index.php\/wp-json\/wp\/v2\/users\/5"}],"replies":[{"embeddable":true,"href":"https:\/\/sp1.kielce.eu\/index.php\/wp-json\/wp\/v2\/comments?post=38088"}],"version-history":[{"count":1,"href":"https:\/\/sp1.kielce.eu\/index.php\/wp-json\/wp\/v2\/posts\/38088\/revisions"}],"predecessor-version":[{"id":38099,"href":"https:\/\/sp1.kielce.eu\/index.php\/wp-json\/wp\/v2\/posts\/38088\/revisions\/38099"}],"wp:featuredmedia":[{"embeddable":true,"href":"https:\/\/sp1.kielce.eu\/index.php\/wp-json\/wp\/v2\/media\/38093"}],"wp:attachment":[{"href":"https:\/\/sp1.kielce.eu\/index.php\/wp-json\/wp\/v2\/media?parent=38088"}],"wp:term":[{"taxonomy":"category","embeddable":true,"href":"https:\/\/sp1.kielce.eu\/index.php\/wp-json\/wp\/v2\/categories?post=38088"},{"taxonomy":"post_tag","embeddable":true,"href":"https:\/\/sp1.kielce.eu\/index.php\/wp-json\/wp\/v2\/tags?post=38088"}],"curies":[{"name":"wp","href":"https:\/\/api.w.org\/{rel}","templated":true}]}}