{"id":38005,"date":"2025-04-09T09:26:12","date_gmt":"2025-04-09T07:26:12","guid":{"rendered":"https:\/\/sp1.kielce.eu\/?p=38005"},"modified":"2026-02-10T20:15:16","modified_gmt":"2026-02-10T19:15:16","slug":"pawel-hunek-laureat-maratonu-matematycznego-w-jezyku-angielskim-dla-szkol-podstawowych","status":"publish","type":"post","link":"https:\/\/sp1.kielce.eu\/index.php\/2025\/04\/09\/pawel-hunek-laureat-maratonu-matematycznego-w-jezyku-angielskim-dla-szkol-podstawowych\/","title":{"rendered":"Pawe\u0142 Hunek\u00a0\u2013 Laureat \u201eMaratonu Matematycznego w j\u0119zyku angielskim dla szk\u00f3\u0142 podstawowych\u201d"},"content":{"rendered":"\n<p>Dnia 19 marca 2025 roku odby\u0142a si\u0119 XV edycja \u201eMaratonu Matematycznego w j\u0119zyku angielskim dla uczni\u00f3w szk\u00f3\u0142 podstawowych\u201d organizowanego na szczeblu wojew\u00f3dzkim przez VI LO im. Juliusza S\u0142owackiego w Kielcach. W konkursie wzi\u0119\u0142o udzia\u0142 60 uczni\u00f3w z woj. \u015bwi\u0119tokrzyskiego, kt\u00f3rzy przez trzy godziny zmagali si\u0119 z zadaniami matematycznymi zapisanymi w j\u0119zyku angielskim. Uroczyste wr\u0119czenie dyplom\u00f3w i nagr\u00f3d odby\u0142o si\u0119 5 kwietnia podczas dnia otwartego VI LO. Mi\u0142o nam poinformowa\u0107, \u017ce ucze\u0144 naszej szko\u0142y Pawe\u0142 Hunek zaj\u0105\u0142 II miejsce i otrzyma\u0142 tytu\u0142 laureata w\/w konkursu.<\/p>\n\n\n\n<p>Serdecznie gratulujemy.<\/p>\n\n\n\n<p>Anna Mazur<\/p>\n\n\n\n<figure class=\"wp-block-gallery has-nested-images columns-default is-cropped wp-block-gallery-1 is-layout-flex wp-block-gallery-is-layout-flex\">\n<figure class=\"wp-block-image size-large\"><img loading=\"lazy\" decoding=\"async\" width=\"800\" height=\"600\" data-id=\"38007\" src=\"https:\/\/sp1.kielce.eu\/wp-content\/uploads\/2025\/04\/IMG_20250407_084111.jpg\" alt=\"\" class=\"wp-image-38007\" srcset=\"https:\/\/sp1.kielce.eu\/wp-content\/uploads\/2025\/04\/IMG_20250407_084111.jpg 800w, https:\/\/sp1.kielce.eu\/wp-content\/uploads\/2025\/04\/IMG_20250407_084111-300x225.jpg 300w, https:\/\/sp1.kielce.eu\/wp-content\/uploads\/2025\/04\/IMG_20250407_084111-768x576.jpg 768w\" sizes=\"auto, (max-width: 800px) 100vw, 800px\" \/><\/figure>\n\n\n\n<figure class=\"wp-block-image size-large\"><img loading=\"lazy\" decoding=\"async\" width=\"608\" height=\"900\" data-id=\"38006\" src=\"https:\/\/sp1.kielce.eu\/wp-content\/uploads\/2025\/04\/IMG202504070835292-608x900.jpg\" alt=\"\" class=\"wp-image-38006\" srcset=\"https:\/\/sp1.kielce.eu\/wp-content\/uploads\/2025\/04\/IMG202504070835292-608x900.jpg 608w, https:\/\/sp1.kielce.eu\/wp-content\/uploads\/2025\/04\/IMG202504070835292-203x300.jpg 203w, https:\/\/sp1.kielce.eu\/wp-content\/uploads\/2025\/04\/IMG202504070835292-768x1137.jpg 768w, https:\/\/sp1.kielce.eu\/wp-content\/uploads\/2025\/04\/IMG202504070835292-1038x1536.jpg 1038w, https:\/\/sp1.kielce.eu\/wp-content\/uploads\/2025\/04\/IMG202504070835292-1384x2048.jpg 1384w, https:\/\/sp1.kielce.eu\/wp-content\/uploads\/2025\/04\/IMG202504070835292-820x1214.jpg 820w, https:\/\/sp1.kielce.eu\/wp-content\/uploads\/2025\/04\/IMG202504070835292-scaled.jpg 1730w\" sizes=\"auto, (max-width: 608px) 100vw, 608px\" \/><figcaption class=\"wp-element-caption\">oplus_32<\/figcaption><\/figure>\n\n\n\n<figure class=\"wp-block-image size-large\"><img loading=\"lazy\" decoding=\"async\" width=\"398\" height=\"900\" data-id=\"38008\" src=\"https:\/\/sp1.kielce.eu\/wp-content\/uploads\/2025\/04\/IMG202504071037172-398x900.jpg\" alt=\"\" class=\"wp-image-38008\" srcset=\"https:\/\/sp1.kielce.eu\/wp-content\/uploads\/2025\/04\/IMG202504071037172-398x900.jpg 398w, https:\/\/sp1.kielce.eu\/wp-content\/uploads\/2025\/04\/IMG202504071037172-133x300.jpg 133w, https:\/\/sp1.kielce.eu\/wp-content\/uploads\/2025\/04\/IMG202504071037172-768x1737.jpg 768w, https:\/\/sp1.kielce.eu\/wp-content\/uploads\/2025\/04\/IMG202504071037172-679x1536.jpg 679w, https:\/\/sp1.kielce.eu\/wp-content\/uploads\/2025\/04\/IMG202504071037172-906x2048.jpg 906w, https:\/\/sp1.kielce.eu\/wp-content\/uploads\/2025\/04\/IMG202504071037172-820x1854.jpg 820w, https:\/\/sp1.kielce.eu\/wp-content\/uploads\/2025\/04\/IMG202504071037172-scaled.jpg 1132w\" sizes=\"auto, (max-width: 398px) 100vw, 398px\" \/><figcaption class=\"wp-element-caption\">oplus_34<\/figcaption><\/figure>\n<\/figure>\n","protected":false},"excerpt":{"rendered":"<p>Dnia 19 marca 2025 roku odby\u0142a si\u0119 XV edycja \u201eMaratonu Matematycznego w j\u0119zyku angielskim dla [&hellip;]<\/p>\n","protected":false},"author":5,"featured_media":38007,"comment_status":"closed","ping_status":"","sticky":false,"template":"","format":"standard","meta":{"footnotes":""},"categories":[36,10,21],"tags":[],"class_list":["post-38005","post","type-post","status-publish","format-standard","has-post-thumbnail","hentry","category-wydarzenia","category-konkursy-przedmiotowe","category-konkursy"],"_links":{"self":[{"href":"https:\/\/sp1.kielce.eu\/index.php\/wp-json\/wp\/v2\/posts\/38005","targetHints":{"allow":["GET"]}}],"collection":[{"href":"https:\/\/sp1.kielce.eu\/index.php\/wp-json\/wp\/v2\/posts"}],"about":[{"href":"https:\/\/sp1.kielce.eu\/index.php\/wp-json\/wp\/v2\/types\/post"}],"author":[{"embeddable":true,"href":"https:\/\/sp1.kielce.eu\/index.php\/wp-json\/wp\/v2\/users\/5"}],"replies":[{"embeddable":true,"href":"https:\/\/sp1.kielce.eu\/index.php\/wp-json\/wp\/v2\/comments?post=38005"}],"version-history":[{"count":1,"href":"https:\/\/sp1.kielce.eu\/index.php\/wp-json\/wp\/v2\/posts\/38005\/revisions"}],"predecessor-version":[{"id":38009,"href":"https:\/\/sp1.kielce.eu\/index.php\/wp-json\/wp\/v2\/posts\/38005\/revisions\/38009"}],"wp:featuredmedia":[{"embeddable":true,"href":"https:\/\/sp1.kielce.eu\/index.php\/wp-json\/wp\/v2\/media\/38007"}],"wp:attachment":[{"href":"https:\/\/sp1.kielce.eu\/index.php\/wp-json\/wp\/v2\/media?parent=38005"}],"wp:term":[{"taxonomy":"category","embeddable":true,"href":"https:\/\/sp1.kielce.eu\/index.php\/wp-json\/wp\/v2\/categories?post=38005"},{"taxonomy":"post_tag","embeddable":true,"href":"https:\/\/sp1.kielce.eu\/index.php\/wp-json\/wp\/v2\/tags?post=38005"}],"curies":[{"name":"wp","href":"https:\/\/api.w.org\/{rel}","templated":true}]}}