{"id":37986,"date":"2024-12-16T22:02:28","date_gmt":"2024-12-16T21:02:28","guid":{"rendered":"https:\/\/sp1.kielce.eu\/?p=37986"},"modified":"2025-04-07T22:02:55","modified_gmt":"2025-04-07T20:02:55","slug":"rozszyfrowany-renifer","status":"publish","type":"post","link":"https:\/\/sp1.kielce.eu\/index.php\/2024\/12\/16\/rozszyfrowany-renifer\/","title":{"rendered":"Rozszyfrowany renifer"},"content":{"rendered":"\n<p>W ramach zaj\u0119\u0107 z\u00a0kodowania, uczniowie z\u00a0klasy 3c mieli okazj\u0119 wykaza\u0107 si\u0119 swoj\u0105 kreatywno\u015bci\u0105 i\u00a0umiej\u0119tno\u015bciami logicznego my\u015blenia, tworz\u0105c za pomoc\u0105 kolorowych kartek obrazek renifera. U\u017cywaj\u0105c kartki jako element\u00f3w kodu, dzieci mog\u0142y zapozna\u0107 si\u0119 z\u00a0podstawami programowania, ucz\u0105c si\u0119, jak za pomoc\u0105 prostych instrukcji i\u00a0wzorc\u00f3w mo\u017cna tworzy\u0107 bardziej skomplikowane projekty. Zaj\u0119cia nie tylko rozwijaj\u0105 umiej\u0119tno\u015bci techniczne, ale r\u00f3wnie\u017c wspieraj\u0105 wsp\u00f3\u0142prac\u0119 i\u00a0kreatywno\u015b\u0107 uczni\u00f3w. To \u015bwietna zabawa, kt\u00f3ra \u0142\u0105czy nauk\u0119 z\u00a0tw\u00f3rczo\u015bci\u0105! <\/p>\n\n\n\n<p class=\"has-text-align-right\">Nauczyciele klas trzecich<\/p>\n\n\n\n<figure class=\"wp-block-gallery has-nested-images columns-default is-cropped wp-block-gallery-1 is-layout-flex wp-block-gallery-is-layout-flex\">\n<figure class=\"wp-block-image size-large\"><img loading=\"lazy\" decoding=\"async\" width=\"1200\" height=\"675\" data-id=\"37987\" src=\"https:\/\/sp1.kielce.eu\/wp-content\/uploads\/2025\/04\/IMG_9637-Copy.jpg\" alt=\"\" class=\"wp-image-37987\" srcset=\"https:\/\/sp1.kielce.eu\/wp-content\/uploads\/2025\/04\/IMG_9637-Copy.jpg 1200w, https:\/\/sp1.kielce.eu\/wp-content\/uploads\/2025\/04\/IMG_9637-Copy-300x169.jpg 300w, https:\/\/sp1.kielce.eu\/wp-content\/uploads\/2025\/04\/IMG_9637-Copy-768x432.jpg 768w, https:\/\/sp1.kielce.eu\/wp-content\/uploads\/2025\/04\/IMG_9637-Copy-820x461.jpg 820w\" sizes=\"auto, (max-width: 1200px) 100vw, 1200px\" \/><\/figure>\n<\/figure>\n","protected":false},"excerpt":{"rendered":"<p>W ramach zaj\u0119\u0107 z\u00a0kodowania, uczniowie z\u00a0klasy 3c mieli okazj\u0119 wykaza\u0107 si\u0119 swoj\u0105 kreatywno\u015bci\u0105 i\u00a0umiej\u0119tno\u015bciami logicznego [&hellip;]<\/p>\n","protected":false},"author":13,"featured_media":37988,"comment_status":"closed","ping_status":"","sticky":false,"template":"","format":"standard","meta":{"footnotes":""},"categories":[167],"tags":[],"class_list":["post-37986","post","type-post","status-publish","format-standard","has-post-thumbnail","hentry","category-kodowanie"],"_links":{"self":[{"href":"https:\/\/sp1.kielce.eu\/index.php\/wp-json\/wp\/v2\/posts\/37986","targetHints":{"allow":["GET"]}}],"collection":[{"href":"https:\/\/sp1.kielce.eu\/index.php\/wp-json\/wp\/v2\/posts"}],"about":[{"href":"https:\/\/sp1.kielce.eu\/index.php\/wp-json\/wp\/v2\/types\/post"}],"author":[{"embeddable":true,"href":"https:\/\/sp1.kielce.eu\/index.php\/wp-json\/wp\/v2\/users\/13"}],"replies":[{"embeddable":true,"href":"https:\/\/sp1.kielce.eu\/index.php\/wp-json\/wp\/v2\/comments?post=37986"}],"version-history":[{"count":1,"href":"https:\/\/sp1.kielce.eu\/index.php\/wp-json\/wp\/v2\/posts\/37986\/revisions"}],"predecessor-version":[{"id":37989,"href":"https:\/\/sp1.kielce.eu\/index.php\/wp-json\/wp\/v2\/posts\/37986\/revisions\/37989"}],"wp:featuredmedia":[{"embeddable":true,"href":"https:\/\/sp1.kielce.eu\/index.php\/wp-json\/wp\/v2\/media\/37988"}],"wp:attachment":[{"href":"https:\/\/sp1.kielce.eu\/index.php\/wp-json\/wp\/v2\/media?parent=37986"}],"wp:term":[{"taxonomy":"category","embeddable":true,"href":"https:\/\/sp1.kielce.eu\/index.php\/wp-json\/wp\/v2\/categories?post=37986"},{"taxonomy":"post_tag","embeddable":true,"href":"https:\/\/sp1.kielce.eu\/index.php\/wp-json\/wp\/v2\/tags?post=37986"}],"curies":[{"name":"wp","href":"https:\/\/api.w.org\/{rel}","templated":true}]}}