{"id":37890,"date":"2025-03-31T10:19:14","date_gmt":"2025-03-31T08:19:14","guid":{"rendered":"https:\/\/sp1.kielce.eu\/?p=37890"},"modified":"2025-03-31T10:19:14","modified_gmt":"2025-03-31T08:19:14","slug":"dni-patrona-w-szkole-podstawowej-nr-1-w-kielcach-2","status":"publish","type":"post","link":"https:\/\/sp1.kielce.eu\/index.php\/2025\/03\/31\/dni-patrona-w-szkole-podstawowej-nr-1-w-kielcach-2\/","title":{"rendered":"DNI PATRONA W SZKOLE PODSTAWOWEJ NR 1 W KIELCACH"},"content":{"rendered":"\n<p>W dniu 14 marca2025r. uczniowie klasy 5c odwiedzili O\u015brodek My\u015bli Patriotycznej i Obywatelskiej w Kielcach, gdzie zg\u0142\u0119biali wiedz\u0119 o patronie naszej szko\u0142y \u2013 Stanis\u0142awie Staszicu&nbsp; oraz jego imponuj\u0105cych dokonaniach. Podczas zaj\u0119\u0107 edukacyjnych uczniowie poznali r\u00f3wnie\u017c histori\u0119 patron\u00f3w ulic Kielc, odkrywaj\u0105c wa\u017cne postaci, kt\u00f3re kszta\u0142towa\u0142y lokaln\u0105 i narodow\u0105 to\u017csamo\u015b\u0107. Poznaj\u0105c topografi\u0119 miasta na mapie Kielc, uczniowie dowiedzieli si\u0119 gdzie znajduje si\u0119 m.in. ulica Tadeusza Ko\u015bciuszki, Stefana \u017beromskiego, czy Stefana Artwi\u0144skiego, plac \u015aw. Wojciecha. Zapoznali si\u0119 z wybitnymi osi\u0105gni\u0119ciami tych wielkich Polak\u00f3w.<\/p>\n\n\n\n<p>Nie zabrak\u0142o r\u00f3wnie\u017c emocjonuj\u0105cego zwiedzania podziemi dawnego wi\u0119zienia kieleckiego, znajduj\u0105cego si\u0119 na Wzg\u00f3rzu Zamkowym. Miejsce to, pe\u0142ne historycznych opowie\u015bci, pozwoli\u0142o uczniom lepiej zrozumie\u0107 trudne losy os\u00f3b, kt\u00f3re walczy\u0142y&nbsp; &nbsp; &nbsp; &nbsp; &nbsp; o wolno\u015b\u0107 i godno\u015b\u0107 w czasach represji.<\/p>\n\n\n\n<p>Wizyta w O\u015brodku by\u0142a nie tylko lekcj\u0105 historii, ale tak\u017ce inspiracj\u0105 do refleksji nad warto\u015bciami patriotycznymi i obywatelskimi.&nbsp; &nbsp;&nbsp; W szczeg\u00f3lno\u015bci wa\u017cnym by\u0142o przypomnienie sylwetki patrona Stanis\u0142awa Staszica&nbsp; i&nbsp; wielkiego jego&nbsp; znaczenia dla istnienia Kielc, jak r\u00f3wnie\u017c innych dokona\u0144 dla spo\u0142ecze\u0144stwa.&nbsp;<\/p>\n\n\n\n<p>Anna Borowska<\/p>\n\n\n\n<p>Maciej Zar\u0119ba<\/p>\n\n\n\n<figure class=\"wp-block-gallery has-nested-images columns-default is-cropped wp-block-gallery-1 is-layout-flex wp-block-gallery-is-layout-flex\">\n<figure class=\"wp-block-image size-large\"><img loading=\"lazy\" decoding=\"async\" width=\"1280\" height=\"721\" data-id=\"37891\" src=\"https:\/\/sp1.kielce.eu\/wp-content\/uploads\/2025\/03\/20250321_123623.jpg\" alt=\"\" class=\"wp-image-37891\" srcset=\"https:\/\/sp1.kielce.eu\/wp-content\/uploads\/2025\/03\/20250321_123623.jpg 1280w, https:\/\/sp1.kielce.eu\/wp-content\/uploads\/2025\/03\/20250321_123623-300x169.jpg 300w, https:\/\/sp1.kielce.eu\/wp-content\/uploads\/2025\/03\/20250321_123623-768x433.jpg 768w, https:\/\/sp1.kielce.eu\/wp-content\/uploads\/2025\/03\/20250321_123623-820x462.jpg 820w\" sizes=\"auto, (max-width: 1280px) 100vw, 1280px\" \/><\/figure>\n\n\n\n<figure class=\"wp-block-image size-large\"><img loading=\"lazy\" decoding=\"async\" width=\"1280\" height=\"721\" data-id=\"37893\" src=\"https:\/\/sp1.kielce.eu\/wp-content\/uploads\/2025\/03\/20250321_123634.jpg\" alt=\"\" class=\"wp-image-37893\" srcset=\"https:\/\/sp1.kielce.eu\/wp-content\/uploads\/2025\/03\/20250321_123634.jpg 1280w, https:\/\/sp1.kielce.eu\/wp-content\/uploads\/2025\/03\/20250321_123634-300x169.jpg 300w, https:\/\/sp1.kielce.eu\/wp-content\/uploads\/2025\/03\/20250321_123634-768x433.jpg 768w, https:\/\/sp1.kielce.eu\/wp-content\/uploads\/2025\/03\/20250321_123634-820x462.jpg 820w\" sizes=\"auto, (max-width: 1280px) 100vw, 1280px\" \/><\/figure>\n\n\n\n<figure class=\"wp-block-image size-large\"><img loading=\"lazy\" decoding=\"async\" width=\"1280\" height=\"720\" data-id=\"37892\" src=\"https:\/\/sp1.kielce.eu\/wp-content\/uploads\/2025\/03\/20250321_124515.jpg\" alt=\"\" class=\"wp-image-37892\" srcset=\"https:\/\/sp1.kielce.eu\/wp-content\/uploads\/2025\/03\/20250321_124515.jpg 1280w, https:\/\/sp1.kielce.eu\/wp-content\/uploads\/2025\/03\/20250321_124515-300x169.jpg 300w, https:\/\/sp1.kielce.eu\/wp-content\/uploads\/2025\/03\/20250321_124515-768x432.jpg 768w, https:\/\/sp1.kielce.eu\/wp-content\/uploads\/2025\/03\/20250321_124515-820x461.jpg 820w\" sizes=\"auto, (max-width: 1280px) 100vw, 1280px\" \/><\/figure>\n\n\n\n<figure class=\"wp-block-image size-large\"><img loading=\"lazy\" decoding=\"async\" width=\"1200\" height=\"900\" data-id=\"37894\" src=\"https:\/\/sp1.kielce.eu\/wp-content\/uploads\/2025\/03\/20250321_125000-1200x900.jpg\" alt=\"\" class=\"wp-image-37894\" srcset=\"https:\/\/sp1.kielce.eu\/wp-content\/uploads\/2025\/03\/20250321_125000-1200x900.jpg 1200w, https:\/\/sp1.kielce.eu\/wp-content\/uploads\/2025\/03\/20250321_125000-300x225.jpg 300w, https:\/\/sp1.kielce.eu\/wp-content\/uploads\/2025\/03\/20250321_125000-768x576.jpg 768w, https:\/\/sp1.kielce.eu\/wp-content\/uploads\/2025\/03\/20250321_125000-820x615.jpg 820w, https:\/\/sp1.kielce.eu\/wp-content\/uploads\/2025\/03\/20250321_125000.jpg 1280w\" sizes=\"auto, (max-width: 1200px) 100vw, 1200px\" \/><\/figure>\n<\/figure>\n","protected":false},"excerpt":{"rendered":"<p>W dniu 14 marca2025r. uczniowie klasy 5c odwiedzili O\u015brodek My\u015bli Patriotycznej i Obywatelskiej w Kielcach, [&hellip;]<\/p>\n","protected":false},"author":5,"featured_media":37891,"comment_status":"closed","ping_status":"","sticky":false,"template":"","format":"standard","meta":{"footnotes":""},"categories":[36],"tags":[],"class_list":["post-37890","post","type-post","status-publish","format-standard","has-post-thumbnail","hentry","category-wydarzenia"],"_links":{"self":[{"href":"https:\/\/sp1.kielce.eu\/index.php\/wp-json\/wp\/v2\/posts\/37890","targetHints":{"allow":["GET"]}}],"collection":[{"href":"https:\/\/sp1.kielce.eu\/index.php\/wp-json\/wp\/v2\/posts"}],"about":[{"href":"https:\/\/sp1.kielce.eu\/index.php\/wp-json\/wp\/v2\/types\/post"}],"author":[{"embeddable":true,"href":"https:\/\/sp1.kielce.eu\/index.php\/wp-json\/wp\/v2\/users\/5"}],"replies":[{"embeddable":true,"href":"https:\/\/sp1.kielce.eu\/index.php\/wp-json\/wp\/v2\/comments?post=37890"}],"version-history":[{"count":1,"href":"https:\/\/sp1.kielce.eu\/index.php\/wp-json\/wp\/v2\/posts\/37890\/revisions"}],"predecessor-version":[{"id":37895,"href":"https:\/\/sp1.kielce.eu\/index.php\/wp-json\/wp\/v2\/posts\/37890\/revisions\/37895"}],"wp:featuredmedia":[{"embeddable":true,"href":"https:\/\/sp1.kielce.eu\/index.php\/wp-json\/wp\/v2\/media\/37891"}],"wp:attachment":[{"href":"https:\/\/sp1.kielce.eu\/index.php\/wp-json\/wp\/v2\/media?parent=37890"}],"wp:term":[{"taxonomy":"category","embeddable":true,"href":"https:\/\/sp1.kielce.eu\/index.php\/wp-json\/wp\/v2\/categories?post=37890"},{"taxonomy":"post_tag","embeddable":true,"href":"https:\/\/sp1.kielce.eu\/index.php\/wp-json\/wp\/v2\/tags?post=37890"}],"curies":[{"name":"wp","href":"https:\/\/api.w.org\/{rel}","templated":true}]}}