{"id":37874,"date":"2025-03-29T09:11:43","date_gmt":"2025-03-29T08:11:43","guid":{"rendered":"https:\/\/sp1.kielce.eu\/?p=37874"},"modified":"2025-03-29T09:13:02","modified_gmt":"2025-03-29T08:13:02","slug":"zielone-kapelusze-na-dzien-sw-patryka","status":"publish","type":"post","link":"https:\/\/sp1.kielce.eu\/index.php\/2025\/03\/29\/zielone-kapelusze-na-dzien-sw-patryka\/","title":{"rendered":"Zielone kapelusze na Dzie\u0144 \u015aw. Patryka"},"content":{"rendered":"\n<p>Dzie\u0144 \u015aw. Patryka jest obchodzony 17 marca i jest to irlandzkie \u015bwi\u0119tego narodowe. Celem tego dnia jest upami\u0119tnienie \u017cycie \u015awi\u0119tego Patryka, patrona Irlandii, kt\u00f3ry, wed\u0142ug tradycji, przyczyni\u0142 si\u0119 do szerzenia chrze\u015bcija\u0144stwa w Irlandii. Irlandczycy na ca\u0142ym \u015bwiecie obchodz\u0105 ten dzie\u0144 bardzo hucznie i rado\u015bnie. Organizowane s\u0105 wyst\u0119py, parady, a w Chicago barwi si\u0119 nawet rzek\u0119 na zielono. <\/p>\n\n\n\n<p>Z tej okazji jak co roku w ramach zaj\u0119\u0107 z kultury kraj\u00f3w angloj\u0119zycznych klasy pierwsze przygotowywa\u0142y na konkurs pi\u0119kne zielone kapelusze z okazji Dnia \u015aw. Patryka. Dzieci udekorowa\u0142y je r\u00f3\u017cnymi symbolami Dnia \u015aw. Patryka, a wi\u0119c koniczynkami, podkowami, czy t\u0119cz\u0105. Uczestnicy otrzymali drobne upominki od wydawnictwa Macmillan, za kt\u00f3re serdecznie dzi\u0119kujemy!<\/p>\n\n\n\n<p>Zapraszamy do obejrzenia galerii!<\/p>\n\n\n\n<p>Marta Pawlak<\/p>\n\n\n\n<p>Klaudia Gola<\/p>\n\n\n\n<figure class=\"wp-block-image size-full\"><img loading=\"lazy\" decoding=\"async\" width=\"640\" height=\"480\" src=\"https:\/\/sp1.kielce.eu\/wp-content\/uploads\/2025\/03\/1743234983491-Copy.jpg\" alt=\"\" class=\"wp-image-37875\" srcset=\"https:\/\/sp1.kielce.eu\/wp-content\/uploads\/2025\/03\/1743234983491-Copy.jpg 640w, https:\/\/sp1.kielce.eu\/wp-content\/uploads\/2025\/03\/1743234983491-Copy-300x225.jpg 300w\" sizes=\"auto, (max-width: 640px) 100vw, 640px\" \/><\/figure>\n\n\n\n<figure class=\"wp-block-image size-full\"><img loading=\"lazy\" decoding=\"async\" width=\"360\" height=\"480\" src=\"https:\/\/sp1.kielce.eu\/wp-content\/uploads\/2025\/03\/1743234983496-Copy.jpg\" alt=\"\" class=\"wp-image-37877\" srcset=\"https:\/\/sp1.kielce.eu\/wp-content\/uploads\/2025\/03\/1743234983496-Copy.jpg 360w, https:\/\/sp1.kielce.eu\/wp-content\/uploads\/2025\/03\/1743234983496-Copy-225x300.jpg 225w\" sizes=\"auto, (max-width: 360px) 100vw, 360px\" \/><\/figure>\n\n\n\n<figure class=\"wp-block-image size-full\"><img loading=\"lazy\" decoding=\"async\" width=\"360\" height=\"480\" src=\"https:\/\/sp1.kielce.eu\/wp-content\/uploads\/2025\/03\/1743234983501-Copy.jpg\" alt=\"\" class=\"wp-image-37876\" srcset=\"https:\/\/sp1.kielce.eu\/wp-content\/uploads\/2025\/03\/1743234983501-Copy.jpg 360w, https:\/\/sp1.kielce.eu\/wp-content\/uploads\/2025\/03\/1743234983501-Copy-225x300.jpg 225w\" sizes=\"auto, (max-width: 360px) 100vw, 360px\" \/><\/figure>\n\n\n\n<figure class=\"wp-block-image size-full\"><img loading=\"lazy\" decoding=\"async\" width=\"640\" height=\"480\" src=\"https:\/\/sp1.kielce.eu\/wp-content\/uploads\/2025\/03\/1743235025066-Copy.jpg\" alt=\"\" class=\"wp-image-37878\" srcset=\"https:\/\/sp1.kielce.eu\/wp-content\/uploads\/2025\/03\/1743235025066-Copy.jpg 640w, https:\/\/sp1.kielce.eu\/wp-content\/uploads\/2025\/03\/1743235025066-Copy-300x225.jpg 300w\" sizes=\"auto, (max-width: 640px) 100vw, 640px\" \/><\/figure>\n","protected":false},"excerpt":{"rendered":"<p>Dzie\u0144 \u015aw. Patryka jest obchodzony 17 marca i jest to irlandzkie \u015bwi\u0119tego narodowe. Celem tego [&hellip;]<\/p>\n","protected":false},"author":14,"featured_media":37879,"comment_status":"closed","ping_status":"","sticky":false,"template":"","format":"standard","meta":{"footnotes":""},"categories":[36],"tags":[],"class_list":["post-37874","post","type-post","status-publish","format-standard","has-post-thumbnail","hentry","category-wydarzenia"],"_links":{"self":[{"href":"https:\/\/sp1.kielce.eu\/index.php\/wp-json\/wp\/v2\/posts\/37874","targetHints":{"allow":["GET"]}}],"collection":[{"href":"https:\/\/sp1.kielce.eu\/index.php\/wp-json\/wp\/v2\/posts"}],"about":[{"href":"https:\/\/sp1.kielce.eu\/index.php\/wp-json\/wp\/v2\/types\/post"}],"author":[{"embeddable":true,"href":"https:\/\/sp1.kielce.eu\/index.php\/wp-json\/wp\/v2\/users\/14"}],"replies":[{"embeddable":true,"href":"https:\/\/sp1.kielce.eu\/index.php\/wp-json\/wp\/v2\/comments?post=37874"}],"version-history":[{"count":2,"href":"https:\/\/sp1.kielce.eu\/index.php\/wp-json\/wp\/v2\/posts\/37874\/revisions"}],"predecessor-version":[{"id":37881,"href":"https:\/\/sp1.kielce.eu\/index.php\/wp-json\/wp\/v2\/posts\/37874\/revisions\/37881"}],"wp:featuredmedia":[{"embeddable":true,"href":"https:\/\/sp1.kielce.eu\/index.php\/wp-json\/wp\/v2\/media\/37879"}],"wp:attachment":[{"href":"https:\/\/sp1.kielce.eu\/index.php\/wp-json\/wp\/v2\/media?parent=37874"}],"wp:term":[{"taxonomy":"category","embeddable":true,"href":"https:\/\/sp1.kielce.eu\/index.php\/wp-json\/wp\/v2\/categories?post=37874"},{"taxonomy":"post_tag","embeddable":true,"href":"https:\/\/sp1.kielce.eu\/index.php\/wp-json\/wp\/v2\/tags?post=37874"}],"curies":[{"name":"wp","href":"https:\/\/api.w.org\/{rel}","templated":true}]}}