{"id":37861,"date":"2025-03-28T16:50:00","date_gmt":"2025-03-28T15:50:00","guid":{"rendered":"https:\/\/sp1.kielce.eu\/?p=37861"},"modified":"2026-02-10T20:17:04","modified_gmt":"2026-02-10T19:17:04","slug":"laureaci-wojewodzkich-konkursow-przedmiotowych-organizowanych-przez-kuratorium-oswiaty-w-kielcach-2024-2025","status":"publish","type":"post","link":"https:\/\/sp1.kielce.eu\/index.php\/2025\/03\/28\/laureaci-wojewodzkich-konkursow-przedmiotowych-organizowanych-przez-kuratorium-oswiaty-w-kielcach-2024-2025\/","title":{"rendered":"Laureaci i Finali\u015bci Wojew\u00f3dzkich Konkurs\u00f3w Przedmiotowych organizowanych przez Kuratorium O\u015bwiaty w Kielcach &#8211; 2024\/2025"},"content":{"rendered":"\n<h2 class=\"wp-block-heading has-vivid-cyan-blue-color has-text-color has-link-color wp-elements-43423822a7b5b8b2f0798b460ee02df5\"><strong>LAUREACI:<\/strong><\/h2>\n\n\n\n<p class=\"has-vivid-cyan-blue-color has-text-color has-link-color wp-elements-576c3b74d52908c3857a78cfa6cebc39\"><strong>VI Wojew\u00f3dzki Konkurs z Chemii<\/strong><\/p>\n\n\n\n<p><strong>Julia Graba, <\/strong>klasa 8a<br><strong>Antoni Konicki, <\/strong>klasa 8b<br>opiekun: <strong>Anna Stradomska<\/strong><\/p>\n\n\n\n<hr class=\"wp-block-separator has-alpha-channel-opacity\"\/>\n\n\n\n<p class=\"has-vivid-cyan-blue-color has-text-color has-link-color wp-elements-676b4f882c46a6333c19424de2dab245\"><strong>VI Wojew\u00f3dzki Konkurs z Historii<\/strong><\/p>\n\n\n\n<p><strong>Karol Sacha, <\/strong>klasa 8b<br>opiekun:<strong> Katarzyna Szostak<\/strong><\/p>\n\n\n\n<hr class=\"wp-block-separator has-alpha-channel-opacity\"\/>\n\n\n\n<p class=\"has-vivid-cyan-blue-color has-text-color has-link-color wp-elements-57e05c01eb034298c7dde9a4b112fd4a\"><strong>IX Wojew\u00f3dzki Konkurs z Matematyki<\/strong><\/p>\n\n\n\n<p><strong>Pawe\u0142 Hunek, <\/strong>klasa 8a<br>opiekun:<strong> Anna Mazur<\/strong><\/p>\n\n\n\n<hr class=\"wp-block-separator has-alpha-channel-opacity\"\/>\n\n\n\n<p class=\"has-vivid-cyan-blue-color has-text-color has-link-color wp-elements-be2044639a2c2c1e52dda755be61acf7\"><strong>VI Wojew\u00f3dzki Konkurs z Informatyki<\/strong><\/p>\n\n\n\n<p><strong>Pawe\u0142 Hunek, <\/strong>klasa 8a<br>opiekun:<strong> Dariusz St\u0119pie\u0144<\/strong><\/p>\n\n\n\n<hr class=\"wp-block-separator has-alpha-channel-opacity\"\/>\n\n\n\n<hr class=\"wp-block-separator has-alpha-channel-opacity\"\/>\n\n\n\n<h2 class=\"wp-block-heading\"><strong>FINALI\u015aCI<\/strong><\/h2>\n\n\n\n<p><strong>VIII Wojew\u00f3dzki Konkurs z J\u0119zyka Polskiego<\/strong><br><br><strong>Julia Graba<\/strong>, klasa 8a,<br><strong>Pawe\u0142 Hunek<\/strong>, klasa 8a<br><strong>Lena Kr\u00f3l<\/strong>, klasa 8a<br><strong>Bartosz Toporowski<\/strong>, klasa 8a<br><strong>Amelia Stycze\u0144<\/strong>, klasa 8a<br><strong>Natalia Czy\u017c<\/strong>, klasa 8b<br>opiekun:<strong> Dorota Broni\u015b<\/strong><\/p>\n\n\n\n<hr class=\"wp-block-separator has-alpha-channel-opacity\"\/>\n\n\n\n<p><strong>VI Wojew\u00f3dzki Konkurs z Fizyki<\/strong><br><br><strong>Pawe\u0142 Hunek<\/strong>, klasa 8a<br>opiekun:<strong> Patrycja Zar\u0119ba-Michalska<\/strong><\/p>\n\n\n\n<hr class=\"wp-block-separator has-alpha-channel-opacity\"\/>\n\n\n\n<p><strong>XII Wojew\u00f3dzki Konkurs z J\u0119zyka Angielskiego<\/strong><br><br><strong>Jakub Jeziorski<\/strong>, klasa 7b<br>opiekun:<strong> Paulina Kondracka<\/strong><\/p>\n\n\n\n<hr class=\"wp-block-separator has-alpha-channel-opacity\"\/>\n\n\n\n<p><strong>VI Wojew\u00f3dzki Konkurs z Informatyki<\/strong><br><br><strong>Franciszek Banasik<\/strong>, klasa 8b<br>opiekun:<strong> Dariusz St\u0119pie\u0144<\/strong><\/p>\n","protected":false},"excerpt":{"rendered":"<p>LAUREACI: VI Wojew\u00f3dzki Konkurs z Chemii Julia Graba, klasa 8aAntoni Konicki, klasa 8bopiekun: Anna Stradomska [&hellip;]<\/p>\n","protected":false},"author":4,"featured_media":15077,"comment_status":"closed","ping_status":"","sticky":false,"template":"","format":"standard","meta":{"footnotes":""},"categories":[36,10,21],"tags":[],"class_list":["post-37861","post","type-post","status-publish","format-standard","has-post-thumbnail","hentry","category-wydarzenia","category-konkursy-przedmiotowe","category-konkursy"],"_links":{"self":[{"href":"https:\/\/sp1.kielce.eu\/index.php\/wp-json\/wp\/v2\/posts\/37861","targetHints":{"allow":["GET"]}}],"collection":[{"href":"https:\/\/sp1.kielce.eu\/index.php\/wp-json\/wp\/v2\/posts"}],"about":[{"href":"https:\/\/sp1.kielce.eu\/index.php\/wp-json\/wp\/v2\/types\/post"}],"author":[{"embeddable":true,"href":"https:\/\/sp1.kielce.eu\/index.php\/wp-json\/wp\/v2\/users\/4"}],"replies":[{"embeddable":true,"href":"https:\/\/sp1.kielce.eu\/index.php\/wp-json\/wp\/v2\/comments?post=37861"}],"version-history":[{"count":8,"href":"https:\/\/sp1.kielce.eu\/index.php\/wp-json\/wp\/v2\/posts\/37861\/revisions"}],"predecessor-version":[{"id":37872,"href":"https:\/\/sp1.kielce.eu\/index.php\/wp-json\/wp\/v2\/posts\/37861\/revisions\/37872"}],"wp:featuredmedia":[{"embeddable":true,"href":"https:\/\/sp1.kielce.eu\/index.php\/wp-json\/wp\/v2\/media\/15077"}],"wp:attachment":[{"href":"https:\/\/sp1.kielce.eu\/index.php\/wp-json\/wp\/v2\/media?parent=37861"}],"wp:term":[{"taxonomy":"category","embeddable":true,"href":"https:\/\/sp1.kielce.eu\/index.php\/wp-json\/wp\/v2\/categories?post=37861"},{"taxonomy":"post_tag","embeddable":true,"href":"https:\/\/sp1.kielce.eu\/index.php\/wp-json\/wp\/v2\/tags?post=37861"}],"curies":[{"name":"wp","href":"https:\/\/api.w.org\/{rel}","templated":true}]}}