{"id":37731,"date":"2025-03-18T12:06:15","date_gmt":"2025-03-18T11:06:15","guid":{"rendered":"https:\/\/sp1.kielce.eu\/?p=37731"},"modified":"2025-03-18T12:06:15","modified_gmt":"2025-03-18T11:06:15","slug":"informator-dla-osmoklasisty","status":"publish","type":"post","link":"https:\/\/sp1.kielce.eu\/index.php\/2025\/03\/18\/informator-dla-osmoklasisty\/","title":{"rendered":"Informator dla \u00f3smoklasisty"},"content":{"rendered":"\n<p><strong>Informator 2025\/2026<\/strong> \u2013 oferta edukacyjna szk\u00f3\u0142 kszta\u0142c\u0105cych w zawodach kszta\u0142cenia bran\u017cowego w wojew\u00f3dztwie \u015bwi\u0119tokrzyskim<\/p>\n\n\n\n<p><a href=\"https:\/\/kuratorium.kielce.pl\/wp-content\/uploads\/2025\/03\/1_kuratorium-oswiaty-w-kielcach-informator-szkoly-2025_2026-1.pdf\">https:\/\/kuratorium.kielce.pl\/wp-content\/uploads\/2025\/03\/1_kuratorium-oswiaty-w-kielcach-informator-szkoly-2025_2026-1.pdf<\/a><\/p>\n\n\n\n<p><br><strong>Informator<\/strong> \u2013 oferta edukacyjna lice\u00f3w og\u00f3lnokszta\u0142c\u0105cych, w tym lice\u00f3w og\u00f3lnokszta\u0142c\u0105cych dla doros\u0142ych, w wojew\u00f3dztwie \u015bwi\u0119tokrzyskim na rok szkolny 2025\/2026<\/p>\n\n\n\n<p><a href=\"https:\/\/kuratorium.kielce.pl\/wp-content\/uploads\/2025\/03\/informator-2025-2026-oferta-edukacyjna-liceow-ogolnoksztalcacych-wojewodztwo-swietokrzyskie-2.pdf\">https:\/\/kuratorium.kielce.pl\/wp-content\/uploads\/2025\/03\/informator-2025-2026-oferta-edukacyjna-liceow-ogolnoksztalcacych-wojewodztwo-swietokrzyskie-2.pdf<\/a><\/p>\n","protected":false},"excerpt":{"rendered":"<p>Informator 2025\/2026 \u2013 oferta edukacyjna szk\u00f3\u0142 kszta\u0142c\u0105cych w zawodach kszta\u0142cenia bran\u017cowego w wojew\u00f3dztwie \u015bwi\u0119tokrzyskim https:\/\/kuratorium.kielce.pl\/wp-content\/uploads\/2025\/03\/1_kuratorium-oswiaty-w-kielcach-informator-szkoly-2025_2026-1.pdf [&hellip;]<\/p>\n","protected":false},"author":5,"featured_media":37732,"comment_status":"closed","ping_status":"","sticky":false,"template":"","format":"standard","meta":{"footnotes":""},"categories":[36,143],"tags":[],"class_list":["post-37731","post","type-post","status-publish","format-standard","has-post-thumbnail","hentry","category-wydarzenia","category-dorzaw"],"_links":{"self":[{"href":"https:\/\/sp1.kielce.eu\/index.php\/wp-json\/wp\/v2\/posts\/37731","targetHints":{"allow":["GET"]}}],"collection":[{"href":"https:\/\/sp1.kielce.eu\/index.php\/wp-json\/wp\/v2\/posts"}],"about":[{"href":"https:\/\/sp1.kielce.eu\/index.php\/wp-json\/wp\/v2\/types\/post"}],"author":[{"embeddable":true,"href":"https:\/\/sp1.kielce.eu\/index.php\/wp-json\/wp\/v2\/users\/5"}],"replies":[{"embeddable":true,"href":"https:\/\/sp1.kielce.eu\/index.php\/wp-json\/wp\/v2\/comments?post=37731"}],"version-history":[{"count":1,"href":"https:\/\/sp1.kielce.eu\/index.php\/wp-json\/wp\/v2\/posts\/37731\/revisions"}],"predecessor-version":[{"id":37733,"href":"https:\/\/sp1.kielce.eu\/index.php\/wp-json\/wp\/v2\/posts\/37731\/revisions\/37733"}],"wp:featuredmedia":[{"embeddable":true,"href":"https:\/\/sp1.kielce.eu\/index.php\/wp-json\/wp\/v2\/media\/37732"}],"wp:attachment":[{"href":"https:\/\/sp1.kielce.eu\/index.php\/wp-json\/wp\/v2\/media?parent=37731"}],"wp:term":[{"taxonomy":"category","embeddable":true,"href":"https:\/\/sp1.kielce.eu\/index.php\/wp-json\/wp\/v2\/categories?post=37731"},{"taxonomy":"post_tag","embeddable":true,"href":"https:\/\/sp1.kielce.eu\/index.php\/wp-json\/wp\/v2\/tags?post=37731"}],"curies":[{"name":"wp","href":"https:\/\/api.w.org\/{rel}","templated":true}]}}