{"id":37700,"date":"2025-03-10T22:00:53","date_gmt":"2025-03-10T21:00:53","guid":{"rendered":"https:\/\/sp1.kielce.eu\/?p=37700"},"modified":"2025-03-10T22:02:26","modified_gmt":"2025-03-10T21:02:26","slug":"ratujemy-i-uczymy-radowac-warsztaty-z-pierwszej-pomocy-dla-dzieci-z-zerowek","status":"publish","type":"post","link":"https:\/\/sp1.kielce.eu\/index.php\/2025\/03\/10\/ratujemy-i-uczymy-radowac-warsztaty-z-pierwszej-pomocy-dla-dzieci-z-zerowek\/","title":{"rendered":"Ratujemy i uczymy radowa\u0107: Warsztaty z Pierwszej Pomocy dla Dzieci z Zer\u00f3wek"},"content":{"rendered":"\n<p>27 lutego nasza szko\u0142a mia\u0142a przyjemno\u015b\u0107 go\u015bci\u0107 dzieci z pobliskich zer\u00f3wek. Zorganizowali\u015bmy dla nich wyj\u0105tkowe zaj\u0119cia, podczas kt\u00f3rych starsi uczniowie nauczyli m\u0142odszych koleg\u00f3w, jak udziela\u0107 pierwszej pomocy.<\/p>\n\n\n\n<p>Podczas warsztat\u00f3w dzieci mia\u0142y okazj\u0119 \u0107wiczy\u0107 na fantomach, podstawowe techniki ratunkowe, takie jak resuscytacja kr\u0105\u017ceniowo-oddechowa (RKO) czy u\u0142o\u017cenie w pozycji bocznej. M\u0142odsze dzieci z entuzjazmem bra\u0142y udzia\u0142 w \u0107wiczeniach, ucz\u0105c si\u0119, jak reagowa\u0107 w sytuacjach kryzysowych.<\/p>\n\n\n\n<p>W wydarzeniu wzi\u0119li r\u00f3wnie\u017c udzia\u0142 nasi wolontariusze&nbsp;przebywaj\u0105cy w naszej szkole w ramach wsp\u00f3\u0142pracy z Regionalnym Centrum Wolontariatu. Poprowadzili oni zabawy edukacyjne w j\u0119zyku angielskim. Dzieci mia\u0142y okazj\u0119 w ciekawy spos\u00f3b poznawa\u0107 nowe s\u0142\u00f3wka oraz zwroty, jednocze\u015bnie bawi\u0105c si\u0119 i ucz\u0105c.<\/p>\n\n\n\n<p>Zaj\u0119cia mia\u0142y na celu nie tylko przekazanie wa\u017cnych umiej\u0119tno\u015bci, ale r\u00f3wnie\u017c promowanie warto\u015bci takich jak pomoc drugiemu cz\u0142owiekowi i wsp\u00f3\u0142praca. By\u0142a to \u015bwietna okazja do integracji dzieci z r\u00f3\u017cnych grup wiekowych oraz do wsp\u00f3lnego uczenia si\u0119 przez zabaw\u0119.<\/p>\n\n\n\n<p>Zesp\u00f3\u0142 ds. Promocji Szko\u0142y<\/p>\n\n\n\n<p>Nauczyciele edukacji wczesnoszkolnej<\/p>\n\n\n\n<p>Wychowawcy \u015awietlicy Szkolnej<\/p>\n\n\n\n<p>Koordynator Wolontariuszy RCW<\/p>\n\n\n\n<p>Zapraszamy do obejrzenia galerii!<\/p>\n\n\n\n<figure class=\"wp-block-gallery has-nested-images columns-default is-cropped wp-block-gallery-1 is-layout-flex wp-block-gallery-is-layout-flex\">\n<figure class=\"wp-block-image size-large\"><img loading=\"lazy\" decoding=\"async\" width=\"222\" height=\"480\" data-id=\"37705\" src=\"https:\/\/sp1.kielce.eu\/wp-content\/uploads\/2025\/03\/1741639895951-Copy.jpg\" alt=\"\" class=\"wp-image-37705\" srcset=\"https:\/\/sp1.kielce.eu\/wp-content\/uploads\/2025\/03\/1741639895951-Copy.jpg 222w, https:\/\/sp1.kielce.eu\/wp-content\/uploads\/2025\/03\/1741639895951-Copy-139x300.jpg 139w\" sizes=\"auto, (max-width: 222px) 100vw, 222px\" \/><\/figure>\n\n\n\n<figure class=\"wp-block-image size-large\"><img loading=\"lazy\" decoding=\"async\" width=\"640\" height=\"295\" data-id=\"37702\" src=\"https:\/\/sp1.kielce.eu\/wp-content\/uploads\/2025\/03\/1741639895907-Copy.jpg\" alt=\"\" class=\"wp-image-37702\" srcset=\"https:\/\/sp1.kielce.eu\/wp-content\/uploads\/2025\/03\/1741639895907-Copy.jpg 640w, https:\/\/sp1.kielce.eu\/wp-content\/uploads\/2025\/03\/1741639895907-Copy-300x138.jpg 300w\" sizes=\"auto, (max-width: 640px) 100vw, 640px\" \/><\/figure>\n\n\n\n<figure class=\"wp-block-image size-large\"><img loading=\"lazy\" decoding=\"async\" width=\"640\" height=\"295\" data-id=\"37706\" src=\"https:\/\/sp1.kielce.eu\/wp-content\/uploads\/2025\/03\/1741639895913-Copy.jpg\" alt=\"\" class=\"wp-image-37706\" srcset=\"https:\/\/sp1.kielce.eu\/wp-content\/uploads\/2025\/03\/1741639895913-Copy.jpg 640w, https:\/\/sp1.kielce.eu\/wp-content\/uploads\/2025\/03\/1741639895913-Copy-300x138.jpg 300w\" sizes=\"auto, (max-width: 640px) 100vw, 640px\" \/><\/figure>\n\n\n\n<figure class=\"wp-block-image size-large\"><img loading=\"lazy\" decoding=\"async\" width=\"640\" height=\"295\" data-id=\"37707\" src=\"https:\/\/sp1.kielce.eu\/wp-content\/uploads\/2025\/03\/1741639895919-Copy.jpg\" alt=\"\" class=\"wp-image-37707\" srcset=\"https:\/\/sp1.kielce.eu\/wp-content\/uploads\/2025\/03\/1741639895919-Copy.jpg 640w, https:\/\/sp1.kielce.eu\/wp-content\/uploads\/2025\/03\/1741639895919-Copy-300x138.jpg 300w\" sizes=\"auto, (max-width: 640px) 100vw, 640px\" \/><\/figure>\n\n\n\n<figure class=\"wp-block-image size-large\"><img loading=\"lazy\" decoding=\"async\" width=\"640\" height=\"295\" data-id=\"37704\" src=\"https:\/\/sp1.kielce.eu\/wp-content\/uploads\/2025\/03\/1741639895924-Copy.jpg\" alt=\"\" class=\"wp-image-37704\" srcset=\"https:\/\/sp1.kielce.eu\/wp-content\/uploads\/2025\/03\/1741639895924-Copy.jpg 640w, https:\/\/sp1.kielce.eu\/wp-content\/uploads\/2025\/03\/1741639895924-Copy-300x138.jpg 300w\" sizes=\"auto, (max-width: 640px) 100vw, 640px\" \/><\/figure>\n\n\n\n<figure class=\"wp-block-image size-large\"><img loading=\"lazy\" decoding=\"async\" width=\"222\" height=\"480\" data-id=\"37703\" src=\"https:\/\/sp1.kielce.eu\/wp-content\/uploads\/2025\/03\/1741639895930-Copy.jpg\" alt=\"\" class=\"wp-image-37703\" srcset=\"https:\/\/sp1.kielce.eu\/wp-content\/uploads\/2025\/03\/1741639895930-Copy.jpg 222w, https:\/\/sp1.kielce.eu\/wp-content\/uploads\/2025\/03\/1741639895930-Copy-139x300.jpg 139w\" sizes=\"auto, (max-width: 222px) 100vw, 222px\" \/><\/figure>\n\n\n\n<figure class=\"wp-block-image size-large\"><img loading=\"lazy\" decoding=\"async\" width=\"640\" height=\"480\" data-id=\"37708\" src=\"https:\/\/sp1.kielce.eu\/wp-content\/uploads\/2025\/03\/1741639895938-Copy.jpg\" alt=\"\" class=\"wp-image-37708\" srcset=\"https:\/\/sp1.kielce.eu\/wp-content\/uploads\/2025\/03\/1741639895938-Copy.jpg 640w, https:\/\/sp1.kielce.eu\/wp-content\/uploads\/2025\/03\/1741639895938-Copy-300x225.jpg 300w\" sizes=\"auto, (max-width: 640px) 100vw, 640px\" \/><\/figure>\n\n\n\n<figure class=\"wp-block-image size-large\"><img loading=\"lazy\" decoding=\"async\" width=\"640\" height=\"480\" data-id=\"37709\" src=\"https:\/\/sp1.kielce.eu\/wp-content\/uploads\/2025\/03\/1741639895945-Copy.jpg\" alt=\"\" class=\"wp-image-37709\" srcset=\"https:\/\/sp1.kielce.eu\/wp-content\/uploads\/2025\/03\/1741639895945-Copy.jpg 640w, https:\/\/sp1.kielce.eu\/wp-content\/uploads\/2025\/03\/1741639895945-Copy-300x225.jpg 300w\" sizes=\"auto, (max-width: 640px) 100vw, 640px\" \/><\/figure>\n<\/figure>\n\n\n\n<figure class=\"wp-block-gallery has-nested-images columns-default is-cropped wp-block-gallery-2 is-layout-flex wp-block-gallery-is-layout-flex\">\n<figure class=\"wp-block-image size-large\"><img loading=\"lazy\" decoding=\"async\" width=\"1400\" height=\"318\" data-id=\"37691\" src=\"https:\/\/sp1.kielce.eu\/wp-content\/uploads\/2025\/03\/PL_FundedbytheEU_RGB_Monochrome-1400x318.png\" alt=\"\" class=\"wp-image-37691\" srcset=\"https:\/\/sp1.kielce.eu\/wp-content\/uploads\/2025\/03\/PL_FundedbytheEU_RGB_Monochrome-1400x318.png 1400w, https:\/\/sp1.kielce.eu\/wp-content\/uploads\/2025\/03\/PL_FundedbytheEU_RGB_Monochrome-300x68.png 300w, https:\/\/sp1.kielce.eu\/wp-content\/uploads\/2025\/03\/PL_FundedbytheEU_RGB_Monochrome-768x174.png 768w, https:\/\/sp1.kielce.eu\/wp-content\/uploads\/2025\/03\/PL_FundedbytheEU_RGB_Monochrome-1536x349.png 1536w, https:\/\/sp1.kielce.eu\/wp-content\/uploads\/2025\/03\/PL_FundedbytheEU_RGB_Monochrome-2048x465.png 2048w, https:\/\/sp1.kielce.eu\/wp-content\/uploads\/2025\/03\/PL_FundedbytheEU_RGB_Monochrome-820x186.png 820w\" sizes=\"auto, (max-width: 1400px) 100vw, 1400px\" \/><\/figure>\n\n\n\n<figure class=\"wp-block-image size-large\"><img loading=\"lazy\" decoding=\"async\" width=\"640\" height=\"212\" data-id=\"37692\" src=\"https:\/\/sp1.kielce.eu\/wp-content\/uploads\/2025\/03\/SolidarityCorps_with_tagline-for_non_EC-PL-Copy.png\" alt=\"\" class=\"wp-image-37692\" srcset=\"https:\/\/sp1.kielce.eu\/wp-content\/uploads\/2025\/03\/SolidarityCorps_with_tagline-for_non_EC-PL-Copy.png 640w, https:\/\/sp1.kielce.eu\/wp-content\/uploads\/2025\/03\/SolidarityCorps_with_tagline-for_non_EC-PL-Copy-300x99.png 300w\" sizes=\"auto, (max-width: 640px) 100vw, 640px\" \/><\/figure>\n<\/figure>\n","protected":false},"excerpt":{"rendered":"<p>27 lutego nasza szko\u0142a mia\u0142a przyjemno\u015b\u0107 go\u015bci\u0107 dzieci z pobliskich zer\u00f3wek. Zorganizowali\u015bmy dla nich wyj\u0105tkowe [&hellip;]<\/p>\n","protected":false},"author":14,"featured_media":37707,"comment_status":"closed","ping_status":"","sticky":false,"template":"","format":"standard","meta":{"footnotes":""},"categories":[36,189,196],"tags":[],"class_list":["post-37700","post","type-post","status-publish","format-standard","has-post-thumbnail","hentry","category-wydarzenia","category-ratujemy-i-uczymy-ratowac","category-rcw"],"_links":{"self":[{"href":"https:\/\/sp1.kielce.eu\/index.php\/wp-json\/wp\/v2\/posts\/37700","targetHints":{"allow":["GET"]}}],"collection":[{"href":"https:\/\/sp1.kielce.eu\/index.php\/wp-json\/wp\/v2\/posts"}],"about":[{"href":"https:\/\/sp1.kielce.eu\/index.php\/wp-json\/wp\/v2\/types\/post"}],"author":[{"embeddable":true,"href":"https:\/\/sp1.kielce.eu\/index.php\/wp-json\/wp\/v2\/users\/14"}],"replies":[{"embeddable":true,"href":"https:\/\/sp1.kielce.eu\/index.php\/wp-json\/wp\/v2\/comments?post=37700"}],"version-history":[{"count":4,"href":"https:\/\/sp1.kielce.eu\/index.php\/wp-json\/wp\/v2\/posts\/37700\/revisions"}],"predecessor-version":[{"id":37712,"href":"https:\/\/sp1.kielce.eu\/index.php\/wp-json\/wp\/v2\/posts\/37700\/revisions\/37712"}],"wp:featuredmedia":[{"embeddable":true,"href":"https:\/\/sp1.kielce.eu\/index.php\/wp-json\/wp\/v2\/media\/37707"}],"wp:attachment":[{"href":"https:\/\/sp1.kielce.eu\/index.php\/wp-json\/wp\/v2\/media?parent=37700"}],"wp:term":[{"taxonomy":"category","embeddable":true,"href":"https:\/\/sp1.kielce.eu\/index.php\/wp-json\/wp\/v2\/categories?post=37700"},{"taxonomy":"post_tag","embeddable":true,"href":"https:\/\/sp1.kielce.eu\/index.php\/wp-json\/wp\/v2\/tags?post=37700"}],"curies":[{"name":"wp","href":"https:\/\/api.w.org\/{rel}","templated":true}]}}