{"id":37487,"date":"2025-02-12T08:19:00","date_gmt":"2025-02-12T07:19:00","guid":{"rendered":"https:\/\/sp1.kielce.eu\/?p=37487"},"modified":"2025-02-12T08:19:00","modified_gmt":"2025-02-12T07:19:00","slug":"mistrzostwa-kielc-w-mini-pilce-siatkowej-chlopcow-rocznik-2012-i-mlodsi","status":"publish","type":"post","link":"https:\/\/sp1.kielce.eu\/index.php\/2025\/02\/12\/mistrzostwa-kielc-w-mini-pilce-siatkowej-chlopcow-rocznik-2012-i-mlodsi\/","title":{"rendered":"MISTRZOSTWA KIELC W Mini\u00a0 Pi\u0142ce Siatkowej Ch\u0142opc\u00f3w rocznik 2012 i m\u0142odsi"},"content":{"rendered":"\n<p>W dniu 06.02. 2025 r . w Szkole Podstawowej nr. 9&nbsp; w Kielcach zosta\u0142y rozegrane fina\u0142y MISTRZOSTW KIELC W MINI PI\u0141CE SIATKOWEJ&nbsp; CH\u0141OPC\u00d3W rocznik 2012 i m\u0142odsi<\/p>\n\n\n\n<p>Nasz\u0105 szko\u0142\u0119 reprezentowali uczniowie : Micha\u0142 Czarnecki, Szymon Zieli\u0144ski, Filip b\u0105k, Filip \u0141abuz, Aleksander Kowalczyk, Dawid Skarba, Mark Karpenko, Micha\u0142 Dynus, Wiktor Sperka.<\/p>\n\n\n\n<p>Ch\u0142opcy&nbsp;<strong>zaj\u0119li III miejsce&nbsp;<\/strong>w&nbsp; Mistrzostwach Kielc w mini pi\u0142ce siatkowej.<\/p>\n\n\n\n<p>Gratuluj\u0119 zdobycia medalu&nbsp; i \u017cycz\u0119 kolejnych sukces\u00f3w sportowych.<\/p>\n\n\n\n<p>Opiekun<\/p>\n\n\n\n<p>Grzegorz Ko\u0142oma\u0144ski<\/p>\n\n\n\n<figure class=\"wp-block-gallery has-nested-images columns-default is-cropped wp-block-gallery-1 is-layout-flex wp-block-gallery-is-layout-flex\">\n<figure class=\"wp-block-image size-large\"><img loading=\"lazy\" decoding=\"async\" width=\"1200\" height=\"900\" data-id=\"37488\" src=\"https:\/\/sp1.kielce.eu\/wp-content\/uploads\/2025\/02\/20250206_093720-1200x900.jpeg\" alt=\"\" class=\"wp-image-37488\" srcset=\"https:\/\/sp1.kielce.eu\/wp-content\/uploads\/2025\/02\/20250206_093720-1200x900.jpeg 1200w, https:\/\/sp1.kielce.eu\/wp-content\/uploads\/2025\/02\/20250206_093720-300x225.jpeg 300w, https:\/\/sp1.kielce.eu\/wp-content\/uploads\/2025\/02\/20250206_093720-768x576.jpeg 768w, https:\/\/sp1.kielce.eu\/wp-content\/uploads\/2025\/02\/20250206_093720-820x615.jpeg 820w, https:\/\/sp1.kielce.eu\/wp-content\/uploads\/2025\/02\/20250206_093720.jpeg 1280w\" sizes=\"auto, (max-width: 1200px) 100vw, 1200px\" \/><\/figure>\n\n\n\n<figure class=\"wp-block-image size-large\"><img loading=\"lazy\" decoding=\"async\" width=\"1200\" height=\"900\" data-id=\"37489\" src=\"https:\/\/sp1.kielce.eu\/wp-content\/uploads\/2025\/02\/20250206_121443-1200x900.jpeg\" alt=\"\" class=\"wp-image-37489\" srcset=\"https:\/\/sp1.kielce.eu\/wp-content\/uploads\/2025\/02\/20250206_121443-1200x900.jpeg 1200w, https:\/\/sp1.kielce.eu\/wp-content\/uploads\/2025\/02\/20250206_121443-300x225.jpeg 300w, https:\/\/sp1.kielce.eu\/wp-content\/uploads\/2025\/02\/20250206_121443-768x576.jpeg 768w, https:\/\/sp1.kielce.eu\/wp-content\/uploads\/2025\/02\/20250206_121443-820x615.jpeg 820w, https:\/\/sp1.kielce.eu\/wp-content\/uploads\/2025\/02\/20250206_121443.jpeg 1280w\" sizes=\"auto, (max-width: 1200px) 100vw, 1200px\" \/><\/figure>\n\n\n\n<figure class=\"wp-block-image size-large\"><img loading=\"lazy\" decoding=\"async\" width=\"1200\" height=\"900\" data-id=\"37492\" src=\"https:\/\/sp1.kielce.eu\/wp-content\/uploads\/2025\/02\/20250206_121524-1200x900.jpeg\" alt=\"\" class=\"wp-image-37492\" srcset=\"https:\/\/sp1.kielce.eu\/wp-content\/uploads\/2025\/02\/20250206_121524-1200x900.jpeg 1200w, https:\/\/sp1.kielce.eu\/wp-content\/uploads\/2025\/02\/20250206_121524-300x225.jpeg 300w, https:\/\/sp1.kielce.eu\/wp-content\/uploads\/2025\/02\/20250206_121524-768x576.jpeg 768w, https:\/\/sp1.kielce.eu\/wp-content\/uploads\/2025\/02\/20250206_121524-820x615.jpeg 820w, https:\/\/sp1.kielce.eu\/wp-content\/uploads\/2025\/02\/20250206_121524.jpeg 1280w\" sizes=\"auto, (max-width: 1200px) 100vw, 1200px\" \/><\/figure>\n\n\n\n<figure class=\"wp-block-image size-large\"><img loading=\"lazy\" decoding=\"async\" width=\"1200\" height=\"900\" data-id=\"37490\" src=\"https:\/\/sp1.kielce.eu\/wp-content\/uploads\/2025\/02\/20250206_121748-1200x900.jpeg\" alt=\"\" class=\"wp-image-37490\" srcset=\"https:\/\/sp1.kielce.eu\/wp-content\/uploads\/2025\/02\/20250206_121748-1200x900.jpeg 1200w, https:\/\/sp1.kielce.eu\/wp-content\/uploads\/2025\/02\/20250206_121748-300x225.jpeg 300w, https:\/\/sp1.kielce.eu\/wp-content\/uploads\/2025\/02\/20250206_121748-768x576.jpeg 768w, https:\/\/sp1.kielce.eu\/wp-content\/uploads\/2025\/02\/20250206_121748-820x615.jpeg 820w, https:\/\/sp1.kielce.eu\/wp-content\/uploads\/2025\/02\/20250206_121748.jpeg 1280w\" sizes=\"auto, (max-width: 1200px) 100vw, 1200px\" \/><\/figure>\n\n\n\n<figure class=\"wp-block-image size-large\"><img loading=\"lazy\" decoding=\"async\" width=\"1200\" height=\"900\" data-id=\"37491\" src=\"https:\/\/sp1.kielce.eu\/wp-content\/uploads\/2025\/02\/20250206_121801-1200x900.jpeg\" alt=\"\" class=\"wp-image-37491\" srcset=\"https:\/\/sp1.kielce.eu\/wp-content\/uploads\/2025\/02\/20250206_121801-1200x900.jpeg 1200w, https:\/\/sp1.kielce.eu\/wp-content\/uploads\/2025\/02\/20250206_121801-300x225.jpeg 300w, https:\/\/sp1.kielce.eu\/wp-content\/uploads\/2025\/02\/20250206_121801-768x576.jpeg 768w, https:\/\/sp1.kielce.eu\/wp-content\/uploads\/2025\/02\/20250206_121801-820x615.jpeg 820w, https:\/\/sp1.kielce.eu\/wp-content\/uploads\/2025\/02\/20250206_121801.jpeg 1280w\" sizes=\"auto, (max-width: 1200px) 100vw, 1200px\" \/><\/figure>\n<\/figure>\n","protected":false},"excerpt":{"rendered":"<p>W dniu 06.02. 2025 r . w Szkole Podstawowej nr. 9&nbsp; w Kielcach zosta\u0142y rozegrane [&hellip;]<\/p>\n","protected":false},"author":5,"featured_media":37491,"comment_status":"closed","ping_status":"","sticky":false,"template":"","format":"standard","meta":{"footnotes":""},"categories":[36,11],"tags":[],"class_list":["post-37487","post","type-post","status-publish","format-standard","has-post-thumbnail","hentry","category-wydarzenia","category-zawody-sportowe"],"_links":{"self":[{"href":"https:\/\/sp1.kielce.eu\/index.php\/wp-json\/wp\/v2\/posts\/37487","targetHints":{"allow":["GET"]}}],"collection":[{"href":"https:\/\/sp1.kielce.eu\/index.php\/wp-json\/wp\/v2\/posts"}],"about":[{"href":"https:\/\/sp1.kielce.eu\/index.php\/wp-json\/wp\/v2\/types\/post"}],"author":[{"embeddable":true,"href":"https:\/\/sp1.kielce.eu\/index.php\/wp-json\/wp\/v2\/users\/5"}],"replies":[{"embeddable":true,"href":"https:\/\/sp1.kielce.eu\/index.php\/wp-json\/wp\/v2\/comments?post=37487"}],"version-history":[{"count":1,"href":"https:\/\/sp1.kielce.eu\/index.php\/wp-json\/wp\/v2\/posts\/37487\/revisions"}],"predecessor-version":[{"id":37493,"href":"https:\/\/sp1.kielce.eu\/index.php\/wp-json\/wp\/v2\/posts\/37487\/revisions\/37493"}],"wp:featuredmedia":[{"embeddable":true,"href":"https:\/\/sp1.kielce.eu\/index.php\/wp-json\/wp\/v2\/media\/37491"}],"wp:attachment":[{"href":"https:\/\/sp1.kielce.eu\/index.php\/wp-json\/wp\/v2\/media?parent=37487"}],"wp:term":[{"taxonomy":"category","embeddable":true,"href":"https:\/\/sp1.kielce.eu\/index.php\/wp-json\/wp\/v2\/categories?post=37487"},{"taxonomy":"post_tag","embeddable":true,"href":"https:\/\/sp1.kielce.eu\/index.php\/wp-json\/wp\/v2\/tags?post=37487"}],"curies":[{"name":"wp","href":"https:\/\/api.w.org\/{rel}","templated":true}]}}