{"id":37426,"date":"2025-01-16T19:36:32","date_gmt":"2025-01-16T18:36:32","guid":{"rendered":"https:\/\/sp1.kielce.eu\/?p=37426"},"modified":"2025-01-16T19:36:32","modified_gmt":"2025-01-16T18:36:32","slug":"ferie-w-kieleckim-centrum-kultury-warsztaty-ceramiczne-na-rzecz-wielkiej-orkiestry-swiatecznej-pomocy","status":"publish","type":"post","link":"https:\/\/sp1.kielce.eu\/index.php\/2025\/01\/16\/ferie-w-kieleckim-centrum-kultury-warsztaty-ceramiczne-na-rzecz-wielkiej-orkiestry-swiatecznej-pomocy\/","title":{"rendered":"Ferie w Kieleckim Centrum Kultury, warsztaty ceramiczne na rzecz Wielkiej Orkiestry \u015awi\u0105tecznej Pomocy"},"content":{"rendered":"\n<p><strong>MITY DAWNIEJ I DZI\u015a &#8211; warsztaty feryjne dla dzieci i m\u0142odzie\u017cy<\/strong><\/p>\n\n\n\n<p>W tym roku przyjrzymy si\u0119 mitom, kt\u00f3re cho\u0107 powsta\u0142y dawno temu, dalej inspiruj\u0105 tw\u00f3rc\u00f3w i nie daj\u0105 o sobie zapomnie\u0107. Czy uda nam si\u0119 stworzy\u0107 w\u0142asn\u0105 puszk\u0119 Pandory? Co robi Thor w filmach Marvela? Jak wygl\u0105da\u0142oby dzisiaj 12 prac Herkulesa? I ile komik\u00f3w o nim powsta\u0142o?<\/p>\n\n\n\n<p>Zapraszamy nie tylko m\u0142odych mi\u0142o\u015bnik\u00f3w literatury, ale r\u00f3wnie\u017c prac plastycznych, a przede wszystkim dobrej zabawy, bo b\u0119dzie przy tym r\u00f3wnie\u017c sporo \u015bmiechu <img loading=\"lazy\" decoding=\"async\" src=\"https:\/\/poczta.kielce.eu\/?_task=mail&amp;_action=get&amp;_mbox=INBOX&amp;_uid=2356&amp;_token=hzxE3mCB4EhlHEWDKcrWzJZaV0sqrhah&amp;_part=1.2.3&amp;_embed=1&amp;_mimeclass=image\" alt=\"\ud83d\ude03\" width=\"16\" height=\"16\"> Zapraszamy!<\/p>\n\n\n\n<p>20-24 stycznia 2025 (poniedzia\u0142ek-pi\u0105tek), godz. 10-14<\/p>\n\n\n\n<p>Codziennie dwa bloki zaj\u0119\u0107. Zaj\u0119cia dla dzieci i m\u0142odzie\u017cy szkolnej od 7 r.\u017c. Odp\u0142atno\u015b\u0107 350 z\u0142. Honorujemy Kart\u0119 Du\u017cej Rodziny.<\/p>\n\n\n\n<p>Informacja\/rezerwacja: 788 858 878 oraz 888 412 356, mailowo: <a href=\"mailto:edukacja@kck.com.pl\">edukacja@kck.com.pl<\/a><\/p>\n\n\n\n<p><strong>WARSZTATY CERAMICZNE na rzecz Wielkiej Orkiestry \u015awi\u0105tecznej Pomocy<\/strong><\/p>\n\n\n\n<p>Szukamy FAN\u00d3W CERAMIKI, kt\u00f3rzy w szczytnym celu wezm\u0105 udzia\u0142 w wyj\u0105tkowych WARSZTATACH CERAMICZNYCH w niedziel\u0119, 26 stycznia, o godz. 11.00 w pracowni ceramiki i fusingu szk\u0142a Kieleckiego Centrum Kultury. Doch\u00f3d z warsztat\u00f3w w ca\u0142o\u015bci zostanie przekazany na rzecz Wielkiej Orkiestry \u015awi\u0105tecznej Pomocy.<\/p>\n\n\n\n<p>Cegie\u0142ka i odp\u0142atno\u015bci za warsztaty &#8211; od 100 z\u0142. Mo\u017cecie zap\u0142aci\u0107 100 z\u0142, mo\u017cecie wrzuci\u0107 do puszek wi\u0119cej, g\u00f3rny limit nie istnieje <img loading=\"lazy\" decoding=\"async\" src=\"https:\/\/poczta.kielce.eu\/?_task=mail&amp;_action=get&amp;_mbox=INBOX&amp;_uid=2356&amp;_token=hzxE3mCB4EhlHEWDKcrWzJZaV0sqrhah&amp;_part=1.2.3&amp;_embed=1&amp;_mimeclass=image\" alt=\"\ud83d\ude42\" width=\"16\" height=\"16\"> W zamian poprowadzimy Was krok po kroku i doradzimy, jak stworzy\u0107 ceramiczne cude\u0144ko! Mo\u017cecie r\u00f3wnie\u017c op\u0142aci\u0107 udzia\u0142 komu\u015b w prezencie <img loading=\"lazy\" decoding=\"async\" src=\"https:\/\/poczta.kielce.eu\/?_task=mail&amp;_action=get&amp;_mbox=INBOX&amp;_uid=2356&amp;_token=hzxE3mCB4EhlHEWDKcrWzJZaV0sqrhah&amp;_part=1.2.3&amp;_embed=1&amp;_mimeclass=image\" alt=\"\ud83d\ude42\" width=\"16\" height=\"16\"> Pami\u0119tajcie, dobro wraca <img loading=\"lazy\" decoding=\"async\" src=\"https:\/\/poczta.kielce.eu\/?_task=mail&amp;_action=get&amp;_mbox=INBOX&amp;_uid=2356&amp;_token=hzxE3mCB4EhlHEWDKcrWzJZaV0sqrhah&amp;_part=1.2.3&amp;_embed=1&amp;_mimeclass=image\" alt=\"\u2764\ufe0f\" width=\"16\" height=\"16\"><\/p>\n\n\n\n<p>Informacja &#8211; rezerwacja: 41 36 76 711, wew. 274 oraz mailowo <a href=\"mailto:impresariat@kck.com.pl\">impresariat@kck.com.pl<\/a><\/p>\n\n\n\n<figure class=\"wp-block-gallery has-nested-images columns-default is-cropped wp-block-gallery-1 is-layout-flex wp-block-gallery-is-layout-flex\">\n<figure class=\"wp-block-image size-large\"><img loading=\"lazy\" decoding=\"async\" width=\"637\" height=\"900\" data-id=\"37428\" src=\"https:\/\/sp1.kielce.eu\/wp-content\/uploads\/2025\/01\/33-WOSP-KCK.jpg\" alt=\"\" class=\"wp-image-37428\" srcset=\"https:\/\/sp1.kielce.eu\/wp-content\/uploads\/2025\/01\/33-WOSP-KCK.jpg 637w, https:\/\/sp1.kielce.eu\/wp-content\/uploads\/2025\/01\/33-WOSP-KCK-212x300.jpg 212w\" sizes=\"auto, (max-width: 637px) 100vw, 637px\" \/><\/figure>\n<\/figure>\n","protected":false},"excerpt":{"rendered":"<p>MITY DAWNIEJ I DZI\u015a &#8211; warsztaty feryjne dla dzieci i m\u0142odzie\u017cy W tym roku przyjrzymy [&hellip;]<\/p>\n","protected":false},"author":4,"featured_media":37427,"comment_status":"closed","ping_status":"","sticky":false,"template":"","format":"standard","meta":{"footnotes":""},"categories":[1],"tags":[],"class_list":["post-37426","post","type-post","status-publish","format-standard","has-post-thumbnail","hentry","category-bez-kategorii"],"_links":{"self":[{"href":"https:\/\/sp1.kielce.eu\/index.php\/wp-json\/wp\/v2\/posts\/37426","targetHints":{"allow":["GET"]}}],"collection":[{"href":"https:\/\/sp1.kielce.eu\/index.php\/wp-json\/wp\/v2\/posts"}],"about":[{"href":"https:\/\/sp1.kielce.eu\/index.php\/wp-json\/wp\/v2\/types\/post"}],"author":[{"embeddable":true,"href":"https:\/\/sp1.kielce.eu\/index.php\/wp-json\/wp\/v2\/users\/4"}],"replies":[{"embeddable":true,"href":"https:\/\/sp1.kielce.eu\/index.php\/wp-json\/wp\/v2\/comments?post=37426"}],"version-history":[{"count":2,"href":"https:\/\/sp1.kielce.eu\/index.php\/wp-json\/wp\/v2\/posts\/37426\/revisions"}],"predecessor-version":[{"id":37431,"href":"https:\/\/sp1.kielce.eu\/index.php\/wp-json\/wp\/v2\/posts\/37426\/revisions\/37431"}],"wp:featuredmedia":[{"embeddable":true,"href":"https:\/\/sp1.kielce.eu\/index.php\/wp-json\/wp\/v2\/media\/37427"}],"wp:attachment":[{"href":"https:\/\/sp1.kielce.eu\/index.php\/wp-json\/wp\/v2\/media?parent=37426"}],"wp:term":[{"taxonomy":"category","embeddable":true,"href":"https:\/\/sp1.kielce.eu\/index.php\/wp-json\/wp\/v2\/categories?post=37426"},{"taxonomy":"post_tag","embeddable":true,"href":"https:\/\/sp1.kielce.eu\/index.php\/wp-json\/wp\/v2\/tags?post=37426"}],"curies":[{"name":"wp","href":"https:\/\/api.w.org\/{rel}","templated":true}]}}