{"id":37291,"date":"2024-12-20T09:06:59","date_gmt":"2024-12-20T08:06:59","guid":{"rendered":"https:\/\/sp1.kielce.eu\/?p=37291"},"modified":"2024-12-20T09:06:59","modified_gmt":"2024-12-20T08:06:59","slug":"wigilia-w-4a","status":"publish","type":"post","link":"https:\/\/sp1.kielce.eu\/index.php\/2024\/12\/20\/wigilia-w-4a\/","title":{"rendered":"Wigilia w 4a"},"content":{"rendered":"\n<p>19.12.2024r. odby\u0142a si\u0119 Wigilia klasy 4a. W \u015bwi\u0105teczny nastr\u00f3j Bo\u017cego Narodzenia wprowadzi\u0142y nas obejrzane wcze\u015bniej Jase\u0142ka przygotowane przez uczni\u00f3w naszej szko\u0142y pod kierunkiem s. Moniki Czajkowskiej, w kt\u00f3rych&nbsp;przedstawicielenaszej klasy r\u00f3wnie\u017c brali czynny udzia\u0142. Spotkanie rozpocz\u0119li\u015bmy od podzielenia si\u0119 op\u0142atkiem i z\u0142o\u017cenia \u017cycze\u0144 \u015bwi\u0105tecznych i noworocznych. Nast\u0119pnie zasiedli\u015bmy wsp\u00f3lnie do sto\u0142u zastawionego smako\u0142ykami przygotowanymi przez rodzic\u00f3w. By\u0142 czas na rozmowy,s\u0142uchanie kol\u0119d i pastora\u0142ek.&nbsp;Wsp\u00f3lnie sp\u0119dzony czas spowodowa\u0142, \u017ce na wszystkich twarzach go\u015bci\u0142 u\u015bmiech.&nbsp;By\u0142o naprawd\u0119 \u015bwi\u0105tecznie i magicznie\u2026<\/p>\n\n\n\n<p>Serdeczne podzi\u0119kowania sk\u0142adamy rodzicom, kt\u00f3rzy pomogli przygotowa\u0107 wigilijne potrawy i zadbali o pi\u0119kn\u0105 opraw\u0119 tego spotkania.<\/p>\n\n\n\n<p>Anna Mazur<\/p>\n\n\n\n<p>Martyna Malarczyk<\/p>\n\n\n\n<figure class=\"wp-block-gallery has-nested-images columns-default is-cropped wp-block-gallery-1 is-layout-flex wp-block-gallery-is-layout-flex\">\n<figure class=\"wp-block-image size-large\"><img loading=\"lazy\" decoding=\"async\" width=\"506\" height=\"900\" data-id=\"37296\" src=\"https:\/\/sp1.kielce.eu\/wp-content\/uploads\/2024\/12\/IMG20241219120642-506x900.jpg\" alt=\"\" class=\"wp-image-37296\" srcset=\"https:\/\/sp1.kielce.eu\/wp-content\/uploads\/2024\/12\/IMG20241219120642-506x900.jpg 506w, https:\/\/sp1.kielce.eu\/wp-content\/uploads\/2024\/12\/IMG20241219120642-169x300.jpg 169w, https:\/\/sp1.kielce.eu\/wp-content\/uploads\/2024\/12\/IMG20241219120642-768x1365.jpg 768w, https:\/\/sp1.kielce.eu\/wp-content\/uploads\/2024\/12\/IMG20241219120642-864x1536.jpg 864w, https:\/\/sp1.kielce.eu\/wp-content\/uploads\/2024\/12\/IMG20241219120642-1152x2048.jpg 1152w, https:\/\/sp1.kielce.eu\/wp-content\/uploads\/2024\/12\/IMG20241219120642-820x1458.jpg 820w, https:\/\/sp1.kielce.eu\/wp-content\/uploads\/2024\/12\/IMG20241219120642-scaled.jpg 1440w\" sizes=\"auto, (max-width: 506px) 100vw, 506px\" \/><figcaption class=\"wp-element-caption\">oplus_32<\/figcaption><\/figure>\n\n\n\n<figure class=\"wp-block-image size-large\"><img loading=\"lazy\" decoding=\"async\" width=\"1400\" height=\"788\" data-id=\"37292\" src=\"https:\/\/sp1.kielce.eu\/wp-content\/uploads\/2024\/12\/IMG20241219120820-1400x788.jpg\" alt=\"\" class=\"wp-image-37292\" srcset=\"https:\/\/sp1.kielce.eu\/wp-content\/uploads\/2024\/12\/IMG20241219120820-1400x788.jpg 1400w, https:\/\/sp1.kielce.eu\/wp-content\/uploads\/2024\/12\/IMG20241219120820-300x169.jpg 300w, https:\/\/sp1.kielce.eu\/wp-content\/uploads\/2024\/12\/IMG20241219120820-768x432.jpg 768w, https:\/\/sp1.kielce.eu\/wp-content\/uploads\/2024\/12\/IMG20241219120820-1536x864.jpg 1536w, https:\/\/sp1.kielce.eu\/wp-content\/uploads\/2024\/12\/IMG20241219120820-2048x1152.jpg 2048w, https:\/\/sp1.kielce.eu\/wp-content\/uploads\/2024\/12\/IMG20241219120820-820x461.jpg 820w\" sizes=\"auto, (max-width: 1400px) 100vw, 1400px\" \/><figcaption class=\"wp-element-caption\">oplus_0<\/figcaption><\/figure>\n\n\n\n<figure class=\"wp-block-image size-large\"><img loading=\"lazy\" decoding=\"async\" width=\"1400\" height=\"788\" data-id=\"37293\" src=\"https:\/\/sp1.kielce.eu\/wp-content\/uploads\/2024\/12\/IMG20241219120859-1400x788.jpg\" alt=\"\" class=\"wp-image-37293\" srcset=\"https:\/\/sp1.kielce.eu\/wp-content\/uploads\/2024\/12\/IMG20241219120859-1400x788.jpg 1400w, https:\/\/sp1.kielce.eu\/wp-content\/uploads\/2024\/12\/IMG20241219120859-300x169.jpg 300w, https:\/\/sp1.kielce.eu\/wp-content\/uploads\/2024\/12\/IMG20241219120859-768x432.jpg 768w, https:\/\/sp1.kielce.eu\/wp-content\/uploads\/2024\/12\/IMG20241219120859-1536x864.jpg 1536w, https:\/\/sp1.kielce.eu\/wp-content\/uploads\/2024\/12\/IMG20241219120859-2048x1152.jpg 2048w, https:\/\/sp1.kielce.eu\/wp-content\/uploads\/2024\/12\/IMG20241219120859-820x461.jpg 820w\" sizes=\"auto, (max-width: 1400px) 100vw, 1400px\" \/><figcaption class=\"wp-element-caption\">oplus_0<\/figcaption><\/figure>\n\n\n\n<figure class=\"wp-block-image size-large\"><img loading=\"lazy\" decoding=\"async\" width=\"1400\" height=\"788\" data-id=\"37297\" src=\"https:\/\/sp1.kielce.eu\/wp-content\/uploads\/2024\/12\/IMG20241219121850-1400x788.jpg\" alt=\"\" class=\"wp-image-37297\" srcset=\"https:\/\/sp1.kielce.eu\/wp-content\/uploads\/2024\/12\/IMG20241219121850-1400x788.jpg 1400w, https:\/\/sp1.kielce.eu\/wp-content\/uploads\/2024\/12\/IMG20241219121850-300x169.jpg 300w, https:\/\/sp1.kielce.eu\/wp-content\/uploads\/2024\/12\/IMG20241219121850-768x432.jpg 768w, https:\/\/sp1.kielce.eu\/wp-content\/uploads\/2024\/12\/IMG20241219121850-1536x864.jpg 1536w, https:\/\/sp1.kielce.eu\/wp-content\/uploads\/2024\/12\/IMG20241219121850-2048x1152.jpg 2048w, https:\/\/sp1.kielce.eu\/wp-content\/uploads\/2024\/12\/IMG20241219121850-820x461.jpg 820w\" sizes=\"auto, (max-width: 1400px) 100vw, 1400px\" \/><figcaption class=\"wp-element-caption\">oplus_0<\/figcaption><\/figure>\n\n\n\n<figure class=\"wp-block-image size-large\"><img loading=\"lazy\" decoding=\"async\" width=\"1400\" height=\"788\" data-id=\"37294\" src=\"https:\/\/sp1.kielce.eu\/wp-content\/uploads\/2024\/12\/IMG20241219122250-1400x788.jpg\" alt=\"\" class=\"wp-image-37294\" srcset=\"https:\/\/sp1.kielce.eu\/wp-content\/uploads\/2024\/12\/IMG20241219122250-1400x788.jpg 1400w, https:\/\/sp1.kielce.eu\/wp-content\/uploads\/2024\/12\/IMG20241219122250-300x169.jpg 300w, https:\/\/sp1.kielce.eu\/wp-content\/uploads\/2024\/12\/IMG20241219122250-768x432.jpg 768w, https:\/\/sp1.kielce.eu\/wp-content\/uploads\/2024\/12\/IMG20241219122250-1536x864.jpg 1536w, https:\/\/sp1.kielce.eu\/wp-content\/uploads\/2024\/12\/IMG20241219122250-2048x1152.jpg 2048w, https:\/\/sp1.kielce.eu\/wp-content\/uploads\/2024\/12\/IMG20241219122250-820x461.jpg 820w\" sizes=\"auto, (max-width: 1400px) 100vw, 1400px\" \/><figcaption class=\"wp-element-caption\">oplus_0<\/figcaption><\/figure>\n\n\n\n<figure class=\"wp-block-image size-large\"><img loading=\"lazy\" decoding=\"async\" width=\"1400\" height=\"788\" data-id=\"37295\" src=\"https:\/\/sp1.kielce.eu\/wp-content\/uploads\/2024\/12\/IMG20241219122750-1400x788.jpg\" alt=\"\" class=\"wp-image-37295\" srcset=\"https:\/\/sp1.kielce.eu\/wp-content\/uploads\/2024\/12\/IMG20241219122750-1400x788.jpg 1400w, https:\/\/sp1.kielce.eu\/wp-content\/uploads\/2024\/12\/IMG20241219122750-300x169.jpg 300w, https:\/\/sp1.kielce.eu\/wp-content\/uploads\/2024\/12\/IMG20241219122750-768x432.jpg 768w, https:\/\/sp1.kielce.eu\/wp-content\/uploads\/2024\/12\/IMG20241219122750-1536x864.jpg 1536w, https:\/\/sp1.kielce.eu\/wp-content\/uploads\/2024\/12\/IMG20241219122750-2048x1152.jpg 2048w, https:\/\/sp1.kielce.eu\/wp-content\/uploads\/2024\/12\/IMG20241219122750-820x461.jpg 820w\" sizes=\"auto, (max-width: 1400px) 100vw, 1400px\" \/><figcaption class=\"wp-element-caption\">oplus_0<\/figcaption><\/figure>\n<\/figure>\n","protected":false},"excerpt":{"rendered":"<p>19.12.2024r. odby\u0142a si\u0119 Wigilia klasy 4a. W \u015bwi\u0105teczny nastr\u00f3j Bo\u017cego Narodzenia wprowadzi\u0142y nas obejrzane wcze\u015bniej [&hellip;]<\/p>\n","protected":false},"author":5,"featured_media":37295,"comment_status":"closed","ping_status":"","sticky":false,"template":"","format":"standard","meta":{"footnotes":""},"categories":[36],"tags":[],"class_list":["post-37291","post","type-post","status-publish","format-standard","has-post-thumbnail","hentry","category-wydarzenia"],"_links":{"self":[{"href":"https:\/\/sp1.kielce.eu\/index.php\/wp-json\/wp\/v2\/posts\/37291","targetHints":{"allow":["GET"]}}],"collection":[{"href":"https:\/\/sp1.kielce.eu\/index.php\/wp-json\/wp\/v2\/posts"}],"about":[{"href":"https:\/\/sp1.kielce.eu\/index.php\/wp-json\/wp\/v2\/types\/post"}],"author":[{"embeddable":true,"href":"https:\/\/sp1.kielce.eu\/index.php\/wp-json\/wp\/v2\/users\/5"}],"replies":[{"embeddable":true,"href":"https:\/\/sp1.kielce.eu\/index.php\/wp-json\/wp\/v2\/comments?post=37291"}],"version-history":[{"count":1,"href":"https:\/\/sp1.kielce.eu\/index.php\/wp-json\/wp\/v2\/posts\/37291\/revisions"}],"predecessor-version":[{"id":37298,"href":"https:\/\/sp1.kielce.eu\/index.php\/wp-json\/wp\/v2\/posts\/37291\/revisions\/37298"}],"wp:featuredmedia":[{"embeddable":true,"href":"https:\/\/sp1.kielce.eu\/index.php\/wp-json\/wp\/v2\/media\/37295"}],"wp:attachment":[{"href":"https:\/\/sp1.kielce.eu\/index.php\/wp-json\/wp\/v2\/media?parent=37291"}],"wp:term":[{"taxonomy":"category","embeddable":true,"href":"https:\/\/sp1.kielce.eu\/index.php\/wp-json\/wp\/v2\/categories?post=37291"},{"taxonomy":"post_tag","embeddable":true,"href":"https:\/\/sp1.kielce.eu\/index.php\/wp-json\/wp\/v2\/tags?post=37291"}],"curies":[{"name":"wp","href":"https:\/\/api.w.org\/{rel}","templated":true}]}}