{"id":3729,"date":"2017-12-19T23:20:51","date_gmt":"2017-12-19T22:20:51","guid":{"rendered":"http:\/\/sp1.kielce.eu\/?p=3729"},"modified":"2017-12-22T00:34:58","modified_gmt":"2017-12-21T23:34:58","slug":"bezpieczniej-ze-straza","status":"publish","type":"post","link":"https:\/\/sp1.kielce.eu\/index.php\/2017\/12\/19\/bezpieczniej-ze-straza\/","title":{"rendered":"\u201eBezpieczniej ze Stra\u017c\u0105 Miejsk\u0105\u201d"},"content":{"rendered":"<p style=\"text-align: justify\">8 grudnia Stra\u017cnicy Miejscy z\u00a0Patrolu szkolnego przeprowadzili zaj\u0119cia profilaktyczne w\u00a0ramach realizacji programu \u201eBezpieczniej ze Stra\u017c\u0105 Miejsk\u0105\u201d. Uczniowie klas III uczestniczyli w\u00a0zaj\u0119ciach \u201e\u017byj ekologicznie\u201d, podczas kt\u00f3rych pog\u0142\u0119bili swoj\u0105 wiedz\u0119 na temat segregacji odpad\u00f3w. Zdobyte wiadomo\u015bci sprawdzali na bie\u017c\u0105co podczas wykonywania zada\u0144 multimaedialnych.<\/p>\n<p style=\"text-align: justify\">Starsi koledzy z\u00a0klas VIa i\u00a0VIb brali udzia\u0142 w\u00a0zaj\u0119ciach \u201eDecyduj\u0119 \u015bwiadomie\u201d, gdzie zostali zaznajomieni z\u00a0odpowiedzialno\u015bci\u0105 prawn\u0105 w\u00a0przypadku wyst\u0105pienia zachowa\u0144 ryzykownych.<\/p>\n<p style=\"text-align: justify\">Natomiast uczniowie z\u00a0klasy VIIa w\u00a0czasie zaj\u0119\u0107 \u201eBezpieczny Internet \u2013 Cyberprzemoc\u201d poznali zagro\u017cenia jakie niesie Internet, m.in. cyberprzemoc oraz uwra\u017cliwieni na specyfik\u0119 tego problemu.<\/p>\n<p style=\"text-align: justify\">To by\u0142y bardzo ciekawe i\u00a0pouczaj\u0105ce zaj\u0119cia. Kolejne \u2013 \u201eBezpieczne zabawy zim\u0105\u201d odb\u0119d\u0105 si\u0119 w\u00a0\u015bwietlicy szkolnej 10 stycznia 2018 roku.<\/p>\n<p style=\"text-align: right\">Beata Smag\u00f3r<\/p>\n<div id='gallery-1' class='gallery galleryid-3729 gallery-columns-4 gallery-size-thumbnail'><figure class='gallery-item'>\n\t\t\t<div class='gallery-icon landscape'>\n\t\t\t\t<a href='https:\/\/sp1.kielce.eu\/wp-content\/uploads\/2017\/12\/Klasa-3-Copy.jpg'><img loading=\"lazy\" decoding=\"async\" width=\"150\" height=\"150\" src=\"https:\/\/sp1.kielce.eu\/wp-content\/uploads\/2017\/12\/Klasa-3-Copy-150x150.jpg\" class=\"attachment-thumbnail size-thumbnail\" alt=\"\" aria-describedby=\"gallery-1-3730\" \/><\/a>\n\t\t\t<\/div>\n\t\t\t\t<figcaption class='wp-caption-text gallery-caption' id='gallery-1-3730'>\n\t\t\t\tKlasa 3 \n\t\t\t\t<\/figcaption><\/figure><figure class='gallery-item'>\n\t\t\t<div class='gallery-icon landscape'>\n\t\t\t\t<a href='https:\/\/sp1.kielce.eu\/wp-content\/uploads\/2017\/12\/Klasa-3a-Copy.jpg'><img loading=\"lazy\" decoding=\"async\" width=\"150\" height=\"150\" src=\"https:\/\/sp1.kielce.eu\/wp-content\/uploads\/2017\/12\/Klasa-3a-Copy-150x150.jpg\" class=\"attachment-thumbnail size-thumbnail\" alt=\"\" aria-describedby=\"gallery-1-3731\" \/><\/a>\n\t\t\t<\/div>\n\t\t\t\t<figcaption class='wp-caption-text gallery-caption' id='gallery-1-3731'>\n\t\t\t\tKlasa 3 a\n\t\t\t\t<\/figcaption><\/figure><figure class='gallery-item'>\n\t\t\t<div class='gallery-icon landscape'>\n\t\t\t\t<a href='https:\/\/sp1.kielce.eu\/wp-content\/uploads\/2017\/12\/Klasa-3b-Copy.jpg'><img loading=\"lazy\" decoding=\"async\" width=\"150\" height=\"150\" src=\"https:\/\/sp1.kielce.eu\/wp-content\/uploads\/2017\/12\/Klasa-3b-Copy-150x150.jpg\" class=\"attachment-thumbnail size-thumbnail\" alt=\"\" aria-describedby=\"gallery-1-3732\" \/><\/a>\n\t\t\t<\/div>\n\t\t\t\t<figcaption class='wp-caption-text gallery-caption' id='gallery-1-3732'>\n\t\t\t\tKlasa 3 b\n\t\t\t\t<\/figcaption><\/figure><figure class='gallery-item'>\n\t\t\t<div class='gallery-icon landscape'>\n\t\t\t\t<a href='https:\/\/sp1.kielce.eu\/wp-content\/uploads\/2017\/12\/Klasa-3c-Copy.jpg'><img loading=\"lazy\" decoding=\"async\" width=\"150\" height=\"150\" src=\"https:\/\/sp1.kielce.eu\/wp-content\/uploads\/2017\/12\/Klasa-3c-Copy-150x150.jpg\" class=\"attachment-thumbnail size-thumbnail\" alt=\"\" aria-describedby=\"gallery-1-3733\" \/><\/a>\n\t\t\t<\/div>\n\t\t\t\t<figcaption class='wp-caption-text gallery-caption' id='gallery-1-3733'>\n\t\t\t\tKlasa 3 c\n\t\t\t\t<\/figcaption><\/figure><figure class='gallery-item'>\n\t\t\t<div class='gallery-icon landscape'>\n\t\t\t\t<a href='https:\/\/sp1.kielce.eu\/wp-content\/uploads\/2017\/12\/Klasa-6a-Copy.jpg'><img loading=\"lazy\" decoding=\"async\" width=\"150\" height=\"150\" src=\"https:\/\/sp1.kielce.eu\/wp-content\/uploads\/2017\/12\/Klasa-6a-Copy-150x150.jpg\" class=\"attachment-thumbnail size-thumbnail\" alt=\"\" aria-describedby=\"gallery-1-3734\" \/><\/a>\n\t\t\t<\/div>\n\t\t\t\t<figcaption class='wp-caption-text gallery-caption' id='gallery-1-3734'>\n\t\t\t\tKlasa 6 a\n\t\t\t\t<\/figcaption><\/figure><figure class='gallery-item'>\n\t\t\t<div class='gallery-icon landscape'>\n\t\t\t\t<a href='https:\/\/sp1.kielce.eu\/wp-content\/uploads\/2017\/12\/Klasa-6b-Copy.jpg'><img loading=\"lazy\" decoding=\"async\" width=\"150\" height=\"150\" src=\"https:\/\/sp1.kielce.eu\/wp-content\/uploads\/2017\/12\/Klasa-6b-Copy-150x150.jpg\" class=\"attachment-thumbnail size-thumbnail\" alt=\"\" aria-describedby=\"gallery-1-3735\" \/><\/a>\n\t\t\t<\/div>\n\t\t\t\t<figcaption class='wp-caption-text gallery-caption' id='gallery-1-3735'>\n\t\t\t\tKlasa 6 b\n\t\t\t\t<\/figcaption><\/figure><figure class='gallery-item'>\n\t\t\t<div class='gallery-icon landscape'>\n\t\t\t\t<a href='https:\/\/sp1.kielce.eu\/wp-content\/uploads\/2017\/12\/Klasa-7a-Copy.jpg'><img loading=\"lazy\" decoding=\"async\" width=\"150\" height=\"150\" src=\"https:\/\/sp1.kielce.eu\/wp-content\/uploads\/2017\/12\/Klasa-7a-Copy-150x150.jpg\" class=\"attachment-thumbnail size-thumbnail\" alt=\"\" aria-describedby=\"gallery-1-3736\" \/><\/a>\n\t\t\t<\/div>\n\t\t\t\t<figcaption class='wp-caption-text gallery-caption' id='gallery-1-3736'>\n\t\t\t\tKlasa 7 a\n\t\t\t\t<\/figcaption><\/figure>\n\t\t<\/div>\n\n","protected":false},"excerpt":{"rendered":"<p>8 grudnia Stra\u017cnicy Miejscy z\u00a0Patrolu szkolnego przeprowadzili zaj\u0119cia profilaktyczne w\u00a0ramach realizacji programu \u201eBezpieczniej ze Stra\u017c\u0105 [&hellip;]<\/p>\n","protected":false},"author":13,"featured_media":3735,"comment_status":"closed","ping_status":"open","sticky":false,"template":"","format":"standard","meta":{"footnotes":""},"categories":[36,24],"tags":[135],"class_list":["post-3729","post","type-post","status-publish","format-standard","has-post-thumbnail","hentry","category-wydarzenia","category-zdrowie","tag-wydarzenia"],"_links":{"self":[{"href":"https:\/\/sp1.kielce.eu\/index.php\/wp-json\/wp\/v2\/posts\/3729","targetHints":{"allow":["GET"]}}],"collection":[{"href":"https:\/\/sp1.kielce.eu\/index.php\/wp-json\/wp\/v2\/posts"}],"about":[{"href":"https:\/\/sp1.kielce.eu\/index.php\/wp-json\/wp\/v2\/types\/post"}],"author":[{"embeddable":true,"href":"https:\/\/sp1.kielce.eu\/index.php\/wp-json\/wp\/v2\/users\/13"}],"replies":[{"embeddable":true,"href":"https:\/\/sp1.kielce.eu\/index.php\/wp-json\/wp\/v2\/comments?post=3729"}],"version-history":[{"count":1,"href":"https:\/\/sp1.kielce.eu\/index.php\/wp-json\/wp\/v2\/posts\/3729\/revisions"}],"predecessor-version":[{"id":3737,"href":"https:\/\/sp1.kielce.eu\/index.php\/wp-json\/wp\/v2\/posts\/3729\/revisions\/3737"}],"wp:featuredmedia":[{"embeddable":true,"href":"https:\/\/sp1.kielce.eu\/index.php\/wp-json\/wp\/v2\/media\/3735"}],"wp:attachment":[{"href":"https:\/\/sp1.kielce.eu\/index.php\/wp-json\/wp\/v2\/media?parent=3729"}],"wp:term":[{"taxonomy":"category","embeddable":true,"href":"https:\/\/sp1.kielce.eu\/index.php\/wp-json\/wp\/v2\/categories?post=3729"},{"taxonomy":"post_tag","embeddable":true,"href":"https:\/\/sp1.kielce.eu\/index.php\/wp-json\/wp\/v2\/tags?post=3729"}],"curies":[{"name":"wp","href":"https:\/\/api.w.org\/{rel}","templated":true}]}}