{"id":37182,"date":"2024-12-17T13:07:31","date_gmt":"2024-12-17T12:07:31","guid":{"rendered":"https:\/\/sp1.kielce.eu\/?p=37182"},"modified":"2024-12-17T13:07:31","modified_gmt":"2024-12-17T12:07:31","slug":"v-edycja-akcji-zostan-swietym-mikolajem","status":"publish","type":"post","link":"https:\/\/sp1.kielce.eu\/index.php\/2024\/12\/17\/v-edycja-akcji-zostan-swietym-mikolajem\/","title":{"rendered":"V edycja akcji \u201eZOSTA\u0143 \u015aWI\u0118TYM MIKO\u0141AJEM\u201d"},"content":{"rendered":"\n<p>Kolejny raz w&nbsp;naszej szkole odby\u0142a si\u0119 zbi\u00f3rka ja\u015bk\u00f3w, kocyk\u00f3w i&nbsp;\u015bwi\u0105tecznych skarpet dla podopiecznych p.&nbsp;Natalii Pacholczyk, przebywaj\u0105cych na dzieci\u0119cym oddziale psychiatrii w&nbsp;\u015awi\u0119tokrzyskim Centrum Psychiatrii w&nbsp;Kielcach. Dzi\u0119ki naszym uczniom, rodzicom i&nbsp;nauczycielom&nbsp;SP1, 6&nbsp;grudnia \u015awi\u0119ty Miko\u0142aj obdarowa\u0142 wszystkie dzieci z&nbsp;oddzia\u0142u pi\u0119knymi prezentami. To by\u0142 z&nbsp;pewno\u015bci\u0105 dzie\u0144 pe\u0142en rado\u015bci, wra\u017ce\u0144 i&nbsp;atrakcji.<\/p>\n\n\n\n<p class=\"has-text-align-center\"><strong>Serdecznie dzi\u0119kujemy Wszystkim, kt\u00f3rzy wzi\u0119li udzia\u0142 w&nbsp;naszej akcji!<\/strong><br>Dobro zawsze wraca! <\/p>\n\n\n\n<p class=\"has-text-align-center\">Klasa 2a<br>Klasa 2c<br>Klasa 3b<br>Klasa 4b<br>Klasa 5a<br>Klasa 6a<br>Klasa 6b<br>Klasa 7b<br>Klasa 8a<br>Klasa 8b<\/p>\n\n\n\n<p class=\"has-text-align-center\">1a Oliwia Kania<br>1a Krzysztof Poklek<br>1a Maksymilian Foremski<br>2a Krystian Baran<br>2b Anna Walczak<br>2b Berenika Nartowska<br>4a Antonina Bandura<br>4a Wojciech Tomczyk<br>4a Hubert Kierku\u015b<br>4a Aleksander Foremski<br>4c Kaja Bia\u0142ek<br>4c Antoni Walczak<br>5b Gabriela Sza\u0142as\u00a0<br>5b Anna Caraco<br>5c Maria Mazur<br>5c Kalina Steczek<br>6a Ma\u0142gorzata Adydan<br>8a Antoni Domaradzki\u00a0<br>8b Igor Zatelmajer\u00a0<\/p>\n\n\n\n<p class=\"has-text-align-right\">Organizatorzy:<br>Ma\u0142gorzata Wojciechowska \u2013 nauczyciel edukacji wczesnoszkolnej<br>Kinga Kozie\u0142 \u2013 nauczyciel edukacji wczesnoszkolnej<br>Agnieszka Rycombel \u2013 kierownik \u015bwietlicy<\/p>\n\n\n\n<p class=\"has-text-align-right\"><\/p>\n\n\n\n<figure class=\"wp-block-gallery has-nested-images columns-default is-cropped wp-block-gallery-1 is-layout-flex wp-block-gallery-is-layout-flex\">\n<figure class=\"wp-block-image size-large\"><img loading=\"lazy\" decoding=\"async\" width=\"675\" height=\"900\" data-id=\"37183\" src=\"https:\/\/sp1.kielce.eu\/wp-content\/uploads\/2024\/12\/2-Copy.jpg\" alt=\"\" class=\"wp-image-37183\" srcset=\"https:\/\/sp1.kielce.eu\/wp-content\/uploads\/2024\/12\/2-Copy.jpg 675w, https:\/\/sp1.kielce.eu\/wp-content\/uploads\/2024\/12\/2-Copy-225x300.jpg 225w\" sizes=\"auto, (max-width: 675px) 100vw, 675px\" \/><\/figure>\n\n\n\n<figure class=\"wp-block-image size-large\"><img loading=\"lazy\" decoding=\"async\" width=\"613\" height=\"900\" data-id=\"37184\" src=\"https:\/\/sp1.kielce.eu\/wp-content\/uploads\/2024\/12\/3-Copy.jpg\" alt=\"\" class=\"wp-image-37184\" srcset=\"https:\/\/sp1.kielce.eu\/wp-content\/uploads\/2024\/12\/3-Copy.jpg 613w, https:\/\/sp1.kielce.eu\/wp-content\/uploads\/2024\/12\/3-Copy-204x300.jpg 204w\" sizes=\"auto, (max-width: 613px) 100vw, 613px\" \/><\/figure>\n<\/figure>\n","protected":false},"excerpt":{"rendered":"<p>Kolejny raz w&nbsp;naszej szkole odby\u0142a si\u0119 zbi\u00f3rka ja\u015bk\u00f3w, kocyk\u00f3w i&nbsp;\u015bwi\u0105tecznych skarpet dla podopiecznych p.&nbsp;Natalii Pacholczyk, [&hellip;]<\/p>\n","protected":false},"author":13,"featured_media":37185,"comment_status":"closed","ping_status":"","sticky":false,"template":"","format":"standard","meta":{"footnotes":""},"categories":[23,25],"tags":[],"class_list":["post-37182","post","type-post","status-publish","format-standard","has-post-thumbnail","hentry","category-charytatywne","category-swietlica"],"_links":{"self":[{"href":"https:\/\/sp1.kielce.eu\/index.php\/wp-json\/wp\/v2\/posts\/37182","targetHints":{"allow":["GET"]}}],"collection":[{"href":"https:\/\/sp1.kielce.eu\/index.php\/wp-json\/wp\/v2\/posts"}],"about":[{"href":"https:\/\/sp1.kielce.eu\/index.php\/wp-json\/wp\/v2\/types\/post"}],"author":[{"embeddable":true,"href":"https:\/\/sp1.kielce.eu\/index.php\/wp-json\/wp\/v2\/users\/13"}],"replies":[{"embeddable":true,"href":"https:\/\/sp1.kielce.eu\/index.php\/wp-json\/wp\/v2\/comments?post=37182"}],"version-history":[{"count":3,"href":"https:\/\/sp1.kielce.eu\/index.php\/wp-json\/wp\/v2\/posts\/37182\/revisions"}],"predecessor-version":[{"id":37197,"href":"https:\/\/sp1.kielce.eu\/index.php\/wp-json\/wp\/v2\/posts\/37182\/revisions\/37197"}],"wp:featuredmedia":[{"embeddable":true,"href":"https:\/\/sp1.kielce.eu\/index.php\/wp-json\/wp\/v2\/media\/37185"}],"wp:attachment":[{"href":"https:\/\/sp1.kielce.eu\/index.php\/wp-json\/wp\/v2\/media?parent=37182"}],"wp:term":[{"taxonomy":"category","embeddable":true,"href":"https:\/\/sp1.kielce.eu\/index.php\/wp-json\/wp\/v2\/categories?post=37182"},{"taxonomy":"post_tag","embeddable":true,"href":"https:\/\/sp1.kielce.eu\/index.php\/wp-json\/wp\/v2\/tags?post=37182"}],"curies":[{"name":"wp","href":"https:\/\/api.w.org\/{rel}","templated":true}]}}