{"id":36919,"date":"2024-11-28T23:41:41","date_gmt":"2024-11-28T22:41:41","guid":{"rendered":"https:\/\/sp1.kielce.eu\/?p=36919"},"modified":"2024-11-28T23:41:41","modified_gmt":"2024-11-28T22:41:41","slug":"prawa-dziecka","status":"publish","type":"post","link":"https:\/\/sp1.kielce.eu\/index.php\/2024\/11\/28\/prawa-dziecka\/","title":{"rendered":"Prawa Dziecka"},"content":{"rendered":"\n<p>20 listopada obchodzili\u015bmy Mi\u0119dzynarodowy Dzie\u0144 Praw Dziecka. Z&nbsp;tej okazji uczniowie naszej szko\u0142y przyszli ubrani na niebiesko, co mia\u0142o symbolizowa\u0107 solidarno\u015b\u0107 z&nbsp;dzie\u0107mi na ca\u0142ym \u015bwiecie. W&nbsp;ramach obchod\u00f3w odby\u0142y si\u0119 r\u00f3wnie\u017c lekcje po\u015bwi\u0119cone tematyce praw dziecka, podczas kt\u00f3rych uczniowie mieli okazj\u0119 pozna\u0107 najwa\u017cniejsze zasady, kt\u00f3re chroni\u0105 ich prawa. Dzie\u0144 ten by\u0142 doskona\u0142\u0105 okazj\u0105 do refleksji nad tym, jak wa\u017cne jest dbanie o&nbsp;dobro dzieci w ka\u017cdym zak\u0105tku \u015bwiata.<\/p>\n\n\n\n<p class=\"has-text-align-right\">Ma\u0142y Samorz\u0105d Uczniowski<br>Nauczyciele Edukacji Wczesnoszkolnej<\/p>\n\n\n\n<figure class=\"wp-block-gallery has-nested-images columns-default is-cropped wp-block-gallery-1 is-layout-flex wp-block-gallery-is-layout-flex\">\n<figure class=\"wp-block-image size-large\"><a href=\"https:\/\/sp1.kielce.eu\/wp-content\/uploads\/2024\/11\/261-356-Copy.jpg\"><img loading=\"lazy\" decoding=\"async\" width=\"1200\" height=\"888\" data-id=\"36921\" src=\"https:\/\/sp1.kielce.eu\/wp-content\/uploads\/2024\/11\/261-356-Copy.jpg\" alt=\"\" class=\"wp-image-36921\" srcset=\"https:\/\/sp1.kielce.eu\/wp-content\/uploads\/2024\/11\/261-356-Copy.jpg 1200w, https:\/\/sp1.kielce.eu\/wp-content\/uploads\/2024\/11\/261-356-Copy-300x222.jpg 300w, https:\/\/sp1.kielce.eu\/wp-content\/uploads\/2024\/11\/261-356-Copy-768x568.jpg 768w, https:\/\/sp1.kielce.eu\/wp-content\/uploads\/2024\/11\/261-356-Copy-820x607.jpg 820w\" sizes=\"auto, (max-width: 1200px) 100vw, 1200px\" \/><\/a><\/figure>\n\n\n\n<figure class=\"wp-block-image size-large\"><a href=\"https:\/\/sp1.kielce.eu\/wp-content\/uploads\/2024\/11\/IMG_8578-Copy.jpg\"><img loading=\"lazy\" decoding=\"async\" width=\"1200\" height=\"675\" data-id=\"36920\" src=\"https:\/\/sp1.kielce.eu\/wp-content\/uploads\/2024\/11\/IMG_8578-Copy.jpg\" alt=\"\" class=\"wp-image-36920\" srcset=\"https:\/\/sp1.kielce.eu\/wp-content\/uploads\/2024\/11\/IMG_8578-Copy.jpg 1200w, https:\/\/sp1.kielce.eu\/wp-content\/uploads\/2024\/11\/IMG_8578-Copy-300x169.jpg 300w, https:\/\/sp1.kielce.eu\/wp-content\/uploads\/2024\/11\/IMG_8578-Copy-768x432.jpg 768w, https:\/\/sp1.kielce.eu\/wp-content\/uploads\/2024\/11\/IMG_8578-Copy-820x461.jpg 820w\" sizes=\"auto, (max-width: 1200px) 100vw, 1200px\" \/><\/a><\/figure>\n\n\n\n<figure class=\"wp-block-image size-large\"><a href=\"https:\/\/sp1.kielce.eu\/wp-content\/uploads\/2024\/11\/IMG_8580-Copy.jpg\"><img loading=\"lazy\" decoding=\"async\" width=\"1200\" height=\"675\" data-id=\"36922\" src=\"https:\/\/sp1.kielce.eu\/wp-content\/uploads\/2024\/11\/IMG_8580-Copy.jpg\" alt=\"\" class=\"wp-image-36922\" srcset=\"https:\/\/sp1.kielce.eu\/wp-content\/uploads\/2024\/11\/IMG_8580-Copy.jpg 1200w, https:\/\/sp1.kielce.eu\/wp-content\/uploads\/2024\/11\/IMG_8580-Copy-300x169.jpg 300w, https:\/\/sp1.kielce.eu\/wp-content\/uploads\/2024\/11\/IMG_8580-Copy-768x432.jpg 768w, https:\/\/sp1.kielce.eu\/wp-content\/uploads\/2024\/11\/IMG_8580-Copy-820x461.jpg 820w\" sizes=\"auto, (max-width: 1200px) 100vw, 1200px\" \/><\/a><\/figure>\n\n\n\n<figure class=\"wp-block-image size-large\"><a href=\"https:\/\/sp1.kielce.eu\/wp-content\/uploads\/2024\/11\/IMG_20241120_095922-Copy.jpg\"><img loading=\"lazy\" decoding=\"async\" width=\"1200\" height=\"900\" data-id=\"36923\" src=\"https:\/\/sp1.kielce.eu\/wp-content\/uploads\/2024\/11\/IMG_20241120_095922-Copy.jpg\" alt=\"\" class=\"wp-image-36923\" srcset=\"https:\/\/sp1.kielce.eu\/wp-content\/uploads\/2024\/11\/IMG_20241120_095922-Copy.jpg 1200w, https:\/\/sp1.kielce.eu\/wp-content\/uploads\/2024\/11\/IMG_20241120_095922-Copy-300x225.jpg 300w, https:\/\/sp1.kielce.eu\/wp-content\/uploads\/2024\/11\/IMG_20241120_095922-Copy-768x576.jpg 768w, https:\/\/sp1.kielce.eu\/wp-content\/uploads\/2024\/11\/IMG_20241120_095922-Copy-820x615.jpg 820w\" sizes=\"auto, (max-width: 1200px) 100vw, 1200px\" \/><\/a><\/figure>\n\n\n\n<figure class=\"wp-block-image size-large\"><a href=\"https:\/\/sp1.kielce.eu\/wp-content\/uploads\/2024\/11\/IMG_20241126_064831-Copy.jpg\"><img loading=\"lazy\" decoding=\"async\" width=\"900\" height=\"900\" data-id=\"36924\" src=\"https:\/\/sp1.kielce.eu\/wp-content\/uploads\/2024\/11\/IMG_20241126_064831-Copy.jpg\" alt=\"\" class=\"wp-image-36924\" srcset=\"https:\/\/sp1.kielce.eu\/wp-content\/uploads\/2024\/11\/IMG_20241126_064831-Copy.jpg 900w, https:\/\/sp1.kielce.eu\/wp-content\/uploads\/2024\/11\/IMG_20241126_064831-Copy-300x300.jpg 300w, https:\/\/sp1.kielce.eu\/wp-content\/uploads\/2024\/11\/IMG_20241126_064831-Copy-150x150.jpg 150w, https:\/\/sp1.kielce.eu\/wp-content\/uploads\/2024\/11\/IMG_20241126_064831-Copy-768x768.jpg 768w, https:\/\/sp1.kielce.eu\/wp-content\/uploads\/2024\/11\/IMG_20241126_064831-Copy-820x820.jpg 820w\" sizes=\"auto, (max-width: 900px) 100vw, 900px\" \/><\/a><\/figure>\n<\/figure>\n","protected":false},"excerpt":{"rendered":"<p>20 listopada obchodzili\u015bmy Mi\u0119dzynarodowy Dzie\u0144 Praw Dziecka. Z&nbsp;tej okazji uczniowie naszej szko\u0142y przyszli ubrani na [&hellip;]<\/p>\n","protected":false},"author":13,"featured_media":36925,"comment_status":"closed","ping_status":"","sticky":false,"template":"","format":"standard","meta":{"footnotes":""},"categories":[36,170],"tags":[],"class_list":["post-36919","post","type-post","status-publish","format-standard","has-post-thumbnail","hentry","category-wydarzenia","category-msu"],"_links":{"self":[{"href":"https:\/\/sp1.kielce.eu\/index.php\/wp-json\/wp\/v2\/posts\/36919","targetHints":{"allow":["GET"]}}],"collection":[{"href":"https:\/\/sp1.kielce.eu\/index.php\/wp-json\/wp\/v2\/posts"}],"about":[{"href":"https:\/\/sp1.kielce.eu\/index.php\/wp-json\/wp\/v2\/types\/post"}],"author":[{"embeddable":true,"href":"https:\/\/sp1.kielce.eu\/index.php\/wp-json\/wp\/v2\/users\/13"}],"replies":[{"embeddable":true,"href":"https:\/\/sp1.kielce.eu\/index.php\/wp-json\/wp\/v2\/comments?post=36919"}],"version-history":[{"count":1,"href":"https:\/\/sp1.kielce.eu\/index.php\/wp-json\/wp\/v2\/posts\/36919\/revisions"}],"predecessor-version":[{"id":36926,"href":"https:\/\/sp1.kielce.eu\/index.php\/wp-json\/wp\/v2\/posts\/36919\/revisions\/36926"}],"wp:featuredmedia":[{"embeddable":true,"href":"https:\/\/sp1.kielce.eu\/index.php\/wp-json\/wp\/v2\/media\/36925"}],"wp:attachment":[{"href":"https:\/\/sp1.kielce.eu\/index.php\/wp-json\/wp\/v2\/media?parent=36919"}],"wp:term":[{"taxonomy":"category","embeddable":true,"href":"https:\/\/sp1.kielce.eu\/index.php\/wp-json\/wp\/v2\/categories?post=36919"},{"taxonomy":"post_tag","embeddable":true,"href":"https:\/\/sp1.kielce.eu\/index.php\/wp-json\/wp\/v2\/tags?post=36919"}],"curies":[{"name":"wp","href":"https:\/\/api.w.org\/{rel}","templated":true}]}}