{"id":36915,"date":"2024-11-28T17:41:14","date_gmt":"2024-11-28T16:41:14","guid":{"rendered":"https:\/\/sp1.kielce.eu\/?p=36915"},"modified":"2024-11-28T17:41:14","modified_gmt":"2024-11-28T16:41:14","slug":"matematyczna-msilnia-w-jedynce","status":"publish","type":"post","link":"https:\/\/sp1.kielce.eu\/index.php\/2024\/11\/28\/matematyczna-msilnia-w-jedynce\/","title":{"rendered":"\u201eMatematyczna mSilnia w Jedynce\u201d"},"content":{"rendered":"\n<p>Nasza szko\u0142a wygra\u0142a w programie grantowym \u201emSilnia\u201d organizowanym przez Fundacj\u0119 mBanku w partnerstwie z Fundacj\u0105 Dobra Sie\u0107. Tym samym pozyskano fundusze maj\u0105ce na celu rozwijanie my\u015blenia matematycznego. W dzia\u0142ania zosta\u0142y zaanga\u017cowane cztery oddzia\u0142y z naszej szko\u0142y: 2c, 3a, 3b i 3c.<\/p>\n\n\n\n<p>Projekt dotyczy matematyki w naturze. Uczniowie ucz\u0105 si\u0119, \u017ce &#8222;\u015bwiat matematyk\u0105 stoi&#8221;. Dostrzegaj\u0105, \u017ce \u015bwiat natury oparty jest na matematycznych proporcjach i etc.<br>Zgodnie z za\u0142o\u017ceniami projektu zaj\u0119cia odbywa\u0107 si\u0119 b\u0119d\u0105 w terenie i b\u0119d\u0105 oparte na dzia\u0142aniach praktycznych. Projekt jest interdyscyplinarny, gdy\u017c zawiera elementy: przyrody, edukacji spo\u0142ecznej, kulturowej, ekonomicznej.<\/p>\n\n\n\n<p>Koordynatorzy projektu:<\/p>\n\n\n\n<p><a><\/a> Klaudia Gola<\/p>\n\n\n\n<p>Iwona Delipacy<\/p>\n","protected":false},"excerpt":{"rendered":"<p>Nasza szko\u0142a wygra\u0142a w programie grantowym \u201emSilnia\u201d organizowanym przez Fundacj\u0119 mBanku w partnerstwie z Fundacj\u0105 [&hellip;]<\/p>\n","protected":false},"author":14,"featured_media":36917,"comment_status":"closed","ping_status":"","sticky":false,"template":"","format":"standard","meta":{"footnotes":""},"categories":[36],"tags":[],"class_list":["post-36915","post","type-post","status-publish","format-standard","has-post-thumbnail","hentry","category-wydarzenia"],"_links":{"self":[{"href":"https:\/\/sp1.kielce.eu\/index.php\/wp-json\/wp\/v2\/posts\/36915","targetHints":{"allow":["GET"]}}],"collection":[{"href":"https:\/\/sp1.kielce.eu\/index.php\/wp-json\/wp\/v2\/posts"}],"about":[{"href":"https:\/\/sp1.kielce.eu\/index.php\/wp-json\/wp\/v2\/types\/post"}],"author":[{"embeddable":true,"href":"https:\/\/sp1.kielce.eu\/index.php\/wp-json\/wp\/v2\/users\/14"}],"replies":[{"embeddable":true,"href":"https:\/\/sp1.kielce.eu\/index.php\/wp-json\/wp\/v2\/comments?post=36915"}],"version-history":[{"count":1,"href":"https:\/\/sp1.kielce.eu\/index.php\/wp-json\/wp\/v2\/posts\/36915\/revisions"}],"predecessor-version":[{"id":36918,"href":"https:\/\/sp1.kielce.eu\/index.php\/wp-json\/wp\/v2\/posts\/36915\/revisions\/36918"}],"wp:featuredmedia":[{"embeddable":true,"href":"https:\/\/sp1.kielce.eu\/index.php\/wp-json\/wp\/v2\/media\/36917"}],"wp:attachment":[{"href":"https:\/\/sp1.kielce.eu\/index.php\/wp-json\/wp\/v2\/media?parent=36915"}],"wp:term":[{"taxonomy":"category","embeddable":true,"href":"https:\/\/sp1.kielce.eu\/index.php\/wp-json\/wp\/v2\/categories?post=36915"},{"taxonomy":"post_tag","embeddable":true,"href":"https:\/\/sp1.kielce.eu\/index.php\/wp-json\/wp\/v2\/tags?post=36915"}],"curies":[{"name":"wp","href":"https:\/\/api.w.org\/{rel}","templated":true}]}}