{"id":36596,"date":"2024-10-29T08:32:05","date_gmt":"2024-10-29T07:32:05","guid":{"rendered":"https:\/\/sp1.kielce.eu\/?p=36596"},"modified":"2024-10-29T08:32:05","modified_gmt":"2024-10-29T07:32:05","slug":"xix-dni-lwowa-w-wojewodzkiej-bibliotece-publicznej","status":"publish","type":"post","link":"https:\/\/sp1.kielce.eu\/index.php\/2024\/10\/29\/xix-dni-lwowa-w-wojewodzkiej-bibliotece-publicznej\/","title":{"rendered":"XIX Dni Lwowa w Wojew\u00f3dzkiej Bibliotece Publicznej"},"content":{"rendered":"\n<p>Uczniowie klasy 7B w sk\u0142adzie Oskar oraz Ksawery wraz z opiekunem ks. Krzysztofem Zapa\u0142\u0105 reprezentowali szko\u0142\u0119 podczas XIX Dni Lwowa w Wojew\u00f3dzkiej Bibliotece Publicznej. Wydarzenie organizowa\u0142o Towarzystwo Mi\u0142o\u015bnik\u00f3w Lwowa i Kres\u00f3w Po\u0142udniowo-Wschodnich, z kt\u00f3rym wsp\u00f3\u0142pracuje szkolne Ko\u0142o Wolontariatu &#8222;Jedynka&#8221;. Uczestnicy wys\u0142uchali wyk\u0142adu prof. Stanis\u0142awa S. Niciei pt. &#8222;Kresowa Atlantyda- nieko\u0144cz\u0105ca si\u0119 historia Kres\u00f3w Wschodnich&#8221;.<\/p>\n\n\n\n<p>Szkolne Ko\u0142o Wolontariatu &#8222;Jedynka&#8221;<\/p>\n\n\n\n<figure class=\"wp-block-gallery has-nested-images columns-default is-cropped wp-block-gallery-1 is-layout-flex wp-block-gallery-is-layout-flex\">\n<figure class=\"wp-block-image size-large\"><img loading=\"lazy\" decoding=\"async\" width=\"1199\" height=\"900\" data-id=\"36597\" src=\"https:\/\/sp1.kielce.eu\/wp-content\/uploads\/2024\/10\/IMG-20241025-WA0000-1199x900.jpg\" alt=\"\" class=\"wp-image-36597\" srcset=\"https:\/\/sp1.kielce.eu\/wp-content\/uploads\/2024\/10\/IMG-20241025-WA0000-1199x900.jpg 1199w, https:\/\/sp1.kielce.eu\/wp-content\/uploads\/2024\/10\/IMG-20241025-WA0000-300x225.jpg 300w, https:\/\/sp1.kielce.eu\/wp-content\/uploads\/2024\/10\/IMG-20241025-WA0000-768x576.jpg 768w, https:\/\/sp1.kielce.eu\/wp-content\/uploads\/2024\/10\/IMG-20241025-WA0000-1536x1153.jpg 1536w, https:\/\/sp1.kielce.eu\/wp-content\/uploads\/2024\/10\/IMG-20241025-WA0000-820x616.jpg 820w, https:\/\/sp1.kielce.eu\/wp-content\/uploads\/2024\/10\/IMG-20241025-WA0000.jpg 1600w\" sizes=\"auto, (max-width: 1199px) 100vw, 1199px\" \/><\/figure>\n<\/figure>\n","protected":false},"excerpt":{"rendered":"<p>Uczniowie klasy 7B w sk\u0142adzie Oskar oraz Ksawery wraz z opiekunem ks. Krzysztofem Zapa\u0142\u0105 reprezentowali [&hellip;]<\/p>\n","protected":false},"author":5,"featured_media":36597,"comment_status":"closed","ping_status":"","sticky":false,"template":"","format":"standard","meta":{"footnotes":""},"categories":[36],"tags":[],"class_list":["post-36596","post","type-post","status-publish","format-standard","has-post-thumbnail","hentry","category-wydarzenia"],"_links":{"self":[{"href":"https:\/\/sp1.kielce.eu\/index.php\/wp-json\/wp\/v2\/posts\/36596","targetHints":{"allow":["GET"]}}],"collection":[{"href":"https:\/\/sp1.kielce.eu\/index.php\/wp-json\/wp\/v2\/posts"}],"about":[{"href":"https:\/\/sp1.kielce.eu\/index.php\/wp-json\/wp\/v2\/types\/post"}],"author":[{"embeddable":true,"href":"https:\/\/sp1.kielce.eu\/index.php\/wp-json\/wp\/v2\/users\/5"}],"replies":[{"embeddable":true,"href":"https:\/\/sp1.kielce.eu\/index.php\/wp-json\/wp\/v2\/comments?post=36596"}],"version-history":[{"count":1,"href":"https:\/\/sp1.kielce.eu\/index.php\/wp-json\/wp\/v2\/posts\/36596\/revisions"}],"predecessor-version":[{"id":36598,"href":"https:\/\/sp1.kielce.eu\/index.php\/wp-json\/wp\/v2\/posts\/36596\/revisions\/36598"}],"wp:featuredmedia":[{"embeddable":true,"href":"https:\/\/sp1.kielce.eu\/index.php\/wp-json\/wp\/v2\/media\/36597"}],"wp:attachment":[{"href":"https:\/\/sp1.kielce.eu\/index.php\/wp-json\/wp\/v2\/media?parent=36596"}],"wp:term":[{"taxonomy":"category","embeddable":true,"href":"https:\/\/sp1.kielce.eu\/index.php\/wp-json\/wp\/v2\/categories?post=36596"},{"taxonomy":"post_tag","embeddable":true,"href":"https:\/\/sp1.kielce.eu\/index.php\/wp-json\/wp\/v2\/tags?post=36596"}],"curies":[{"name":"wp","href":"https:\/\/api.w.org\/{rel}","templated":true}]}}