{"id":36165,"date":"2024-09-24T11:14:00","date_gmt":"2024-09-24T09:14:00","guid":{"rendered":"http:\/\/sp1.kielce.eu\/?p=36165"},"modified":"2025-04-16T10:42:18","modified_gmt":"2025-04-16T08:42:18","slug":"rogram-dobrowolnych-i-bezplatnych-szczepien-przeciw-hpv-w-szkolach","status":"publish","type":"post","link":"https:\/\/sp1.kielce.eu\/index.php\/2024\/09\/24\/rogram-dobrowolnych-i-bezplatnych-szczepien-przeciw-hpv-w-szkolach\/","title":{"rendered":"ROGRAM DOBROWOLNYCH i BEZP\u0141ATNYCH SZCZEPIE\u0143 PRZECIW HPV W SZKO\u0141ACH"},"content":{"rendered":"\n<p>Program dobrowolnych i bezp\u0142atnych szczepie\u0144 przeciw HPV to wa\u017cna akcja zdrowotna i edukacyjna Ministerstwa Edukacji Narodowej i Ministerstwa Zdrowia.&nbsp;<\/p>\n\n\n\n<p>Poni\u017cej zamieszczamy pakiet materia\u0142\u00f3w informacyjnych dotycz\u0105cych szczepie\u0144 na HPV, kt\u00f3re b\u0119d\u0105 prowadzone dla ch\u0119tnych nieodp\u0142atnie na terenie szko\u0142y w najbli\u017cszych tygodniach.<\/p>\n\n\n\n<p>Uprzejmie prosimy o zapoznanie si\u0119 z za\u0142\u0105cznikami, zawieraj\u0105 one wszystkie informacje na temat procesu szczepienia i dost\u0119pnych szczepionek. Prosz\u0119 tak\u017ce o podj\u0119cie decyzji na temat udzia\u0142u w szczepieniach b\u0105d\u017a rezygnacji z nich.<\/p>\n\n\n\n<p><a href=\"https:\/\/sp5.kielce.eu\/sites\/default\/files\/pliki\/2024-09\/zal-do-zalecen-mz-dot-realizacji-szczepien-p-hpv-w-szkolach-1092024.docx\">zal-do-zalecen-mz-dot-realizacji-szczepien-p-hpv-w-szkolach-1092024.docx (34.44 KB)<\/a><\/p>\n\n\n\n<p><a href=\"https:\/\/sp5.kielce.eu\/sites\/default\/files\/pliki\/2024-09\/wzor-oswiadczenie-i-zgoda-przedstawiciela-ustawowego-dziecka-dotyczaca-szczepienia-przeciw-hpv-w.doc\">wzor-oswiadczenie-i-zgoda-przedstawiciela-ustawowego-dziecka-dotyczaca-szczepienia-przeciw-hpv-w.doc (30.5 KB)<\/a><\/p>\n\n\n\n<p><a href=\"https:\/\/sp5.kielce.eu\/sites\/default\/files\/pliki\/2024-09\/wzor-deklaracja-przedstawiciela-ustawowego-dziecka-dotyczaca-szczepienia-przeciw-hpv-w-szkole-2.docx\">wzor-deklaracja-przedstawiciela-ustawowego-dziecka-dotyczaca-szczepienia-przeciw-hpv-w-szkole-2.docx (24.89 KB)<\/a><\/p>\n\n\n\n<p><a href=\"https:\/\/sp5.kielce.eu\/sites\/default\/files\/pliki\/2024-09\/przewodnik-po-szczepieniach-przeciw-hpv-dla-rodzicow-nastolatkow.pdf\">przewodnik-po-szczepieniach-przeciw-hpv-dla-rodzicow-nastolatkow.pdf (3.94 MB)<\/a><\/p>\n\n\n\n<p><a href=\"https:\/\/sp5.kielce.eu\/sites\/default\/files\/pliki\/2024-09\/hpv-infograf.pdf\">hpv-infograf.pdf (1.27 MB)<\/a><\/p>\n\n\n\n<p><a href=\"https:\/\/sp5.kielce.eu\/sites\/default\/files\/pliki\/2024-09\/listministraedukacjiiministrazdrowiadorodzicow.pdf\">listministraedukacjiiministrazdrowiadorodzicow.pdf (96.13 KB)<\/a><\/p>\n\n\n\n<p><a href=\"https:\/\/sp5.kielce.eu\/sites\/default\/files\/pliki\/2024-09\/informatordlarodzicow.pdf\">informatordlarodzicow.pdf (776.47 KB)<\/a><\/p>\n\n\n\n<p><a href=\"https:\/\/sp5.kielce.eu\/sites\/default\/files\/pliki\/2024-09\/hpvprezentacja.pdf\">hpvprezentacja.pdf (9.25 MB)<\/a><\/p>\n\n\n\n<p><a href=\"https:\/\/sp5.kielce.eu\/sites\/default\/files\/pliki\/2024-09\/gardasil9ulotka.pdf\">gardasil9ulotka.pdf (231.4 KB)<\/a><\/p>\n\n\n\n<p><a href=\"https:\/\/sp5.kielce.eu\/sites\/default\/files\/pliki\/2024-09\/cervarixulotka.pdf\">cervarixulotka.pdf (3.31 MB)<\/a><\/p>\n\n\n\n<figure class=\"wp-block-embed is-type-video is-provider-youtube wp-block-embed-youtube wp-embed-aspect-16-9 wp-has-aspect-ratio\"><div class=\"wp-block-embed__wrapper\">\n<iframe loading=\"lazy\" title=\"Szczepienia przeciw HPV - spot promocyjny d\u0142ugi\" width=\"1160\" height=\"653\" src=\"https:\/\/www.youtube.com\/embed\/VKGYoSgCt0g?feature=oembed\" frameborder=\"0\" allow=\"accelerometer; autoplay; clipboard-write; encrypted-media; gyroscope; picture-in-picture; web-share\" referrerpolicy=\"strict-origin-when-cross-origin\" allowfullscreen><\/iframe>\n<\/div><\/figure>\n","protected":false},"excerpt":{"rendered":"<p>Program dobrowolnych i bezp\u0142atnych szczepie\u0144 przeciw HPV to wa\u017cna akcja zdrowotna i edukacyjna Ministerstwa Edukacji [&hellip;]<\/p>\n","protected":false},"author":4,"featured_media":36166,"comment_status":"closed","ping_status":"","sticky":false,"template":"","format":"standard","meta":{"footnotes":""},"categories":[1],"tags":[],"class_list":["post-36165","post","type-post","status-publish","format-standard","has-post-thumbnail","hentry","category-bez-kategorii"],"_links":{"self":[{"href":"https:\/\/sp1.kielce.eu\/index.php\/wp-json\/wp\/v2\/posts\/36165","targetHints":{"allow":["GET"]}}],"collection":[{"href":"https:\/\/sp1.kielce.eu\/index.php\/wp-json\/wp\/v2\/posts"}],"about":[{"href":"https:\/\/sp1.kielce.eu\/index.php\/wp-json\/wp\/v2\/types\/post"}],"author":[{"embeddable":true,"href":"https:\/\/sp1.kielce.eu\/index.php\/wp-json\/wp\/v2\/users\/4"}],"replies":[{"embeddable":true,"href":"https:\/\/sp1.kielce.eu\/index.php\/wp-json\/wp\/v2\/comments?post=36165"}],"version-history":[{"count":1,"href":"https:\/\/sp1.kielce.eu\/index.php\/wp-json\/wp\/v2\/posts\/36165\/revisions"}],"predecessor-version":[{"id":36167,"href":"https:\/\/sp1.kielce.eu\/index.php\/wp-json\/wp\/v2\/posts\/36165\/revisions\/36167"}],"wp:featuredmedia":[{"embeddable":true,"href":"https:\/\/sp1.kielce.eu\/index.php\/wp-json\/wp\/v2\/media\/36166"}],"wp:attachment":[{"href":"https:\/\/sp1.kielce.eu\/index.php\/wp-json\/wp\/v2\/media?parent=36165"}],"wp:term":[{"taxonomy":"category","embeddable":true,"href":"https:\/\/sp1.kielce.eu\/index.php\/wp-json\/wp\/v2\/categories?post=36165"},{"taxonomy":"post_tag","embeddable":true,"href":"https:\/\/sp1.kielce.eu\/index.php\/wp-json\/wp\/v2\/tags?post=36165"}],"curies":[{"name":"wp","href":"https:\/\/api.w.org\/{rel}","templated":true}]}}