{"id":36158,"date":"2024-09-24T09:38:07","date_gmt":"2024-09-24T07:38:07","guid":{"rendered":"http:\/\/sp1.kielce.eu\/?p=36158"},"modified":"2024-09-24T09:38:07","modified_gmt":"2024-09-24T07:38:07","slug":"zbiorka-darow-dla-powodzian-2","status":"publish","type":"post","link":"https:\/\/sp1.kielce.eu\/index.php\/2024\/09\/24\/zbiorka-darow-dla-powodzian-2\/","title":{"rendered":"ZBI\u00d3RKA DAR\u00d3W DLA POWODZIAN"},"content":{"rendered":"\n<p>Nasza szko\u0142a w\u0142\u0105czy\u0142a si\u0119 w\u00a0akcj\u0119 ???<strong>\u00d3<\/strong>??<strong>I<\/strong> ???<strong>\u00d3<\/strong>? ??? ?????????, zorganizowan\u0105 przez Miasto Kielce razem z\u00a0Pa\u0142acykiem Zieli\u0144skiego \u2013 Dom \u015arodowisk Tw\u00f3rczych w\u00a0Kielcach.<\/p>\n\n\n\n<p>Jak zwykle ca\u0142a spo\u0142eczno\u015b\u0107 szkolna stan\u0119\u0142a na wysoko\u015bci zadania.<\/p>\n\n\n\n<p><strong>Serdecznie dzi\u0119kujemy!<\/strong><\/p>\n\n\n\n<p class=\"has-text-align-right\">Szkolne Ko\u0142o Wolontariatu JEDYNKA<\/p>\n\n\n\n<figure class=\"wp-block-gallery has-nested-images columns-default is-cropped wp-block-gallery-1 is-layout-flex wp-block-gallery-is-layout-flex\">\n<figure class=\"wp-block-image size-large\"><a href=\"http:\/\/sp1.kielce.eu\/wp-content\/uploads\/2024\/09\/20240920_090046-Copy.jpg\"><img loading=\"lazy\" decoding=\"async\" width=\"675\" height=\"900\" data-id=\"36160\" src=\"http:\/\/sp1.kielce.eu\/wp-content\/uploads\/2024\/09\/20240920_090046-Copy.jpg\" alt=\"\" class=\"wp-image-36160\" srcset=\"https:\/\/sp1.kielce.eu\/wp-content\/uploads\/2024\/09\/20240920_090046-Copy.jpg 675w, https:\/\/sp1.kielce.eu\/wp-content\/uploads\/2024\/09\/20240920_090046-Copy-225x300.jpg 225w\" sizes=\"auto, (max-width: 675px) 100vw, 675px\" \/><\/a><\/figure>\n\n\n\n<figure class=\"wp-block-image size-large\"><a href=\"http:\/\/sp1.kielce.eu\/wp-content\/uploads\/2024\/09\/20240920_090052-Copy.jpg\"><img loading=\"lazy\" decoding=\"async\" width=\"675\" height=\"900\" data-id=\"36162\" src=\"http:\/\/sp1.kielce.eu\/wp-content\/uploads\/2024\/09\/20240920_090052-Copy.jpg\" alt=\"\" class=\"wp-image-36162\" srcset=\"https:\/\/sp1.kielce.eu\/wp-content\/uploads\/2024\/09\/20240920_090052-Copy.jpg 675w, https:\/\/sp1.kielce.eu\/wp-content\/uploads\/2024\/09\/20240920_090052-Copy-225x300.jpg 225w\" sizes=\"auto, (max-width: 675px) 100vw, 675px\" \/><\/a><\/figure>\n\n\n\n<figure class=\"wp-block-image size-large\"><a href=\"http:\/\/sp1.kielce.eu\/wp-content\/uploads\/2024\/09\/20240921_092659-Copy.jpg\"><img loading=\"lazy\" decoding=\"async\" width=\"675\" height=\"900\" data-id=\"36161\" src=\"http:\/\/sp1.kielce.eu\/wp-content\/uploads\/2024\/09\/20240921_092659-Copy.jpg\" alt=\"\" class=\"wp-image-36161\" srcset=\"https:\/\/sp1.kielce.eu\/wp-content\/uploads\/2024\/09\/20240921_092659-Copy.jpg 675w, https:\/\/sp1.kielce.eu\/wp-content\/uploads\/2024\/09\/20240921_092659-Copy-225x300.jpg 225w\" sizes=\"auto, (max-width: 675px) 100vw, 675px\" \/><\/a><\/figure>\n<\/figure>\n","protected":false},"excerpt":{"rendered":"<p>Nasza szko\u0142a w\u0142\u0105czy\u0142a si\u0119 w\u00a0akcj\u0119 ???\u00d3??I ???\u00d3? ??? ?????????, zorganizowan\u0105 przez Miasto Kielce razem z\u00a0Pa\u0142acykiem [&hellip;]<\/p>\n","protected":false},"author":13,"featured_media":36163,"comment_status":"closed","ping_status":"","sticky":false,"template":"","format":"standard","meta":{"footnotes":""},"categories":[163,23],"tags":[],"class_list":["post-36158","post","type-post","status-publish","format-standard","has-post-thumbnail","hentry","category-skw","category-charytatywne"],"_links":{"self":[{"href":"https:\/\/sp1.kielce.eu\/index.php\/wp-json\/wp\/v2\/posts\/36158","targetHints":{"allow":["GET"]}}],"collection":[{"href":"https:\/\/sp1.kielce.eu\/index.php\/wp-json\/wp\/v2\/posts"}],"about":[{"href":"https:\/\/sp1.kielce.eu\/index.php\/wp-json\/wp\/v2\/types\/post"}],"author":[{"embeddable":true,"href":"https:\/\/sp1.kielce.eu\/index.php\/wp-json\/wp\/v2\/users\/13"}],"replies":[{"embeddable":true,"href":"https:\/\/sp1.kielce.eu\/index.php\/wp-json\/wp\/v2\/comments?post=36158"}],"version-history":[{"count":2,"href":"https:\/\/sp1.kielce.eu\/index.php\/wp-json\/wp\/v2\/posts\/36158\/revisions"}],"predecessor-version":[{"id":36164,"href":"https:\/\/sp1.kielce.eu\/index.php\/wp-json\/wp\/v2\/posts\/36158\/revisions\/36164"}],"wp:featuredmedia":[{"embeddable":true,"href":"https:\/\/sp1.kielce.eu\/index.php\/wp-json\/wp\/v2\/media\/36163"}],"wp:attachment":[{"href":"https:\/\/sp1.kielce.eu\/index.php\/wp-json\/wp\/v2\/media?parent=36158"}],"wp:term":[{"taxonomy":"category","embeddable":true,"href":"https:\/\/sp1.kielce.eu\/index.php\/wp-json\/wp\/v2\/categories?post=36158"},{"taxonomy":"post_tag","embeddable":true,"href":"https:\/\/sp1.kielce.eu\/index.php\/wp-json\/wp\/v2\/tags?post=36158"}],"curies":[{"name":"wp","href":"https:\/\/api.w.org\/{rel}","templated":true}]}}