{"id":36054,"date":"2024-09-19T10:23:23","date_gmt":"2024-09-19T08:23:23","guid":{"rendered":"http:\/\/sp1.kielce.eu\/?p=36054"},"modified":"2024-09-19T10:23:23","modified_gmt":"2024-09-19T08:23:23","slug":"wycieczka-klas-6b-i-7a-do-grodu-pedzikow","status":"publish","type":"post","link":"https:\/\/sp1.kielce.eu\/index.php\/2024\/09\/19\/wycieczka-klas-6b-i-7a-do-grodu-pedzikow\/","title":{"rendered":"Wycieczka klas 6b i 7a do Grodu P\u0119dzik\u00f3w"},"content":{"rendered":"\n<p>W dniu 17 wrze\u015bnia klasy 6b i 7a uda\u0142y si\u0119 do Grodu P\u0119dzik\u00f3w niedaleko Ch\u0119cin na wycieczk\u0119 po\u0142\u0105czon\u0105 z ogniskiem i warsztatami muzycznymi.<\/p>\n\n\n\n<p>W programie by\u0142o min. zwiedzanie \u015bredniowiecznej wioski rycerskiej oraz wyk\u0142ad o \u015bredniowiecznej ku\u017ani. Ponad to mieli\u015bmy okazj\u0119 obejrze\u0107 zbroje rycerskie i by\u0107 \u015bwiadkiem strzelania z armat i bicia monet, kt\u00f3re dostali\u015bmy na pami\u0105tk\u0119. Mogli\u015bmy r\u00f3wnie\u017c wzi\u0105\u0107 udzia\u0142 w lekcji strzelania z \u0142uku.<\/p>\n\n\n\n<p>Po tych atrakcjach mieli\u015bmy czas wolny, oraz przygotowane kie\u0142baski z ogniska.<\/p>\n\n\n\n<p>Ostatni\u0105 atrakcj\u0105 by\u0142y warsztaty taneczne&nbsp; hiphop &amp; breakdance prowadzone przez @movinmumin.<\/p>\n\n\n\n<p>Po dniu pe\u0142nym wra\u017ce\u0144 wr\u00f3cili\u015bmy do Kielc<\/p>\n\n\n\n<p>Urszula Sodel<\/p>\n\n\n\n<p>Piotr Surma<\/p>\n\n\n\n<p>Grzegorz Ko\u0142oma\u0144ski<\/p>\n\n\n\n<figure class=\"wp-block-embed is-type-video is-provider-youtube wp-block-embed-youtube wp-embed-aspect-16-9 wp-has-aspect-ratio\"><div class=\"wp-block-embed__wrapper\">\n <iframe loading=\"lazy\" title=\"Gr\u00f3d P\u0119dzik\u00f3w\" width=\"1160\" height=\"653\" src=\"https:\/\/www.youtube.com\/embed\/m_0EbPYUw5I?feature=oembed\" frameborder=\"0\" allow=\"accelerometer; autoplay; clipboard-write; encrypted-media; gyroscope; picture-in-picture; web-share\" referrerpolicy=\"strict-origin-when-cross-origin\" allowfullscreen><\/iframe>\n<\/div><\/figure>\n","protected":false},"excerpt":{"rendered":"<p>W dniu 17 wrze\u015bnia klasy 6b i 7a uda\u0142y si\u0119 do Grodu P\u0119dzik\u00f3w niedaleko Ch\u0119cin [&hellip;]<\/p>\n","protected":false},"author":5,"featured_media":36055,"comment_status":"closed","ping_status":"","sticky":false,"template":"","format":"standard","meta":{"footnotes":""},"categories":[36],"tags":[],"class_list":["post-36054","post","type-post","status-publish","format-standard","has-post-thumbnail","hentry","category-wydarzenia"],"_links":{"self":[{"href":"https:\/\/sp1.kielce.eu\/index.php\/wp-json\/wp\/v2\/posts\/36054","targetHints":{"allow":["GET"]}}],"collection":[{"href":"https:\/\/sp1.kielce.eu\/index.php\/wp-json\/wp\/v2\/posts"}],"about":[{"href":"https:\/\/sp1.kielce.eu\/index.php\/wp-json\/wp\/v2\/types\/post"}],"author":[{"embeddable":true,"href":"https:\/\/sp1.kielce.eu\/index.php\/wp-json\/wp\/v2\/users\/5"}],"replies":[{"embeddable":true,"href":"https:\/\/sp1.kielce.eu\/index.php\/wp-json\/wp\/v2\/comments?post=36054"}],"version-history":[{"count":1,"href":"https:\/\/sp1.kielce.eu\/index.php\/wp-json\/wp\/v2\/posts\/36054\/revisions"}],"predecessor-version":[{"id":36056,"href":"https:\/\/sp1.kielce.eu\/index.php\/wp-json\/wp\/v2\/posts\/36054\/revisions\/36056"}],"wp:featuredmedia":[{"embeddable":true,"href":"https:\/\/sp1.kielce.eu\/index.php\/wp-json\/wp\/v2\/media\/36055"}],"wp:attachment":[{"href":"https:\/\/sp1.kielce.eu\/index.php\/wp-json\/wp\/v2\/media?parent=36054"}],"wp:term":[{"taxonomy":"category","embeddable":true,"href":"https:\/\/sp1.kielce.eu\/index.php\/wp-json\/wp\/v2\/categories?post=36054"},{"taxonomy":"post_tag","embeddable":true,"href":"https:\/\/sp1.kielce.eu\/index.php\/wp-json\/wp\/v2\/tags?post=36054"}],"curies":[{"name":"wp","href":"https:\/\/api.w.org\/{rel}","templated":true}]}}