{"id":35659,"date":"2024-06-18T23:00:08","date_gmt":"2024-06-18T21:00:08","guid":{"rendered":"http:\/\/sp1.kielce.eu\/?p=35659"},"modified":"2024-06-18T23:00:08","modified_gmt":"2024-06-18T21:00:08","slug":"spotkanie-ze-sztuka-na-katechezie","status":"publish","type":"post","link":"https:\/\/sp1.kielce.eu\/index.php\/2024\/06\/18\/spotkanie-ze-sztuka-na-katechezie\/","title":{"rendered":"Spotkanie ze sztuk\u0105 na katechezie"},"content":{"rendered":"\n<p>\u00a0\u00a0\u00a0\u00a0\u00a0\u00a0\u00a0\u00a0\u00a0\u00a0\u00a0 Uczniowie klasy 2b przypominali sobie najwa\u017cniejsze wydarzenia z\u00a0\u017cycia Naj\u015bwi\u0119tszej Maryi Panny ogl\u0105daj\u0105c zdj\u0119cia obraz\u00f3w s\u0142ynnych malarzy.<br>Mogli podziwia\u0107 m.\u00a0in.\u00a0Zwiastowanie Leonardo da\u00a0Vinci, Pok\u0142on pasterzy El\u00a0Greco czy Ukoronowanie Naj\u015bwi\u0119tszej Maryi Panny Rubensa.<br>\u00a0\u00a0\u00a0\u00a0\u00a0\u00a0\u00a0\u00a0\u00a0\u00a0\u00a0 Wykonali tak\u017ce kolorowanki przygotowane na podstawie wielkich dzie\u0142 sztuki malarskiej. Prace drugoklasist\u00f3w stworzy\u0142y wielobarwn\u0105 gazetk\u0119 \u015bcienn\u0105 w\u00a0sali lekcyjnej.<br>Zaj\u0119cia nie tylko utrwali\u0142y wiedz\u0119 religijn\u0105 dzieci, ale tak\u017ce przyczyni\u0142y si\u0119 poznawania dorobku kultury rodzimej, kultury Europy i\u00a0\u015bwiata.<br>Kszta\u0142towa\u0142y postaw\u0119 szacunku i\u00a0podziwu dla pi\u0119kna. Rozbudza\u0142y wra\u017cliwo\u015b\u0107 na pi\u0119kno i\u00a0pog\u0142\u0119bia\u0142y umiej\u0119tno\u015b\u0107 wyra\u017cania i\u00a0odwzorowywania sztuki za pomoc\u0105 prostych metod plastycznych.<\/p>\n\n\n\n<p class=\"has-text-align-right\">s. Faustyna Monika Czajkowska<\/p>\n\n\n\n<figure class=\"wp-block-gallery has-nested-images columns-default is-cropped wp-block-gallery-1 is-layout-flex wp-block-gallery-is-layout-flex\">\n<figure class=\"wp-block-image size-large\"><img loading=\"lazy\" decoding=\"async\" width=\"1200\" height=\"675\" data-id=\"35660\" src=\"http:\/\/sp1.kielce.eu\/wp-content\/uploads\/2024\/06\/Sztuka-2-Copy.jpg\" alt=\"\" class=\"wp-image-35660\" srcset=\"https:\/\/sp1.kielce.eu\/wp-content\/uploads\/2024\/06\/Sztuka-2-Copy.jpg 1200w, https:\/\/sp1.kielce.eu\/wp-content\/uploads\/2024\/06\/Sztuka-2-Copy-300x169.jpg 300w, https:\/\/sp1.kielce.eu\/wp-content\/uploads\/2024\/06\/Sztuka-2-Copy-768x432.jpg 768w, https:\/\/sp1.kielce.eu\/wp-content\/uploads\/2024\/06\/Sztuka-2-Copy-820x461.jpg 820w\" sizes=\"auto, (max-width: 1200px) 100vw, 1200px\" \/><\/figure>\n<\/figure>\n","protected":false},"excerpt":{"rendered":"<p>\u00a0\u00a0\u00a0\u00a0\u00a0\u00a0\u00a0\u00a0\u00a0\u00a0\u00a0 Uczniowie klasy 2b przypominali sobie najwa\u017cniejsze wydarzenia z\u00a0\u017cycia Naj\u015bwi\u0119tszej Maryi Panny ogl\u0105daj\u0105c zdj\u0119cia obraz\u00f3w [&hellip;]<\/p>\n","protected":false},"author":13,"featured_media":35661,"comment_status":"closed","ping_status":"","sticky":false,"template":"","format":"standard","meta":{"footnotes":""},"categories":[1],"tags":[],"class_list":["post-35659","post","type-post","status-publish","format-standard","has-post-thumbnail","hentry","category-bez-kategorii"],"_links":{"self":[{"href":"https:\/\/sp1.kielce.eu\/index.php\/wp-json\/wp\/v2\/posts\/35659","targetHints":{"allow":["GET"]}}],"collection":[{"href":"https:\/\/sp1.kielce.eu\/index.php\/wp-json\/wp\/v2\/posts"}],"about":[{"href":"https:\/\/sp1.kielce.eu\/index.php\/wp-json\/wp\/v2\/types\/post"}],"author":[{"embeddable":true,"href":"https:\/\/sp1.kielce.eu\/index.php\/wp-json\/wp\/v2\/users\/13"}],"replies":[{"embeddable":true,"href":"https:\/\/sp1.kielce.eu\/index.php\/wp-json\/wp\/v2\/comments?post=35659"}],"version-history":[{"count":1,"href":"https:\/\/sp1.kielce.eu\/index.php\/wp-json\/wp\/v2\/posts\/35659\/revisions"}],"predecessor-version":[{"id":35662,"href":"https:\/\/sp1.kielce.eu\/index.php\/wp-json\/wp\/v2\/posts\/35659\/revisions\/35662"}],"wp:featuredmedia":[{"embeddable":true,"href":"https:\/\/sp1.kielce.eu\/index.php\/wp-json\/wp\/v2\/media\/35661"}],"wp:attachment":[{"href":"https:\/\/sp1.kielce.eu\/index.php\/wp-json\/wp\/v2\/media?parent=35659"}],"wp:term":[{"taxonomy":"category","embeddable":true,"href":"https:\/\/sp1.kielce.eu\/index.php\/wp-json\/wp\/v2\/categories?post=35659"},{"taxonomy":"post_tag","embeddable":true,"href":"https:\/\/sp1.kielce.eu\/index.php\/wp-json\/wp\/v2\/tags?post=35659"}],"curies":[{"name":"wp","href":"https:\/\/api.w.org\/{rel}","templated":true}]}}