{"id":35644,"date":"2024-06-18T22:52:00","date_gmt":"2024-06-18T20:52:00","guid":{"rendered":"http:\/\/sp1.kielce.eu\/?p=35644"},"modified":"2024-06-28T23:03:25","modified_gmt":"2024-06-28T21:03:25","slug":"parafialny-konkurs-plastyczny","status":"publish","type":"post","link":"https:\/\/sp1.kielce.eu\/index.php\/2024\/06\/18\/parafialny-konkurs-plastyczny\/","title":{"rendered":"Parafialny konkurs plastyczny"},"content":{"rendered":"\n<p>Najm\u0142odsi uczniowie naszej szko\u0142y wzi\u0119li udzia\u0142 w\u00a0Parafialnym konkursie plastycznym &#8211; <em>Stacje drogi krzy\u017cowej. <\/em>Ucze\u0144 klasy 3b \u2013 Wiktor Polski zdoby\u0142 trzecie miejsce przedstawiaj\u0105c trudn\u0105 scen\u0119 ukrzy\u017cowania Pana Jezusa.<br>Wszystkie prace zg\u0142oszone na konkurs stworzy\u0142y niepowtarzaln\u0105 wystaw\u0119, kt\u00f3r\u0105 mo\u017cna by\u0142o podziwia\u0107 w\u00a0ko\u015bciele \u015awi\u0119tego J\u00f3zefa.<br>Udzia\u0142 w\u00a0konkursie umo\u017cliwi\u0142 dzieciom odkrywanie oraz rozwijanie tw\u00f3rczych mo\u017cliwo\u015bci, sensu dzia\u0142ania i\u00a0prezentowania w\u0142asnych osi\u0105gni\u0119\u0107. Pozwoli\u0142 najm\u0142odszym uczniom gromadzi\u0107 osobiste do\u015bwiadczenia religijne i\u00a0artystyczne na drodze prowadz\u0105cej do prawdy, dobra i pi\u0119kna.<\/p>\n\n\n\n<p>Gratulujemy talentu Wiktorowi i \u017cyczymy dalszych sukces\u00f3w!<\/p>\n\n\n\n<p class=\"has-text-align-right\">s. Faustyna Monika Czajkowska<\/p>\n\n\n\n<figure class=\"wp-block-gallery has-nested-images columns-default is-cropped wp-block-gallery-1 is-layout-flex wp-block-gallery-is-layout-flex\">\n<figure class=\"wp-block-image size-large\"><img loading=\"lazy\" decoding=\"async\" width=\"1200\" height=\"675\" data-id=\"35646\" src=\"http:\/\/sp1.kielce.eu\/wp-content\/uploads\/2024\/06\/Parafialny-konkurs-plastyczny-Copy.jpg\" alt=\"\" class=\"wp-image-35646\" srcset=\"https:\/\/sp1.kielce.eu\/wp-content\/uploads\/2024\/06\/Parafialny-konkurs-plastyczny-Copy.jpg 1200w, https:\/\/sp1.kielce.eu\/wp-content\/uploads\/2024\/06\/Parafialny-konkurs-plastyczny-Copy-300x169.jpg 300w, https:\/\/sp1.kielce.eu\/wp-content\/uploads\/2024\/06\/Parafialny-konkurs-plastyczny-Copy-768x432.jpg 768w, https:\/\/sp1.kielce.eu\/wp-content\/uploads\/2024\/06\/Parafialny-konkurs-plastyczny-Copy-820x461.jpg 820w\" sizes=\"auto, (max-width: 1200px) 100vw, 1200px\" \/><\/figure>\n<\/figure>\n","protected":false},"excerpt":{"rendered":"<p>Najm\u0142odsi uczniowie naszej szko\u0142y wzi\u0119li udzia\u0142 w\u00a0Parafialnym konkursie plastycznym &#8211; Stacje drogi krzy\u017cowej. Ucze\u0144 klasy [&hellip;]<\/p>\n","protected":false},"author":13,"featured_media":35647,"comment_status":"closed","ping_status":"","sticky":false,"template":"","format":"standard","meta":{"footnotes":""},"categories":[21],"tags":[],"class_list":["post-35644","post","type-post","status-publish","format-standard","has-post-thumbnail","hentry","category-konkursy"],"_links":{"self":[{"href":"https:\/\/sp1.kielce.eu\/index.php\/wp-json\/wp\/v2\/posts\/35644","targetHints":{"allow":["GET"]}}],"collection":[{"href":"https:\/\/sp1.kielce.eu\/index.php\/wp-json\/wp\/v2\/posts"}],"about":[{"href":"https:\/\/sp1.kielce.eu\/index.php\/wp-json\/wp\/v2\/types\/post"}],"author":[{"embeddable":true,"href":"https:\/\/sp1.kielce.eu\/index.php\/wp-json\/wp\/v2\/users\/13"}],"replies":[{"embeddable":true,"href":"https:\/\/sp1.kielce.eu\/index.php\/wp-json\/wp\/v2\/comments?post=35644"}],"version-history":[{"count":2,"href":"https:\/\/sp1.kielce.eu\/index.php\/wp-json\/wp\/v2\/posts\/35644\/revisions"}],"predecessor-version":[{"id":35709,"href":"https:\/\/sp1.kielce.eu\/index.php\/wp-json\/wp\/v2\/posts\/35644\/revisions\/35709"}],"wp:featuredmedia":[{"embeddable":true,"href":"https:\/\/sp1.kielce.eu\/index.php\/wp-json\/wp\/v2\/media\/35647"}],"wp:attachment":[{"href":"https:\/\/sp1.kielce.eu\/index.php\/wp-json\/wp\/v2\/media?parent=35644"}],"wp:term":[{"taxonomy":"category","embeddable":true,"href":"https:\/\/sp1.kielce.eu\/index.php\/wp-json\/wp\/v2\/categories?post=35644"},{"taxonomy":"post_tag","embeddable":true,"href":"https:\/\/sp1.kielce.eu\/index.php\/wp-json\/wp\/v2\/tags?post=35644"}],"curies":[{"name":"wp","href":"https:\/\/api.w.org\/{rel}","templated":true}]}}