{"id":35552,"date":"2024-06-16T21:26:03","date_gmt":"2024-06-16T19:26:03","guid":{"rendered":"http:\/\/sp1.kielce.eu\/?p=35552"},"modified":"2024-06-28T23:04:25","modified_gmt":"2024-06-28T21:04:25","slug":"iii-miejsce-aleksandry-podkowy-w-xxiv-edycji-miedzyswietlicowego-konkursu-plastyczno-technicznego-pt-kwiaty-dla-mamy","status":"publish","type":"post","link":"https:\/\/sp1.kielce.eu\/index.php\/2024\/06\/16\/iii-miejsce-aleksandry-podkowy-w-xxiv-edycji-miedzyswietlicowego-konkursu-plastyczno-technicznego-pt-kwiaty-dla-mamy\/","title":{"rendered":"III miejsce Aleksandry Podkowy w\u00a0XXIV edycji Mi\u0119dzy\u015bwietlicowego Konkursu plastyczno-technicznego pt.\u00a0,,Kwiaty dla Mamy\u201d\u00a0"},"content":{"rendered":"\n<p>W maju odby\u0142a si\u0119 XXIV edycja mi\u0119dzy\u015bwietlicowego konkursu plastyczno-technicznego pt.&nbsp; ,,Kwiaty dla Mamy\u201d, kt\u00f3rego organizatorem by\u0142a Szko\u0142a Podstawowa nr&nbsp;19 im.&nbsp;Ireny Sendlerowej w&nbsp;Kielcach. Nasz\u0105 szkoln\u0105 \u015bwietlic\u0119 reprezentowa\u0142a <strong>Aleksandra Podkowa z&nbsp;klasy&nbsp;1c.<\/strong> Uczennica zdoby\u0142a <strong>III&nbsp;miejsce.<\/strong> Serdecznie gratulujemy i \u017cyczymy dalszych sukces\u00f3w!<\/p>\n\n\n\n<p class=\"has-text-align-right\">Agnieszka Rycombel<\/p>\n\n\n\n<figure class=\"wp-block-gallery has-nested-images columns-default is-cropped wp-block-gallery-1 is-layout-flex wp-block-gallery-is-layout-flex\">\n<figure class=\"wp-block-image size-large\"><a href=\"http:\/\/sp1.kielce.eu\/wp-content\/uploads\/2024\/06\/20240607_1101051-Copy.jpg\"><img loading=\"lazy\" decoding=\"async\" width=\"675\" height=\"900\" data-id=\"35553\" src=\"http:\/\/sp1.kielce.eu\/wp-content\/uploads\/2024\/06\/20240607_1101051-Copy.jpg\" alt=\"\" class=\"wp-image-35553\" srcset=\"https:\/\/sp1.kielce.eu\/wp-content\/uploads\/2024\/06\/20240607_1101051-Copy.jpg 675w, https:\/\/sp1.kielce.eu\/wp-content\/uploads\/2024\/06\/20240607_1101051-Copy-225x300.jpg 225w\" sizes=\"auto, (max-width: 675px) 100vw, 675px\" \/><\/a><\/figure>\n\n\n\n<figure class=\"wp-block-image size-large\"><a href=\"http:\/\/sp1.kielce.eu\/wp-content\/uploads\/2024\/06\/445387092_952030796927149_3212188093349217419_n-Copy.jpg\"><img loading=\"lazy\" decoding=\"async\" width=\"1200\" height=\"900\" data-id=\"35554\" src=\"http:\/\/sp1.kielce.eu\/wp-content\/uploads\/2024\/06\/445387092_952030796927149_3212188093349217419_n-Copy.jpg\" alt=\"\" class=\"wp-image-35554\" srcset=\"https:\/\/sp1.kielce.eu\/wp-content\/uploads\/2024\/06\/445387092_952030796927149_3212188093349217419_n-Copy.jpg 1200w, https:\/\/sp1.kielce.eu\/wp-content\/uploads\/2024\/06\/445387092_952030796927149_3212188093349217419_n-Copy-300x225.jpg 300w, https:\/\/sp1.kielce.eu\/wp-content\/uploads\/2024\/06\/445387092_952030796927149_3212188093349217419_n-Copy-768x576.jpg 768w, https:\/\/sp1.kielce.eu\/wp-content\/uploads\/2024\/06\/445387092_952030796927149_3212188093349217419_n-Copy-820x615.jpg 820w\" sizes=\"auto, (max-width: 1200px) 100vw, 1200px\" \/><\/a><\/figure>\n<\/figure>\n","protected":false},"excerpt":{"rendered":"<p>W maju odby\u0142a si\u0119 XXIV edycja mi\u0119dzy\u015bwietlicowego konkursu plastyczno-technicznego pt.&nbsp; ,,Kwiaty dla Mamy\u201d, kt\u00f3rego organizatorem [&hellip;]<\/p>\n","protected":false},"author":13,"featured_media":35555,"comment_status":"closed","ping_status":"","sticky":false,"template":"","format":"standard","meta":{"footnotes":""},"categories":[25],"tags":[],"class_list":["post-35552","post","type-post","status-publish","format-standard","has-post-thumbnail","hentry","category-swietlica"],"_links":{"self":[{"href":"https:\/\/sp1.kielce.eu\/index.php\/wp-json\/wp\/v2\/posts\/35552","targetHints":{"allow":["GET"]}}],"collection":[{"href":"https:\/\/sp1.kielce.eu\/index.php\/wp-json\/wp\/v2\/posts"}],"about":[{"href":"https:\/\/sp1.kielce.eu\/index.php\/wp-json\/wp\/v2\/types\/post"}],"author":[{"embeddable":true,"href":"https:\/\/sp1.kielce.eu\/index.php\/wp-json\/wp\/v2\/users\/13"}],"replies":[{"embeddable":true,"href":"https:\/\/sp1.kielce.eu\/index.php\/wp-json\/wp\/v2\/comments?post=35552"}],"version-history":[{"count":1,"href":"https:\/\/sp1.kielce.eu\/index.php\/wp-json\/wp\/v2\/posts\/35552\/revisions"}],"predecessor-version":[{"id":35556,"href":"https:\/\/sp1.kielce.eu\/index.php\/wp-json\/wp\/v2\/posts\/35552\/revisions\/35556"}],"wp:featuredmedia":[{"embeddable":true,"href":"https:\/\/sp1.kielce.eu\/index.php\/wp-json\/wp\/v2\/media\/35555"}],"wp:attachment":[{"href":"https:\/\/sp1.kielce.eu\/index.php\/wp-json\/wp\/v2\/media?parent=35552"}],"wp:term":[{"taxonomy":"category","embeddable":true,"href":"https:\/\/sp1.kielce.eu\/index.php\/wp-json\/wp\/v2\/categories?post=35552"},{"taxonomy":"post_tag","embeddable":true,"href":"https:\/\/sp1.kielce.eu\/index.php\/wp-json\/wp\/v2\/tags?post=35552"}],"curies":[{"name":"wp","href":"https:\/\/api.w.org\/{rel}","templated":true}]}}