{"id":35174,"date":"2024-06-03T20:55:17","date_gmt":"2024-06-03T18:55:17","guid":{"rendered":"http:\/\/sp1.kielce.eu\/?p=35174"},"modified":"2024-06-05T20:58:21","modified_gmt":"2024-06-05T18:58:21","slug":"aktywny-dzien-dziecka-z-laboratoriami-przyszlosci","status":"publish","type":"post","link":"https:\/\/sp1.kielce.eu\/index.php\/2024\/06\/03\/aktywny-dzien-dziecka-z-laboratoriami-przyszlosci\/","title":{"rendered":"Aktywny Dzie\u0144 Dziecka z Laboratoriami Przysz\u0142o\u015bci"},"content":{"rendered":"\n<p>Z okazji Dnia Dziecka uczniowie klasy 2a wykonywali w\u0142asnor\u0119czne breloki&nbsp; bazuj\u0105c na wybranym szablonie ale wed\u0142ug w\u0142asnego projektu. Breloki wykonywane by\u0142y za pomoc\u0105 sprz\u0119tu zakupionego w ramach programu Laboratoria Przysz\u0142o\u015bci, <a><\/a>a mianowicie d\u0142ugopisu Pen 3D.<\/p>\n\n\n\n<p>Zaj\u0119cia odby\u0142y si\u0119 dzi\u0119ki wsp\u00f3\u0142pracy z kierownikiem \u015bwietlicy SP1 Pani\u0105 Agnieszk\u0105 Rycombel za co bardzo serdecznie dzi\u0119kuj\u0119.<\/p>\n\n\n\n<p>Uwie\u0144czeniem dnia by\u0142y aktywne gry i zabawy na nowo wyremontowanym dziedzi\u0144cu szkolnym.<\/p>\n\n\n\n<p>Laboratoria Przysz\u0142o\u015bci to inicjatywa edukacyjna realizowana przez Ministerstwo Edukacji i Nauki we wsp\u00f3\u0142pracy z Centrum GovTech w Kancelarii Prezesa Rady Ministr\u00f3w.<\/p>\n\n\n\n<p class=\"has-text-align-right\">Wychowawca<br>\u00a0Iwona Delipacy<\/p>\n\n\n\n<figure class=\"wp-block-gallery has-nested-images columns-default is-cropped wp-block-gallery-1 is-layout-flex wp-block-gallery-is-layout-flex\">\n<figure class=\"wp-block-image size-large\"><img loading=\"lazy\" decoding=\"async\" width=\"900\" height=\"900\" data-id=\"35175\" src=\"http:\/\/sp1.kielce.eu\/wp-content\/uploads\/2024\/06\/IMG_20240603_235044-900x900.jpg\" alt=\"\" class=\"wp-image-35175\" srcset=\"https:\/\/sp1.kielce.eu\/wp-content\/uploads\/2024\/06\/IMG_20240603_235044-900x900.jpg 900w, https:\/\/sp1.kielce.eu\/wp-content\/uploads\/2024\/06\/IMG_20240603_235044-300x300.jpg 300w, https:\/\/sp1.kielce.eu\/wp-content\/uploads\/2024\/06\/IMG_20240603_235044-150x150.jpg 150w, https:\/\/sp1.kielce.eu\/wp-content\/uploads\/2024\/06\/IMG_20240603_235044-768x768.jpg 768w, https:\/\/sp1.kielce.eu\/wp-content\/uploads\/2024\/06\/IMG_20240603_235044-1536x1536.jpg 1536w, https:\/\/sp1.kielce.eu\/wp-content\/uploads\/2024\/06\/IMG_20240603_235044-2048x2048.jpg 2048w, https:\/\/sp1.kielce.eu\/wp-content\/uploads\/2024\/06\/IMG_20240603_235044-820x820.jpg 820w\" sizes=\"auto, (max-width: 900px) 100vw, 900px\" \/><\/figure>\n<\/figure>\n","protected":false},"excerpt":{"rendered":"<p>Z okazji Dnia Dziecka uczniowie klasy 2a wykonywali w\u0142asnor\u0119czne breloki&nbsp; bazuj\u0105c na wybranym szablonie ale [&hellip;]<\/p>\n","protected":false},"author":13,"featured_media":35176,"comment_status":"closed","ping_status":"","sticky":false,"template":"","format":"standard","meta":{"footnotes":""},"categories":[36],"tags":[],"class_list":["post-35174","post","type-post","status-publish","format-standard","has-post-thumbnail","hentry","category-wydarzenia"],"_links":{"self":[{"href":"https:\/\/sp1.kielce.eu\/index.php\/wp-json\/wp\/v2\/posts\/35174","targetHints":{"allow":["GET"]}}],"collection":[{"href":"https:\/\/sp1.kielce.eu\/index.php\/wp-json\/wp\/v2\/posts"}],"about":[{"href":"https:\/\/sp1.kielce.eu\/index.php\/wp-json\/wp\/v2\/types\/post"}],"author":[{"embeddable":true,"href":"https:\/\/sp1.kielce.eu\/index.php\/wp-json\/wp\/v2\/users\/13"}],"replies":[{"embeddable":true,"href":"https:\/\/sp1.kielce.eu\/index.php\/wp-json\/wp\/v2\/comments?post=35174"}],"version-history":[{"count":1,"href":"https:\/\/sp1.kielce.eu\/index.php\/wp-json\/wp\/v2\/posts\/35174\/revisions"}],"predecessor-version":[{"id":35177,"href":"https:\/\/sp1.kielce.eu\/index.php\/wp-json\/wp\/v2\/posts\/35174\/revisions\/35177"}],"wp:featuredmedia":[{"embeddable":true,"href":"https:\/\/sp1.kielce.eu\/index.php\/wp-json\/wp\/v2\/media\/35176"}],"wp:attachment":[{"href":"https:\/\/sp1.kielce.eu\/index.php\/wp-json\/wp\/v2\/media?parent=35174"}],"wp:term":[{"taxonomy":"category","embeddable":true,"href":"https:\/\/sp1.kielce.eu\/index.php\/wp-json\/wp\/v2\/categories?post=35174"},{"taxonomy":"post_tag","embeddable":true,"href":"https:\/\/sp1.kielce.eu\/index.php\/wp-json\/wp\/v2\/tags?post=35174"}],"curies":[{"name":"wp","href":"https:\/\/api.w.org\/{rel}","templated":true}]}}