{"id":34937,"date":"2024-05-28T12:20:07","date_gmt":"2024-05-28T10:20:07","guid":{"rendered":"http:\/\/sp1.kielce.eu\/?p=34937"},"modified":"2024-06-28T23:04:42","modified_gmt":"2024-06-28T21:04:42","slug":"sukces-w-vii-miedzyszkolnym-konkursie-zaczelo-sie-na-westerplatte","status":"publish","type":"post","link":"https:\/\/sp1.kielce.eu\/index.php\/2024\/05\/28\/sukces-w-vii-miedzyszkolnym-konkursie-zaczelo-sie-na-westerplatte\/","title":{"rendered":"Sukces w VII Mi\u0119dzyszkolnym Konkursie \u201eZacz\u0119\u0142o si\u0119 na Westerplatte\u2026\u201d"},"content":{"rendered":"\n<p>Niezmiernie mi\u0142o nam poinformowa\u0107, \u017ce ucze\u0144 z klasy 7 b Franciszek Banasik zdoby\u0142 II miejsce w VII Mi\u0119dzyszkolnym Konkursie \u201eZacz\u0119\u0142o si\u0119 na Westerplatte\u2026\u201d, organizowanym przez Szko\u0142\u0119 Podstawow\u0105 nr 12 im. Bohater\u00f3w Westerplatte w Kielcach. Uroczyste rozdanie nagr\u00f3d odby\u0142o si\u0119 23 maja 2024r. w Muzeum Historii Kielc.<\/p>\n\n\n\n<p>Franciszkowi serdecznie gratulujemy i \u017cyczymy dalszych sukces\u00f3w!<\/p>\n\n\n\n<p>Katarzyna Szostak<\/p>\n\n\n\n<p>nauczyciel historii<\/p>\n\n\n\n<p><\/p>\n\n\n\n<figure class=\"wp-block-gallery has-nested-images columns-default is-cropped wp-block-gallery-1 is-layout-flex wp-block-gallery-is-layout-flex\">\n<figure class=\"wp-block-image size-large\"><a href=\"http:\/\/sp1.kielce.eu\/wp-content\/uploads\/2024\/05\/20240526_125723.jpg\"><img loading=\"lazy\" decoding=\"async\" width=\"644\" height=\"900\" data-id=\"34939\" src=\"http:\/\/sp1.kielce.eu\/wp-content\/uploads\/2024\/05\/20240526_125723-644x900.jpg\" alt=\"\" class=\"wp-image-34939\" srcset=\"https:\/\/sp1.kielce.eu\/wp-content\/uploads\/2024\/05\/20240526_125723-644x900.jpg 644w, https:\/\/sp1.kielce.eu\/wp-content\/uploads\/2024\/05\/20240526_125723-215x300.jpg 215w, https:\/\/sp1.kielce.eu\/wp-content\/uploads\/2024\/05\/20240526_125723-768x1073.jpg 768w, https:\/\/sp1.kielce.eu\/wp-content\/uploads\/2024\/05\/20240526_125723-1099x1536.jpg 1099w, https:\/\/sp1.kielce.eu\/wp-content\/uploads\/2024\/05\/20240526_125723-820x1146.jpg 820w, https:\/\/sp1.kielce.eu\/wp-content\/uploads\/2024\/05\/20240526_125723.jpg 1280w\" sizes=\"auto, (max-width: 644px) 100vw, 644px\" \/><\/a><\/figure>\n\n\n\n<figure class=\"wp-block-image size-large\"><a href=\"http:\/\/sp1.kielce.eu\/wp-content\/uploads\/2024\/05\/20240523_102621-scaled.jpg\"><img loading=\"lazy\" decoding=\"async\" width=\"438\" height=\"900\" data-id=\"34942\" src=\"http:\/\/sp1.kielce.eu\/wp-content\/uploads\/2024\/05\/20240523_102621-438x900.jpg\" alt=\"\" class=\"wp-image-34942\" srcset=\"https:\/\/sp1.kielce.eu\/wp-content\/uploads\/2024\/05\/20240523_102621-438x900.jpg 438w, https:\/\/sp1.kielce.eu\/wp-content\/uploads\/2024\/05\/20240523_102621-146x300.jpg 146w, https:\/\/sp1.kielce.eu\/wp-content\/uploads\/2024\/05\/20240523_102621-768x1580.jpg 768w, https:\/\/sp1.kielce.eu\/wp-content\/uploads\/2024\/05\/20240523_102621-747x1536.jpg 747w, https:\/\/sp1.kielce.eu\/wp-content\/uploads\/2024\/05\/20240523_102621-996x2048.jpg 996w, https:\/\/sp1.kielce.eu\/wp-content\/uploads\/2024\/05\/20240523_102621-820x1687.jpg 820w, https:\/\/sp1.kielce.eu\/wp-content\/uploads\/2024\/05\/20240523_102621-scaled.jpg 1245w\" sizes=\"auto, (max-width: 438px) 100vw, 438px\" \/><\/a><\/figure>\n\n\n\n<figure class=\"wp-block-image size-large\"><a href=\"http:\/\/sp1.kielce.eu\/wp-content\/uploads\/2024\/05\/20240523_102618-scaled.jpg\"><img loading=\"lazy\" decoding=\"async\" width=\"438\" height=\"900\" data-id=\"34940\" src=\"http:\/\/sp1.kielce.eu\/wp-content\/uploads\/2024\/05\/20240523_102618-438x900.jpg\" alt=\"\" class=\"wp-image-34940\" srcset=\"https:\/\/sp1.kielce.eu\/wp-content\/uploads\/2024\/05\/20240523_102618-438x900.jpg 438w, https:\/\/sp1.kielce.eu\/wp-content\/uploads\/2024\/05\/20240523_102618-146x300.jpg 146w, https:\/\/sp1.kielce.eu\/wp-content\/uploads\/2024\/05\/20240523_102618-768x1580.jpg 768w, https:\/\/sp1.kielce.eu\/wp-content\/uploads\/2024\/05\/20240523_102618-747x1536.jpg 747w, https:\/\/sp1.kielce.eu\/wp-content\/uploads\/2024\/05\/20240523_102618-996x2048.jpg 996w, https:\/\/sp1.kielce.eu\/wp-content\/uploads\/2024\/05\/20240523_102618-820x1687.jpg 820w, https:\/\/sp1.kielce.eu\/wp-content\/uploads\/2024\/05\/20240523_102618-scaled.jpg 1245w\" sizes=\"auto, (max-width: 438px) 100vw, 438px\" \/><\/a><\/figure>\n\n\n\n<figure class=\"wp-block-image size-large\"><a href=\"http:\/\/sp1.kielce.eu\/wp-content\/uploads\/2024\/05\/20240523_101525-scaled.jpg\"><img loading=\"lazy\" decoding=\"async\" width=\"438\" height=\"900\" data-id=\"34941\" src=\"http:\/\/sp1.kielce.eu\/wp-content\/uploads\/2024\/05\/20240523_101525-438x900.jpg\" alt=\"\" class=\"wp-image-34941\" srcset=\"https:\/\/sp1.kielce.eu\/wp-content\/uploads\/2024\/05\/20240523_101525-438x900.jpg 438w, https:\/\/sp1.kielce.eu\/wp-content\/uploads\/2024\/05\/20240523_101525-146x300.jpg 146w, https:\/\/sp1.kielce.eu\/wp-content\/uploads\/2024\/05\/20240523_101525-768x1580.jpg 768w, https:\/\/sp1.kielce.eu\/wp-content\/uploads\/2024\/05\/20240523_101525-747x1536.jpg 747w, https:\/\/sp1.kielce.eu\/wp-content\/uploads\/2024\/05\/20240523_101525-996x2048.jpg 996w, https:\/\/sp1.kielce.eu\/wp-content\/uploads\/2024\/05\/20240523_101525-820x1687.jpg 820w, https:\/\/sp1.kielce.eu\/wp-content\/uploads\/2024\/05\/20240523_101525-scaled.jpg 1245w\" sizes=\"auto, (max-width: 438px) 100vw, 438px\" \/><\/a><\/figure>\n\n\n\n<figure class=\"wp-block-image size-large\"><a href=\"http:\/\/sp1.kielce.eu\/wp-content\/uploads\/2024\/05\/20240523_102550.jpg\"><img loading=\"lazy\" decoding=\"async\" width=\"1280\" height=\"622\" data-id=\"34938\" src=\"http:\/\/sp1.kielce.eu\/wp-content\/uploads\/2024\/05\/20240523_102550.jpg\" alt=\"\" class=\"wp-image-34938\" srcset=\"https:\/\/sp1.kielce.eu\/wp-content\/uploads\/2024\/05\/20240523_102550.jpg 1280w, https:\/\/sp1.kielce.eu\/wp-content\/uploads\/2024\/05\/20240523_102550-300x146.jpg 300w, https:\/\/sp1.kielce.eu\/wp-content\/uploads\/2024\/05\/20240523_102550-768x373.jpg 768w, https:\/\/sp1.kielce.eu\/wp-content\/uploads\/2024\/05\/20240523_102550-820x398.jpg 820w\" sizes=\"auto, (max-width: 1280px) 100vw, 1280px\" \/><\/a><\/figure>\n<\/figure>\n","protected":false},"excerpt":{"rendered":"<p>Niezmiernie mi\u0142o nam poinformowa\u0107, \u017ce ucze\u0144 z klasy 7 b Franciszek Banasik zdoby\u0142 II miejsce [&hellip;]<\/p>\n","protected":false},"author":5,"featured_media":34940,"comment_status":"closed","ping_status":"","sticky":false,"template":"","format":"standard","meta":{"footnotes":""},"categories":[36,10,21],"tags":[],"class_list":["post-34937","post","type-post","status-publish","format-standard","has-post-thumbnail","hentry","category-wydarzenia","category-konkursy-przedmiotowe","category-konkursy"],"_links":{"self":[{"href":"https:\/\/sp1.kielce.eu\/index.php\/wp-json\/wp\/v2\/posts\/34937","targetHints":{"allow":["GET"]}}],"collection":[{"href":"https:\/\/sp1.kielce.eu\/index.php\/wp-json\/wp\/v2\/posts"}],"about":[{"href":"https:\/\/sp1.kielce.eu\/index.php\/wp-json\/wp\/v2\/types\/post"}],"author":[{"embeddable":true,"href":"https:\/\/sp1.kielce.eu\/index.php\/wp-json\/wp\/v2\/users\/5"}],"replies":[{"embeddable":true,"href":"https:\/\/sp1.kielce.eu\/index.php\/wp-json\/wp\/v2\/comments?post=34937"}],"version-history":[{"count":1,"href":"https:\/\/sp1.kielce.eu\/index.php\/wp-json\/wp\/v2\/posts\/34937\/revisions"}],"predecessor-version":[{"id":34943,"href":"https:\/\/sp1.kielce.eu\/index.php\/wp-json\/wp\/v2\/posts\/34937\/revisions\/34943"}],"wp:featuredmedia":[{"embeddable":true,"href":"https:\/\/sp1.kielce.eu\/index.php\/wp-json\/wp\/v2\/media\/34940"}],"wp:attachment":[{"href":"https:\/\/sp1.kielce.eu\/index.php\/wp-json\/wp\/v2\/media?parent=34937"}],"wp:term":[{"taxonomy":"category","embeddable":true,"href":"https:\/\/sp1.kielce.eu\/index.php\/wp-json\/wp\/v2\/categories?post=34937"},{"taxonomy":"post_tag","embeddable":true,"href":"https:\/\/sp1.kielce.eu\/index.php\/wp-json\/wp\/v2\/tags?post=34937"}],"curies":[{"name":"wp","href":"https:\/\/api.w.org\/{rel}","templated":true}]}}