{"id":34792,"date":"2024-05-23T08:43:49","date_gmt":"2024-05-23T06:43:49","guid":{"rendered":"http:\/\/sp1.kielce.eu\/?p=34792"},"modified":"2024-05-23T08:43:49","modified_gmt":"2024-05-23T06:43:49","slug":"uczen-naszej-szkoly-jako-statysta-w-filmach","status":"publish","type":"post","link":"https:\/\/sp1.kielce.eu\/index.php\/2024\/05\/23\/uczen-naszej-szkoly-jako-statysta-w-filmach\/","title":{"rendered":"Ucze\u0144 naszej szko\u0142y jako statysta w filmach"},"content":{"rendered":"\n<p>Ucze\u0144 naszej szko\u0142y Gracjan Trzebi\u0144ski z klasy 5b bra\u0142 udzia\u0142 w zdj\u0119ciach do filmu<br>&#8222;Sami swoi. Pocz\u0105tek &#8221; jako statysta.&nbsp;<\/p>\n\n\n\n<p>Na planie Gracjan sp\u0119dzi\u0142 wiele godzin cz\u0119sto od godzin rannych do popo\u0142udniowych wcielaj\u0105c si\u0119 w posta\u0107 dziecka \u017cydowskiego oraz dziecka ch\u0142opskiego mieszkaj\u0105cego&nbsp;<br>w Kru\u017cewnikach.<br>Gracjan statystowa\u0142 r\u00f3wnie\u017c w filmach &#8222;\u0141una&#8221; i &#8222;Pani od Polskiego&#8221;.<br>Ostatnio bra\u0142 udzia\u0142 w zdj\u0119ciach do serialu &#8222;Minuta ciszy&#8221;, kt\u00f3re odbywa\u0142y si\u0119 w Bodzentynie.<\/p>\n\n\n\n<p>Urszula Sodel<\/p>\n\n\n\n<figure class=\"wp-block-gallery has-nested-images columns-default is-cropped wp-block-gallery-1 is-layout-flex wp-block-gallery-is-layout-flex\">\n<figure class=\"wp-block-image size-large\"><a href=\"http:\/\/sp1.kielce.eu\/wp-content\/uploads\/2024\/05\/IMG_20230606_162703152_HDR.jpg\"><img loading=\"lazy\" decoding=\"async\" width=\"1200\" height=\"900\" data-id=\"34793\" src=\"http:\/\/sp1.kielce.eu\/wp-content\/uploads\/2024\/05\/IMG_20230606_162703152_HDR-1200x900.jpg\" alt=\"\" class=\"wp-image-34793\" srcset=\"https:\/\/sp1.kielce.eu\/wp-content\/uploads\/2024\/05\/IMG_20230606_162703152_HDR-1200x900.jpg 1200w, https:\/\/sp1.kielce.eu\/wp-content\/uploads\/2024\/05\/IMG_20230606_162703152_HDR-300x225.jpg 300w, https:\/\/sp1.kielce.eu\/wp-content\/uploads\/2024\/05\/IMG_20230606_162703152_HDR-768x576.jpg 768w, https:\/\/sp1.kielce.eu\/wp-content\/uploads\/2024\/05\/IMG_20230606_162703152_HDR-820x615.jpg 820w, https:\/\/sp1.kielce.eu\/wp-content\/uploads\/2024\/05\/IMG_20230606_162703152_HDR.jpg 1280w\" sizes=\"auto, (max-width: 1200px) 100vw, 1200px\" \/><\/a><\/figure>\n\n\n\n<figure class=\"wp-block-image size-large\"><a href=\"http:\/\/sp1.kielce.eu\/wp-content\/uploads\/2024\/05\/IMG_20230321_150126617_HDR.jpg\"><img loading=\"lazy\" decoding=\"async\" width=\"675\" height=\"900\" data-id=\"34795\" src=\"http:\/\/sp1.kielce.eu\/wp-content\/uploads\/2024\/05\/IMG_20230321_150126617_HDR-675x900.jpg\" alt=\"\" class=\"wp-image-34795\" srcset=\"https:\/\/sp1.kielce.eu\/wp-content\/uploads\/2024\/05\/IMG_20230321_150126617_HDR-675x900.jpg 675w, https:\/\/sp1.kielce.eu\/wp-content\/uploads\/2024\/05\/IMG_20230321_150126617_HDR-225x300.jpg 225w, https:\/\/sp1.kielce.eu\/wp-content\/uploads\/2024\/05\/IMG_20230321_150126617_HDR-768x1024.jpg 768w, https:\/\/sp1.kielce.eu\/wp-content\/uploads\/2024\/05\/IMG_20230321_150126617_HDR-1152x1536.jpg 1152w, https:\/\/sp1.kielce.eu\/wp-content\/uploads\/2024\/05\/IMG_20230321_150126617_HDR-820x1094.jpg 820w, https:\/\/sp1.kielce.eu\/wp-content\/uploads\/2024\/05\/IMG_20230321_150126617_HDR.jpg 1280w\" sizes=\"auto, (max-width: 675px) 100vw, 675px\" \/><\/a><\/figure>\n\n\n\n<figure class=\"wp-block-image size-large\"><a href=\"http:\/\/sp1.kielce.eu\/wp-content\/uploads\/2024\/05\/Gracjan-scaled.jpg\"><img loading=\"lazy\" decoding=\"async\" width=\"388\" height=\"900\" data-id=\"34796\" src=\"http:\/\/sp1.kielce.eu\/wp-content\/uploads\/2024\/05\/Gracjan-388x900.jpg\" alt=\"\" class=\"wp-image-34796\" srcset=\"https:\/\/sp1.kielce.eu\/wp-content\/uploads\/2024\/05\/Gracjan-388x900.jpg 388w, https:\/\/sp1.kielce.eu\/wp-content\/uploads\/2024\/05\/Gracjan-129x300.jpg 129w, https:\/\/sp1.kielce.eu\/wp-content\/uploads\/2024\/05\/Gracjan-768x1780.jpg 768w, https:\/\/sp1.kielce.eu\/wp-content\/uploads\/2024\/05\/Gracjan-663x1536.jpg 663w, https:\/\/sp1.kielce.eu\/wp-content\/uploads\/2024\/05\/Gracjan-884x2048.jpg 884w, https:\/\/sp1.kielce.eu\/wp-content\/uploads\/2024\/05\/Gracjan-820x1900.jpg 820w, https:\/\/sp1.kielce.eu\/wp-content\/uploads\/2024\/05\/Gracjan-scaled.jpg 1105w\" sizes=\"auto, (max-width: 388px) 100vw, 388px\" \/><\/a><\/figure>\n\n\n\n<figure class=\"wp-block-image size-large\"><img loading=\"lazy\" decoding=\"async\" width=\"442\" height=\"900\" data-id=\"34799\" src=\"http:\/\/sp1.kielce.eu\/wp-content\/uploads\/2024\/05\/IMG_20230522_111634985_HDR2-442x900.jpg\" alt=\"\" class=\"wp-image-34799\" srcset=\"https:\/\/sp1.kielce.eu\/wp-content\/uploads\/2024\/05\/IMG_20230522_111634985_HDR2-442x900.jpg 442w, https:\/\/sp1.kielce.eu\/wp-content\/uploads\/2024\/05\/IMG_20230522_111634985_HDR2-147x300.jpg 147w, https:\/\/sp1.kielce.eu\/wp-content\/uploads\/2024\/05\/IMG_20230522_111634985_HDR2-768x1565.jpg 768w, https:\/\/sp1.kielce.eu\/wp-content\/uploads\/2024\/05\/IMG_20230522_111634985_HDR2-754x1536.jpg 754w, https:\/\/sp1.kielce.eu\/wp-content\/uploads\/2024\/05\/IMG_20230522_111634985_HDR2-1005x2048.jpg 1005w, https:\/\/sp1.kielce.eu\/wp-content\/uploads\/2024\/05\/IMG_20230522_111634985_HDR2-820x1671.jpg 820w, https:\/\/sp1.kielce.eu\/wp-content\/uploads\/2024\/05\/IMG_20230522_111634985_HDR2-scaled.jpg 1256w\" sizes=\"auto, (max-width: 442px) 100vw, 442px\" \/><\/figure>\n\n\n\n<figure class=\"wp-block-image size-large\"><a href=\"http:\/\/sp1.kielce.eu\/wp-content\/uploads\/2024\/05\/IMG_20230524_101742960_HDR2.jpg\"><img loading=\"lazy\" decoding=\"async\" width=\"461\" height=\"900\" data-id=\"34794\" src=\"http:\/\/sp1.kielce.eu\/wp-content\/uploads\/2024\/05\/IMG_20230524_101742960_HDR2-461x900.jpg\" alt=\"\" class=\"wp-image-34794\" srcset=\"https:\/\/sp1.kielce.eu\/wp-content\/uploads\/2024\/05\/IMG_20230524_101742960_HDR2-461x900.jpg 461w, https:\/\/sp1.kielce.eu\/wp-content\/uploads\/2024\/05\/IMG_20230524_101742960_HDR2-154x300.jpg 154w, https:\/\/sp1.kielce.eu\/wp-content\/uploads\/2024\/05\/IMG_20230524_101742960_HDR2-768x1499.jpg 768w, https:\/\/sp1.kielce.eu\/wp-content\/uploads\/2024\/05\/IMG_20230524_101742960_HDR2-787x1536.jpg 787w, https:\/\/sp1.kielce.eu\/wp-content\/uploads\/2024\/05\/IMG_20230524_101742960_HDR2-1049x2048.jpg 1049w, https:\/\/sp1.kielce.eu\/wp-content\/uploads\/2024\/05\/IMG_20230524_101742960_HDR2-820x1601.jpg 820w, https:\/\/sp1.kielce.eu\/wp-content\/uploads\/2024\/05\/IMG_20230524_101742960_HDR2.jpg 1280w\" sizes=\"auto, (max-width: 461px) 100vw, 461px\" \/><\/a><\/figure>\n\n\n\n<figure class=\"wp-block-image size-large\"><a href=\"http:\/\/sp1.kielce.eu\/wp-content\/uploads\/2024\/05\/IMG_20230321_1748462202.jpg\"><img loading=\"lazy\" decoding=\"async\" width=\"568\" height=\"900\" data-id=\"34797\" src=\"http:\/\/sp1.kielce.eu\/wp-content\/uploads\/2024\/05\/IMG_20230321_1748462202-568x900.jpg\" alt=\"\" class=\"wp-image-34797\" srcset=\"https:\/\/sp1.kielce.eu\/wp-content\/uploads\/2024\/05\/IMG_20230321_1748462202-568x900.jpg 568w, https:\/\/sp1.kielce.eu\/wp-content\/uploads\/2024\/05\/IMG_20230321_1748462202-189x300.jpg 189w, https:\/\/sp1.kielce.eu\/wp-content\/uploads\/2024\/05\/IMG_20230321_1748462202-768x1217.jpg 768w, https:\/\/sp1.kielce.eu\/wp-content\/uploads\/2024\/05\/IMG_20230321_1748462202-969x1536.jpg 969w, https:\/\/sp1.kielce.eu\/wp-content\/uploads\/2024\/05\/IMG_20230321_1748462202-820x1299.jpg 820w, https:\/\/sp1.kielce.eu\/wp-content\/uploads\/2024\/05\/IMG_20230321_1748462202.jpg 1280w\" sizes=\"auto, (max-width: 568px) 100vw, 568px\" \/><\/a><\/figure>\n\n\n\n<figure class=\"wp-block-image size-large\"><a href=\"http:\/\/sp1.kielce.eu\/wp-content\/uploads\/2024\/05\/IMG_20230606_151750063_HDR2.jpg\"><img loading=\"lazy\" decoding=\"async\" width=\"468\" height=\"900\" data-id=\"34798\" src=\"http:\/\/sp1.kielce.eu\/wp-content\/uploads\/2024\/05\/IMG_20230606_151750063_HDR2-468x900.jpg\" alt=\"\" class=\"wp-image-34798\" srcset=\"https:\/\/sp1.kielce.eu\/wp-content\/uploads\/2024\/05\/IMG_20230606_151750063_HDR2-468x900.jpg 468w, https:\/\/sp1.kielce.eu\/wp-content\/uploads\/2024\/05\/IMG_20230606_151750063_HDR2-156x300.jpg 156w, https:\/\/sp1.kielce.eu\/wp-content\/uploads\/2024\/05\/IMG_20230606_151750063_HDR2-768x1478.jpg 768w, https:\/\/sp1.kielce.eu\/wp-content\/uploads\/2024\/05\/IMG_20230606_151750063_HDR2-798x1536.jpg 798w, https:\/\/sp1.kielce.eu\/wp-content\/uploads\/2024\/05\/IMG_20230606_151750063_HDR2-1064x2048.jpg 1064w, https:\/\/sp1.kielce.eu\/wp-content\/uploads\/2024\/05\/IMG_20230606_151750063_HDR2-820x1579.jpg 820w, https:\/\/sp1.kielce.eu\/wp-content\/uploads\/2024\/05\/IMG_20230606_151750063_HDR2.jpg 1280w\" sizes=\"auto, (max-width: 468px) 100vw, 468px\" \/><\/a><\/figure>\n\n\n\n<figure class=\"wp-block-image size-large\"><img loading=\"lazy\" decoding=\"async\" width=\"533\" height=\"900\" data-id=\"34800\" src=\"http:\/\/sp1.kielce.eu\/wp-content\/uploads\/2024\/05\/IMG_20230321_1745477612-533x900.jpg\" alt=\"\" class=\"wp-image-34800\" srcset=\"https:\/\/sp1.kielce.eu\/wp-content\/uploads\/2024\/05\/IMG_20230321_1745477612-533x900.jpg 533w, https:\/\/sp1.kielce.eu\/wp-content\/uploads\/2024\/05\/IMG_20230321_1745477612-178x300.jpg 178w, https:\/\/sp1.kielce.eu\/wp-content\/uploads\/2024\/05\/IMG_20230321_1745477612-768x1297.jpg 768w, https:\/\/sp1.kielce.eu\/wp-content\/uploads\/2024\/05\/IMG_20230321_1745477612-910x1536.jpg 910w, https:\/\/sp1.kielce.eu\/wp-content\/uploads\/2024\/05\/IMG_20230321_1745477612-1213x2048.jpg 1213w, https:\/\/sp1.kielce.eu\/wp-content\/uploads\/2024\/05\/IMG_20230321_1745477612-820x1384.jpg 820w, https:\/\/sp1.kielce.eu\/wp-content\/uploads\/2024\/05\/IMG_20230321_1745477612.jpg 1280w\" sizes=\"auto, (max-width: 533px) 100vw, 533px\" \/><\/figure>\n\n\n\n<figure class=\"wp-block-image size-large\"><img loading=\"lazy\" decoding=\"async\" width=\"545\" height=\"900\" data-id=\"34803\" src=\"http:\/\/sp1.kielce.eu\/wp-content\/uploads\/2024\/05\/IMG_20230321_1428159142-545x900.jpg\" alt=\"\" class=\"wp-image-34803\" srcset=\"https:\/\/sp1.kielce.eu\/wp-content\/uploads\/2024\/05\/IMG_20230321_1428159142-545x900.jpg 545w, https:\/\/sp1.kielce.eu\/wp-content\/uploads\/2024\/05\/IMG_20230321_1428159142-182x300.jpg 182w, https:\/\/sp1.kielce.eu\/wp-content\/uploads\/2024\/05\/IMG_20230321_1428159142-768x1268.jpg 768w, https:\/\/sp1.kielce.eu\/wp-content\/uploads\/2024\/05\/IMG_20230321_1428159142-930x1536.jpg 930w, https:\/\/sp1.kielce.eu\/wp-content\/uploads\/2024\/05\/IMG_20230321_1428159142-1241x2048.jpg 1241w, https:\/\/sp1.kielce.eu\/wp-content\/uploads\/2024\/05\/IMG_20230321_1428159142-820x1354.jpg 820w, https:\/\/sp1.kielce.eu\/wp-content\/uploads\/2024\/05\/IMG_20230321_1428159142.jpg 1280w\" sizes=\"auto, (max-width: 545px) 100vw, 545px\" \/><\/figure>\n\n\n\n<figure class=\"wp-block-image size-large\"><img loading=\"lazy\" decoding=\"async\" width=\"428\" height=\"900\" data-id=\"34802\" src=\"http:\/\/sp1.kielce.eu\/wp-content\/uploads\/2024\/05\/IMG_20230524_1220128272-428x900.jpg\" alt=\"\" class=\"wp-image-34802\" srcset=\"https:\/\/sp1.kielce.eu\/wp-content\/uploads\/2024\/05\/IMG_20230524_1220128272-428x900.jpg 428w, https:\/\/sp1.kielce.eu\/wp-content\/uploads\/2024\/05\/IMG_20230524_1220128272-143x300.jpg 143w, https:\/\/sp1.kielce.eu\/wp-content\/uploads\/2024\/05\/IMG_20230524_1220128272-768x1615.jpg 768w, https:\/\/sp1.kielce.eu\/wp-content\/uploads\/2024\/05\/IMG_20230524_1220128272-730x1536.jpg 730w, https:\/\/sp1.kielce.eu\/wp-content\/uploads\/2024\/05\/IMG_20230524_1220128272-974x2048.jpg 974w, https:\/\/sp1.kielce.eu\/wp-content\/uploads\/2024\/05\/IMG_20230524_1220128272-820x1725.jpg 820w, https:\/\/sp1.kielce.eu\/wp-content\/uploads\/2024\/05\/IMG_20230524_1220128272-scaled.jpg 1217w\" sizes=\"auto, (max-width: 428px) 100vw, 428px\" \/><\/figure>\n\n\n\n<figure class=\"wp-block-image size-large\"><img loading=\"lazy\" decoding=\"async\" width=\"675\" height=\"900\" data-id=\"34801\" src=\"http:\/\/sp1.kielce.eu\/wp-content\/uploads\/2024\/05\/IMG_20230912_171746300-675x900.jpg\" alt=\"\" class=\"wp-image-34801\" srcset=\"https:\/\/sp1.kielce.eu\/wp-content\/uploads\/2024\/05\/IMG_20230912_171746300-675x900.jpg 675w, https:\/\/sp1.kielce.eu\/wp-content\/uploads\/2024\/05\/IMG_20230912_171746300-225x300.jpg 225w, https:\/\/sp1.kielce.eu\/wp-content\/uploads\/2024\/05\/IMG_20230912_171746300-768x1024.jpg 768w, https:\/\/sp1.kielce.eu\/wp-content\/uploads\/2024\/05\/IMG_20230912_171746300-1152x1536.jpg 1152w, https:\/\/sp1.kielce.eu\/wp-content\/uploads\/2024\/05\/IMG_20230912_171746300-820x1094.jpg 820w, https:\/\/sp1.kielce.eu\/wp-content\/uploads\/2024\/05\/IMG_20230912_171746300.jpg 1280w\" sizes=\"auto, (max-width: 675px) 100vw, 675px\" \/><\/figure>\n<\/figure>\n","protected":false},"excerpt":{"rendered":"<p>Ucze\u0144 naszej szko\u0142y Gracjan Trzebi\u0144ski z klasy 5b bra\u0142 udzia\u0142 w zdj\u0119ciach do filmu&#8222;Sami swoi. [&hellip;]<\/p>\n","protected":false},"author":5,"featured_media":34795,"comment_status":"closed","ping_status":"","sticky":false,"template":"","format":"standard","meta":{"footnotes":""},"categories":[36],"tags":[],"class_list":["post-34792","post","type-post","status-publish","format-standard","has-post-thumbnail","hentry","category-wydarzenia"],"_links":{"self":[{"href":"https:\/\/sp1.kielce.eu\/index.php\/wp-json\/wp\/v2\/posts\/34792","targetHints":{"allow":["GET"]}}],"collection":[{"href":"https:\/\/sp1.kielce.eu\/index.php\/wp-json\/wp\/v2\/posts"}],"about":[{"href":"https:\/\/sp1.kielce.eu\/index.php\/wp-json\/wp\/v2\/types\/post"}],"author":[{"embeddable":true,"href":"https:\/\/sp1.kielce.eu\/index.php\/wp-json\/wp\/v2\/users\/5"}],"replies":[{"embeddable":true,"href":"https:\/\/sp1.kielce.eu\/index.php\/wp-json\/wp\/v2\/comments?post=34792"}],"version-history":[{"count":1,"href":"https:\/\/sp1.kielce.eu\/index.php\/wp-json\/wp\/v2\/posts\/34792\/revisions"}],"predecessor-version":[{"id":34804,"href":"https:\/\/sp1.kielce.eu\/index.php\/wp-json\/wp\/v2\/posts\/34792\/revisions\/34804"}],"wp:featuredmedia":[{"embeddable":true,"href":"https:\/\/sp1.kielce.eu\/index.php\/wp-json\/wp\/v2\/media\/34795"}],"wp:attachment":[{"href":"https:\/\/sp1.kielce.eu\/index.php\/wp-json\/wp\/v2\/media?parent=34792"}],"wp:term":[{"taxonomy":"category","embeddable":true,"href":"https:\/\/sp1.kielce.eu\/index.php\/wp-json\/wp\/v2\/categories?post=34792"},{"taxonomy":"post_tag","embeddable":true,"href":"https:\/\/sp1.kielce.eu\/index.php\/wp-json\/wp\/v2\/tags?post=34792"}],"curies":[{"name":"wp","href":"https:\/\/api.w.org\/{rel}","templated":true}]}}