{"id":34771,"date":"2024-05-23T08:34:42","date_gmt":"2024-05-23T06:34:42","guid":{"rendered":"http:\/\/sp1.kielce.eu\/?p=34771"},"modified":"2024-05-23T08:34:42","modified_gmt":"2024-05-23T06:34:42","slug":"wolontariat-przygotowanie-filcowych-zonkili-jako-cegielek-podziekowan","status":"publish","type":"post","link":"https:\/\/sp1.kielce.eu\/index.php\/2024\/05\/23\/wolontariat-przygotowanie-filcowych-zonkili-jako-cegielek-podziekowan\/","title":{"rendered":"Wolontariat \u2013 przygotowanie filcowych \u017conkili jako cegie\u0142ek-podzi\u0119kowa\u0144\u00a0"},"content":{"rendered":"\n<p><strong>za pomoc dla Hospicjum Kieleckiego<\/strong><\/p>\n\n\n\n<p><strong>W dw\u00f3ch grupach Wolontariuszy<\/strong> w ramach przygotowa\u0144 do kwesty dla Hospicjum im. \u015bw. Matki Teresy z Kalkuty w Kielcach, uda\u0142o nam si\u0119 zrobi\u0107 <strong>ponad sto filcowych \u017conkili<\/strong>, wykonuj\u0105c je w\u0142asno-r\u0119cznie od pocz\u0105tku do ko\u0144ca, korzystaj\u0105c z otrzymanym i zakupionych materia\u0142\u00f3w do ich wykonania (r\u00f3\u017cne kolory materia\u0142\u00f3w filcowych, \u201epistolety\u201d do klejenia na gor\u0105co itp.). Praca nad wykonaniem filcowych \u017conkili da\u0142a wolontariuszom bardzo wiele rado\u015bci, zintegrowa\u0142a bardzo grup\u0119, pozwoli\u0142a odkry\u0107 na now\u0105 warto\u015b\u0107 wsp\u00f3\u0142pracy mi\u0119dzy sob\u0105.&nbsp;<\/p>\n\n\n\n<p><strong>Kwesta z wr\u0119czaniem przygotowanych filcowych \u017conkili i innych informacyjnych ulotek<\/strong> jako zach\u0119ty do dalszego wspierania Hospicjum, b\u0119dzie mia\u0142a <strong>miejsce w par. \u015bw. J\u00f3zefa Robotnika w Kielcach, w niedziel\u0119 26 maja 2024r.<\/strong> Kazania z w\u0105tkiem hospicyjnym wyg\u0142osi tej niedzieli ks. Stanis\u0142aw S\u0142owik, Dyrektor Caritas Kieleckiego.<\/p>\n\n\n\n<p><strong>Dzi\u0119kujemy Wolontariuszom<\/strong> za przygotowanie <strong>filcowych symbolicznych \u017conkili<\/strong>.<\/p>\n\n\n\n<p><strong>Dzi\u0119kujemy Wszystkim Darczy\u0144com za wszelk\u0105 pomoc duchow\u0105 i materialn\u0105 na rzecz Hospicjum Kieleckiego<\/strong> i prosimy o dalsze, niezb\u0119dne wsparcie, ju\u017c w najbli\u017csz\u0105 niedziel\u0119. Z g\u00f3ry dzi\u0119kujemy w imieniu podopiecznych Hospicjum.<\/p>\n\n\n\n<p>Szkolne Ko\u0142o Wolontariatu \u201eJedynka\u201d,<\/p>\n\n\n\n<p>ks. Konrad Walerczak<\/p>\n\n\n\n<figure class=\"wp-block-gallery has-nested-images columns-default is-cropped wp-block-gallery-1 is-layout-flex wp-block-gallery-is-layout-flex\">\n<figure class=\"wp-block-image size-large\"><img loading=\"lazy\" decoding=\"async\" width=\"1200\" height=\"900\" data-id=\"34775\" src=\"http:\/\/sp1.kielce.eu\/wp-content\/uploads\/2024\/05\/Filcowe-zonkile-7-1200x900.jpg\" alt=\"\" class=\"wp-image-34775\" srcset=\"https:\/\/sp1.kielce.eu\/wp-content\/uploads\/2024\/05\/Filcowe-zonkile-7-1200x900.jpg 1200w, https:\/\/sp1.kielce.eu\/wp-content\/uploads\/2024\/05\/Filcowe-zonkile-7-300x225.jpg 300w, https:\/\/sp1.kielce.eu\/wp-content\/uploads\/2024\/05\/Filcowe-zonkile-7-768x576.jpg 768w, https:\/\/sp1.kielce.eu\/wp-content\/uploads\/2024\/05\/Filcowe-zonkile-7-1536x1152.jpg 1536w, https:\/\/sp1.kielce.eu\/wp-content\/uploads\/2024\/05\/Filcowe-zonkile-7-820x615.jpg 820w, https:\/\/sp1.kielce.eu\/wp-content\/uploads\/2024\/05\/Filcowe-zonkile-7.jpg 2048w\" sizes=\"auto, (max-width: 1200px) 100vw, 1200px\" \/><\/figure>\n\n\n\n<figure class=\"wp-block-image size-large\"><img loading=\"lazy\" decoding=\"async\" width=\"1332\" height=\"900\" data-id=\"34772\" src=\"http:\/\/sp1.kielce.eu\/wp-content\/uploads\/2024\/05\/Filcowe-zonkile-6-1332x900.jpg\" alt=\"\" class=\"wp-image-34772\" srcset=\"https:\/\/sp1.kielce.eu\/wp-content\/uploads\/2024\/05\/Filcowe-zonkile-6-1332x900.jpg 1332w, https:\/\/sp1.kielce.eu\/wp-content\/uploads\/2024\/05\/Filcowe-zonkile-6-300x203.jpg 300w, https:\/\/sp1.kielce.eu\/wp-content\/uploads\/2024\/05\/Filcowe-zonkile-6-768x519.jpg 768w, https:\/\/sp1.kielce.eu\/wp-content\/uploads\/2024\/05\/Filcowe-zonkile-6-1536x1038.jpg 1536w, https:\/\/sp1.kielce.eu\/wp-content\/uploads\/2024\/05\/Filcowe-zonkile-6-820x554.jpg 820w, https:\/\/sp1.kielce.eu\/wp-content\/uploads\/2024\/05\/Filcowe-zonkile-6.jpg 2048w\" sizes=\"auto, (max-width: 1332px) 100vw, 1332px\" \/><\/figure>\n\n\n\n<figure class=\"wp-block-image size-large\"><img loading=\"lazy\" decoding=\"async\" width=\"1200\" height=\"900\" data-id=\"34776\" src=\"http:\/\/sp1.kielce.eu\/wp-content\/uploads\/2024\/05\/Filcowe-zonkile-4-1200x900.jpg\" alt=\"\" class=\"wp-image-34776\" srcset=\"https:\/\/sp1.kielce.eu\/wp-content\/uploads\/2024\/05\/Filcowe-zonkile-4-1200x900.jpg 1200w, https:\/\/sp1.kielce.eu\/wp-content\/uploads\/2024\/05\/Filcowe-zonkile-4-300x225.jpg 300w, https:\/\/sp1.kielce.eu\/wp-content\/uploads\/2024\/05\/Filcowe-zonkile-4-768x576.jpg 768w, https:\/\/sp1.kielce.eu\/wp-content\/uploads\/2024\/05\/Filcowe-zonkile-4-1536x1152.jpg 1536w, https:\/\/sp1.kielce.eu\/wp-content\/uploads\/2024\/05\/Filcowe-zonkile-4-820x615.jpg 820w, https:\/\/sp1.kielce.eu\/wp-content\/uploads\/2024\/05\/Filcowe-zonkile-4.jpg 2048w\" sizes=\"auto, (max-width: 1200px) 100vw, 1200px\" \/><\/figure>\n\n\n\n<figure class=\"wp-block-image size-large\"><img loading=\"lazy\" decoding=\"async\" width=\"675\" height=\"900\" data-id=\"34773\" src=\"http:\/\/sp1.kielce.eu\/wp-content\/uploads\/2024\/05\/Filcowe-zonkile-3-675x900.jpg\" alt=\"\" class=\"wp-image-34773\" srcset=\"https:\/\/sp1.kielce.eu\/wp-content\/uploads\/2024\/05\/Filcowe-zonkile-3-675x900.jpg 675w, https:\/\/sp1.kielce.eu\/wp-content\/uploads\/2024\/05\/Filcowe-zonkile-3-225x300.jpg 225w, https:\/\/sp1.kielce.eu\/wp-content\/uploads\/2024\/05\/Filcowe-zonkile-3-768x1024.jpg 768w, https:\/\/sp1.kielce.eu\/wp-content\/uploads\/2024\/05\/Filcowe-zonkile-3-1152x1536.jpg 1152w, https:\/\/sp1.kielce.eu\/wp-content\/uploads\/2024\/05\/Filcowe-zonkile-3-820x1093.jpg 820w, https:\/\/sp1.kielce.eu\/wp-content\/uploads\/2024\/05\/Filcowe-zonkile-3.jpg 1536w\" sizes=\"auto, (max-width: 675px) 100vw, 675px\" \/><\/figure>\n\n\n\n<figure class=\"wp-block-image size-large\"><img loading=\"lazy\" decoding=\"async\" width=\"1200\" height=\"900\" data-id=\"34777\" src=\"http:\/\/sp1.kielce.eu\/wp-content\/uploads\/2024\/05\/Filcowe-zonkile-2-1200x900.jpg\" alt=\"\" class=\"wp-image-34777\" srcset=\"https:\/\/sp1.kielce.eu\/wp-content\/uploads\/2024\/05\/Filcowe-zonkile-2-1200x900.jpg 1200w, https:\/\/sp1.kielce.eu\/wp-content\/uploads\/2024\/05\/Filcowe-zonkile-2-300x225.jpg 300w, https:\/\/sp1.kielce.eu\/wp-content\/uploads\/2024\/05\/Filcowe-zonkile-2-768x576.jpg 768w, https:\/\/sp1.kielce.eu\/wp-content\/uploads\/2024\/05\/Filcowe-zonkile-2-1536x1152.jpg 1536w, https:\/\/sp1.kielce.eu\/wp-content\/uploads\/2024\/05\/Filcowe-zonkile-2-820x615.jpg 820w, https:\/\/sp1.kielce.eu\/wp-content\/uploads\/2024\/05\/Filcowe-zonkile-2.jpg 2048w\" sizes=\"auto, (max-width: 1200px) 100vw, 1200px\" \/><\/figure>\n\n\n\n<figure class=\"wp-block-image size-large\"><img loading=\"lazy\" decoding=\"async\" width=\"1200\" height=\"900\" data-id=\"34774\" src=\"http:\/\/sp1.kielce.eu\/wp-content\/uploads\/2024\/05\/Filcowe-zonkile-1-1200x900.jpg\" alt=\"\" class=\"wp-image-34774\" srcset=\"https:\/\/sp1.kielce.eu\/wp-content\/uploads\/2024\/05\/Filcowe-zonkile-1-1200x900.jpg 1200w, https:\/\/sp1.kielce.eu\/wp-content\/uploads\/2024\/05\/Filcowe-zonkile-1-300x225.jpg 300w, https:\/\/sp1.kielce.eu\/wp-content\/uploads\/2024\/05\/Filcowe-zonkile-1-768x576.jpg 768w, https:\/\/sp1.kielce.eu\/wp-content\/uploads\/2024\/05\/Filcowe-zonkile-1-1536x1152.jpg 1536w, https:\/\/sp1.kielce.eu\/wp-content\/uploads\/2024\/05\/Filcowe-zonkile-1-820x615.jpg 820w, https:\/\/sp1.kielce.eu\/wp-content\/uploads\/2024\/05\/Filcowe-zonkile-1.jpg 2048w\" sizes=\"auto, (max-width: 1200px) 100vw, 1200px\" \/><\/figure>\n\n\n\n<figure class=\"wp-block-image size-large\"><a href=\"http:\/\/sp1.kielce.eu\/wp-content\/uploads\/2024\/05\/Zdjecie-tytulowe-Filcowe-zonkile.jpg\"><img loading=\"lazy\" decoding=\"async\" width=\"1200\" height=\"900\" data-id=\"34778\" src=\"http:\/\/sp1.kielce.eu\/wp-content\/uploads\/2024\/05\/Zdjecie-tytulowe-Filcowe-zonkile-1200x900.jpg\" alt=\"\" class=\"wp-image-34778\" srcset=\"https:\/\/sp1.kielce.eu\/wp-content\/uploads\/2024\/05\/Zdjecie-tytulowe-Filcowe-zonkile-1200x900.jpg 1200w, https:\/\/sp1.kielce.eu\/wp-content\/uploads\/2024\/05\/Zdjecie-tytulowe-Filcowe-zonkile-300x225.jpg 300w, https:\/\/sp1.kielce.eu\/wp-content\/uploads\/2024\/05\/Zdjecie-tytulowe-Filcowe-zonkile-768x576.jpg 768w, https:\/\/sp1.kielce.eu\/wp-content\/uploads\/2024\/05\/Zdjecie-tytulowe-Filcowe-zonkile-1536x1152.jpg 1536w, https:\/\/sp1.kielce.eu\/wp-content\/uploads\/2024\/05\/Zdjecie-tytulowe-Filcowe-zonkile-820x615.jpg 820w, https:\/\/sp1.kielce.eu\/wp-content\/uploads\/2024\/05\/Zdjecie-tytulowe-Filcowe-zonkile.jpg 2048w\" sizes=\"auto, (max-width: 1200px) 100vw, 1200px\" \/><\/a><\/figure>\n<\/figure>\n","protected":false},"excerpt":{"rendered":"<p>za pomoc dla Hospicjum Kieleckiego W dw\u00f3ch grupach Wolontariuszy w ramach przygotowa\u0144 do kwesty dla [&hellip;]<\/p>\n","protected":false},"author":5,"featured_media":34778,"comment_status":"closed","ping_status":"","sticky":false,"template":"","format":"standard","meta":{"footnotes":""},"categories":[36,163],"tags":[],"class_list":["post-34771","post","type-post","status-publish","format-standard","has-post-thumbnail","hentry","category-wydarzenia","category-skw"],"_links":{"self":[{"href":"https:\/\/sp1.kielce.eu\/index.php\/wp-json\/wp\/v2\/posts\/34771","targetHints":{"allow":["GET"]}}],"collection":[{"href":"https:\/\/sp1.kielce.eu\/index.php\/wp-json\/wp\/v2\/posts"}],"about":[{"href":"https:\/\/sp1.kielce.eu\/index.php\/wp-json\/wp\/v2\/types\/post"}],"author":[{"embeddable":true,"href":"https:\/\/sp1.kielce.eu\/index.php\/wp-json\/wp\/v2\/users\/5"}],"replies":[{"embeddable":true,"href":"https:\/\/sp1.kielce.eu\/index.php\/wp-json\/wp\/v2\/comments?post=34771"}],"version-history":[{"count":1,"href":"https:\/\/sp1.kielce.eu\/index.php\/wp-json\/wp\/v2\/posts\/34771\/revisions"}],"predecessor-version":[{"id":34779,"href":"https:\/\/sp1.kielce.eu\/index.php\/wp-json\/wp\/v2\/posts\/34771\/revisions\/34779"}],"wp:featuredmedia":[{"embeddable":true,"href":"https:\/\/sp1.kielce.eu\/index.php\/wp-json\/wp\/v2\/media\/34778"}],"wp:attachment":[{"href":"https:\/\/sp1.kielce.eu\/index.php\/wp-json\/wp\/v2\/media?parent=34771"}],"wp:term":[{"taxonomy":"category","embeddable":true,"href":"https:\/\/sp1.kielce.eu\/index.php\/wp-json\/wp\/v2\/categories?post=34771"},{"taxonomy":"post_tag","embeddable":true,"href":"https:\/\/sp1.kielce.eu\/index.php\/wp-json\/wp\/v2\/tags?post=34771"}],"curies":[{"name":"wp","href":"https:\/\/api.w.org\/{rel}","templated":true}]}}