{"id":34624,"date":"2024-05-09T08:28:55","date_gmt":"2024-05-09T06:28:55","guid":{"rendered":"http:\/\/sp1.kielce.eu\/?p=34624"},"modified":"2024-05-09T08:28:55","modified_gmt":"2024-05-09T06:28:55","slug":"wycieczka-kl-6a-i-5b-do-warszawy","status":"publish","type":"post","link":"https:\/\/sp1.kielce.eu\/index.php\/2024\/05\/09\/wycieczka-kl-6a-i-5b-do-warszawy\/","title":{"rendered":"Wycieczka kl 6A i 5B do Warszawy"},"content":{"rendered":"\n<p>7 maja 2024 klasa 6A i 5B wraz z wychowawcami uda\u0142a si\u0119 na wycieczk\u0119 do Warszawy. W planie by\u0142o przedstawienie &#8222;Dreams&#8221; w teatrze Capitol, to nowy projekt tw\u00f3rc\u00f3w i aktor\u00f3w musicalu &#8222;Friends&#8221;, kt\u00f3ry ju\u017c jesieni\u0105 2020 roku zago\u015bci na deskach Teatru Capitol! Szko\u0142a musicalowa B&amp;B tym razem przedstawi histori\u0119 o marzeniach m\u0142odych ludzi, kt\u00f3rzy mimo narzuconego systemu, niezale\u017cnych od ich uwarunkowa\u0144 spo\u0142ecznych, chce realizowa\u0107 swoje cele i plany. &#8222;Dreams&#8221; to pe\u0142na emocji opowie\u015b\u0107 o relacjach &#8211; rodzica i dziecka, nauczyciela i ucznia. Historia o wsp\u00f3\u0142czesnych problemach i wyzwaniach, przed kt\u00f3rymi stoj\u0105 dzieci, m\u0142odzie\u017c i doro\u015bli. Wartka akcja, punkty zwrotne, emocje i wzruszenia.<\/p>\n\n\n\n<p>Nast\u0119pnie przez Park Saski udali\u015bmy si\u0119 pod Gr\u00f3b Nieznanego \u017bo\u0142nierza, gdzie zobaczyli\u015bmy zmian\u0119 warty. Potem przechodz\u0105c obok Pa\u0142acu Prezydenckiego podeszli\u015bmy pod Zamek Kr\u00f3lewski i Kolumn\u0119 Zygmunta. <\/p>\n\n\n\n<p>Pogoda sprzyja\u0142a spacerom, wi\u0119c wszyscy zadowoleni i pe\u0142ni wra\u017ce\u0144 wr\u00f3cili\u015bmy do Kielc.<\/p>\n\n\n\n<p>Urszula Sodel<\/p>\n\n\n\n<p>Piotr Surma<\/p>\n\n\n\n<p>Dariusz St\u0119pie\u0144<\/p>\n\n\n\n<p> <\/p>\n\n\n\n<figure class=\"wp-block-embed is-type-video is-provider-youtube wp-block-embed-youtube wp-embed-aspect-16-9 wp-has-aspect-ratio\"><div class=\"wp-block-embed__wrapper\">\n<iframe loading=\"lazy\" title=\"Wycieczka kl 6A i 5B do Warszawy\" width=\"1160\" height=\"653\" src=\"https:\/\/www.youtube.com\/embed\/PdrvFwNO6PU?feature=oembed\" frameborder=\"0\" allow=\"accelerometer; autoplay; clipboard-write; encrypted-media; gyroscope; picture-in-picture; web-share\" referrerpolicy=\"strict-origin-when-cross-origin\" allowfullscreen><\/iframe>\n<\/div><\/figure>\n\n\n\n<figure class=\"wp-block-gallery has-nested-images columns-default is-cropped wp-block-gallery-1 is-layout-flex wp-block-gallery-is-layout-flex\">\n<figure class=\"wp-block-image size-large\"><a href=\"http:\/\/sp1.kielce.eu\/wp-content\/uploads\/2024\/05\/Dreams3.jpg\"><img loading=\"lazy\" decoding=\"async\" width=\"1280\" height=\"830\" data-id=\"34626\" src=\"http:\/\/sp1.kielce.eu\/wp-content\/uploads\/2024\/05\/Dreams3.jpg\" alt=\"\" class=\"wp-image-34626\" srcset=\"https:\/\/sp1.kielce.eu\/wp-content\/uploads\/2024\/05\/Dreams3.jpg 1280w, https:\/\/sp1.kielce.eu\/wp-content\/uploads\/2024\/05\/Dreams3-300x195.jpg 300w, https:\/\/sp1.kielce.eu\/wp-content\/uploads\/2024\/05\/Dreams3-768x498.jpg 768w, https:\/\/sp1.kielce.eu\/wp-content\/uploads\/2024\/05\/Dreams3-820x532.jpg 820w\" sizes=\"auto, (max-width: 1280px) 100vw, 1280px\" \/><\/a><\/figure>\n\n\n\n<figure class=\"wp-block-image size-large\"><a href=\"http:\/\/sp1.kielce.eu\/wp-content\/uploads\/2024\/05\/Dreams2.jpg\"><img loading=\"lazy\" decoding=\"async\" width=\"909\" height=\"900\" data-id=\"34627\" src=\"http:\/\/sp1.kielce.eu\/wp-content\/uploads\/2024\/05\/Dreams2-909x900.jpg\" alt=\"\" class=\"wp-image-34627\" srcset=\"https:\/\/sp1.kielce.eu\/wp-content\/uploads\/2024\/05\/Dreams2-909x900.jpg 909w, https:\/\/sp1.kielce.eu\/wp-content\/uploads\/2024\/05\/Dreams2-300x297.jpg 300w, https:\/\/sp1.kielce.eu\/wp-content\/uploads\/2024\/05\/Dreams2-150x150.jpg 150w, https:\/\/sp1.kielce.eu\/wp-content\/uploads\/2024\/05\/Dreams2-768x760.jpg 768w, https:\/\/sp1.kielce.eu\/wp-content\/uploads\/2024\/05\/Dreams2-820x812.jpg 820w, https:\/\/sp1.kielce.eu\/wp-content\/uploads\/2024\/05\/Dreams2.jpg 1280w\" sizes=\"auto, (max-width: 909px) 100vw, 909px\" \/><\/a><\/figure>\n\n\n\n<figure class=\"wp-block-image size-large\"><a href=\"http:\/\/sp1.kielce.eu\/wp-content\/uploads\/2024\/05\/Dreams1.jpg\"><img loading=\"lazy\" decoding=\"async\" width=\"474\" height=\"900\" data-id=\"34625\" src=\"http:\/\/sp1.kielce.eu\/wp-content\/uploads\/2024\/05\/Dreams1-474x900.jpg\" alt=\"\" class=\"wp-image-34625\" srcset=\"https:\/\/sp1.kielce.eu\/wp-content\/uploads\/2024\/05\/Dreams1-474x900.jpg 474w, https:\/\/sp1.kielce.eu\/wp-content\/uploads\/2024\/05\/Dreams1-158x300.jpg 158w, https:\/\/sp1.kielce.eu\/wp-content\/uploads\/2024\/05\/Dreams1-768x1459.jpg 768w, https:\/\/sp1.kielce.eu\/wp-content\/uploads\/2024\/05\/Dreams1-809x1536.jpg 809w, https:\/\/sp1.kielce.eu\/wp-content\/uploads\/2024\/05\/Dreams1-1078x2048.jpg 1078w, https:\/\/sp1.kielce.eu\/wp-content\/uploads\/2024\/05\/Dreams1-820x1557.jpg 820w, https:\/\/sp1.kielce.eu\/wp-content\/uploads\/2024\/05\/Dreams1.jpg 1280w\" sizes=\"auto, (max-width: 474px) 100vw, 474px\" \/><\/a><\/figure>\n<\/figure>\n\n\n\n<figure class=\"wp-block-gallery has-nested-images columns-default is-cropped wp-block-gallery-2 is-layout-flex wp-block-gallery-is-layout-flex\">\n<figure class=\"wp-block-image size-large\"><a href=\"http:\/\/sp1.kielce.eu\/wp-content\/uploads\/2024\/05\/IMG_1328-scaled.jpg\"><img loading=\"lazy\" decoding=\"async\" width=\"1400\" height=\"788\" data-id=\"34628\" src=\"http:\/\/sp1.kielce.eu\/wp-content\/uploads\/2024\/05\/IMG_1328-1400x788.jpg\" alt=\"\" class=\"wp-image-34628\" srcset=\"https:\/\/sp1.kielce.eu\/wp-content\/uploads\/2024\/05\/IMG_1328-1400x788.jpg 1400w, https:\/\/sp1.kielce.eu\/wp-content\/uploads\/2024\/05\/IMG_1328-300x169.jpg 300w, https:\/\/sp1.kielce.eu\/wp-content\/uploads\/2024\/05\/IMG_1328-768x432.jpg 768w, https:\/\/sp1.kielce.eu\/wp-content\/uploads\/2024\/05\/IMG_1328-1536x864.jpg 1536w, https:\/\/sp1.kielce.eu\/wp-content\/uploads\/2024\/05\/IMG_1328-2048x1152.jpg 2048w, https:\/\/sp1.kielce.eu\/wp-content\/uploads\/2024\/05\/IMG_1328-820x461.jpg 820w\" sizes=\"auto, (max-width: 1400px) 100vw, 1400px\" \/><\/a><\/figure>\n<\/figure>\n","protected":false},"excerpt":{"rendered":"<p>7 maja 2024 klasa 6A i 5B wraz z wychowawcami uda\u0142a si\u0119 na wycieczk\u0119 do [&hellip;]<\/p>\n","protected":false},"author":5,"featured_media":34628,"comment_status":"closed","ping_status":"","sticky":false,"template":"","format":"standard","meta":{"footnotes":""},"categories":[36],"tags":[],"class_list":["post-34624","post","type-post","status-publish","format-standard","has-post-thumbnail","hentry","category-wydarzenia"],"_links":{"self":[{"href":"https:\/\/sp1.kielce.eu\/index.php\/wp-json\/wp\/v2\/posts\/34624","targetHints":{"allow":["GET"]}}],"collection":[{"href":"https:\/\/sp1.kielce.eu\/index.php\/wp-json\/wp\/v2\/posts"}],"about":[{"href":"https:\/\/sp1.kielce.eu\/index.php\/wp-json\/wp\/v2\/types\/post"}],"author":[{"embeddable":true,"href":"https:\/\/sp1.kielce.eu\/index.php\/wp-json\/wp\/v2\/users\/5"}],"replies":[{"embeddable":true,"href":"https:\/\/sp1.kielce.eu\/index.php\/wp-json\/wp\/v2\/comments?post=34624"}],"version-history":[{"count":1,"href":"https:\/\/sp1.kielce.eu\/index.php\/wp-json\/wp\/v2\/posts\/34624\/revisions"}],"predecessor-version":[{"id":34629,"href":"https:\/\/sp1.kielce.eu\/index.php\/wp-json\/wp\/v2\/posts\/34624\/revisions\/34629"}],"wp:featuredmedia":[{"embeddable":true,"href":"https:\/\/sp1.kielce.eu\/index.php\/wp-json\/wp\/v2\/media\/34628"}],"wp:attachment":[{"href":"https:\/\/sp1.kielce.eu\/index.php\/wp-json\/wp\/v2\/media?parent=34624"}],"wp:term":[{"taxonomy":"category","embeddable":true,"href":"https:\/\/sp1.kielce.eu\/index.php\/wp-json\/wp\/v2\/categories?post=34624"},{"taxonomy":"post_tag","embeddable":true,"href":"https:\/\/sp1.kielce.eu\/index.php\/wp-json\/wp\/v2\/tags?post=34624"}],"curies":[{"name":"wp","href":"https:\/\/api.w.org\/{rel}","templated":true}]}}