{"id":34545,"date":"2024-05-08T03:10:10","date_gmt":"2024-05-08T01:10:10","guid":{"rendered":"http:\/\/sp1.kielce.eu\/?p=34545"},"modified":"2024-05-08T03:10:10","modified_gmt":"2024-05-08T01:10:10","slug":"tydzien-kultury-antycznej-na-katechezie","status":"publish","type":"post","link":"https:\/\/sp1.kielce.eu\/index.php\/2024\/05\/08\/tydzien-kultury-antycznej-na-katechezie\/","title":{"rendered":"TYDZIE\u0143 KULTURY ANTYCZNEJ NA KATECHEZIE"},"content":{"rendered":"\n<p>Najm\u0142odsi Uczniowie naszej szko\u0142y, na katechezie w\u0142\u0105czyli si\u0119 w obchody TYGODNIA KULTURY ANTYCZNEJ. Klasa 2a wzi\u0119\u0142a udzia\u0142 w <em>\u201eGreckich warsztatach\u201d<\/em> prowadzonych przez kierownika Biblioteki Szkolnej \u2013 Pani\u0105 mgr Renat\u0119 Kozie\u0142.<\/p>\n\n\n\n<p>Podczas spotkania dzieci pozna\u0142y grecki alfabet i dowiedzia\u0142y si\u0119, \u017ce jego pocz\u0105tki si\u0119gaj\u0105 IX w przed narodzinami Chrystusa. Ciekawostk\u0105 jest, \u017ce litery s\u0142u\u017cy\u0142y Grekom tak\u017ce do zapisu liczb a wiele z nich stosowanych jest r\u00f3wnie\u017c obecnie w fizyce czy matematyce. W ko\u015bciele pierwsz\u0105 i ostatni\u0105 liter\u0119 alfabetu greckiego zobaczy\u0107 mo\u017cemy na paschale. Pascha\u0142 to najwi\u0119ksza \u015bwieca wykonana z pszczelego wosku, symbolizuj\u0105ca zmartwychwsta\u0142ego Chrystusa.<\/p>\n\n\n\n<p>Po teoretycznym wprowadzeniu dzieci z zapa\u0142em przygotowa\u0142y kolorowe litery greckie, kt\u00f3re stworzy\u0142y radosn\u0105 gazetk\u0119 na szkolnym korytarzu. Pierwszoklasi\u015bci z klasy 1b udekorowali ca\u0142o\u015b\u0107 wiosennymi kwiatami z papieru. Warsztaty zako\u0144czy\u0142y serdeczne podzi\u0119kowania dla Pani Renaty Kozie\u0142 za owocn\u0105, \u017cyczliw\u0105 wsp\u00f3\u0142prac\u0119, zawsze ciep\u0142\u0105, przyjazn\u0105 atmosfer\u0119 ogarniaj\u0105c\u0105 wszystkich odwiedzaj\u0105cych nasz\u0105 Szkoln\u0105 Bibliotek\u0119.<\/p>\n\n\n\n<p class=\"has-text-align-right\"><em>B\u00f3g zap\u0142a\u0107!<\/em> \ud83d\ude42<br><em>s. Faustyna Monika Czajkowska<\/em><\/p>\n\n\n\n<figure class=\"wp-block-gallery has-nested-images columns-default is-cropped wp-block-gallery-1 is-layout-flex wp-block-gallery-is-layout-flex\">\n<figure class=\"wp-block-image size-large\"><a href=\"http:\/\/sp1.kielce.eu\/wp-content\/uploads\/2024\/05\/tydzien2-Copy.jpg\"><img loading=\"lazy\" decoding=\"async\" width=\"1200\" height=\"675\" data-id=\"34546\" src=\"http:\/\/sp1.kielce.eu\/wp-content\/uploads\/2024\/05\/tydzien2-Copy.jpg\" alt=\"\" class=\"wp-image-34546\" srcset=\"https:\/\/sp1.kielce.eu\/wp-content\/uploads\/2024\/05\/tydzien2-Copy.jpg 1200w, https:\/\/sp1.kielce.eu\/wp-content\/uploads\/2024\/05\/tydzien2-Copy-300x169.jpg 300w, https:\/\/sp1.kielce.eu\/wp-content\/uploads\/2024\/05\/tydzien2-Copy-768x432.jpg 768w, https:\/\/sp1.kielce.eu\/wp-content\/uploads\/2024\/05\/tydzien2-Copy-820x461.jpg 820w\" sizes=\"auto, (max-width: 1200px) 100vw, 1200px\" \/><\/a><\/figure>\n\n\n\n<figure class=\"wp-block-image size-large\"><a href=\"http:\/\/sp1.kielce.eu\/wp-content\/uploads\/2024\/05\/tydzien3-Copy.jpg\"><img loading=\"lazy\" decoding=\"async\" width=\"1200\" height=\"675\" data-id=\"34547\" src=\"http:\/\/sp1.kielce.eu\/wp-content\/uploads\/2024\/05\/tydzien3-Copy.jpg\" alt=\"\" class=\"wp-image-34547\" srcset=\"https:\/\/sp1.kielce.eu\/wp-content\/uploads\/2024\/05\/tydzien3-Copy.jpg 1200w, https:\/\/sp1.kielce.eu\/wp-content\/uploads\/2024\/05\/tydzien3-Copy-300x169.jpg 300w, https:\/\/sp1.kielce.eu\/wp-content\/uploads\/2024\/05\/tydzien3-Copy-768x432.jpg 768w, https:\/\/sp1.kielce.eu\/wp-content\/uploads\/2024\/05\/tydzien3-Copy-820x461.jpg 820w\" sizes=\"auto, (max-width: 1200px) 100vw, 1200px\" \/><\/a><\/figure>\n<\/figure>\n","protected":false},"excerpt":{"rendered":"<p>Najm\u0142odsi Uczniowie naszej szko\u0142y, na katechezie w\u0142\u0105czyli si\u0119 w obchody TYGODNIA KULTURY ANTYCZNEJ. Klasa 2a [&hellip;]<\/p>\n","protected":false},"author":13,"featured_media":34548,"comment_status":"closed","ping_status":"","sticky":false,"template":"","format":"standard","meta":{"footnotes":""},"categories":[36],"tags":[],"class_list":["post-34545","post","type-post","status-publish","format-standard","has-post-thumbnail","hentry","category-wydarzenia"],"_links":{"self":[{"href":"https:\/\/sp1.kielce.eu\/index.php\/wp-json\/wp\/v2\/posts\/34545","targetHints":{"allow":["GET"]}}],"collection":[{"href":"https:\/\/sp1.kielce.eu\/index.php\/wp-json\/wp\/v2\/posts"}],"about":[{"href":"https:\/\/sp1.kielce.eu\/index.php\/wp-json\/wp\/v2\/types\/post"}],"author":[{"embeddable":true,"href":"https:\/\/sp1.kielce.eu\/index.php\/wp-json\/wp\/v2\/users\/13"}],"replies":[{"embeddable":true,"href":"https:\/\/sp1.kielce.eu\/index.php\/wp-json\/wp\/v2\/comments?post=34545"}],"version-history":[{"count":1,"href":"https:\/\/sp1.kielce.eu\/index.php\/wp-json\/wp\/v2\/posts\/34545\/revisions"}],"predecessor-version":[{"id":34549,"href":"https:\/\/sp1.kielce.eu\/index.php\/wp-json\/wp\/v2\/posts\/34545\/revisions\/34549"}],"wp:featuredmedia":[{"embeddable":true,"href":"https:\/\/sp1.kielce.eu\/index.php\/wp-json\/wp\/v2\/media\/34548"}],"wp:attachment":[{"href":"https:\/\/sp1.kielce.eu\/index.php\/wp-json\/wp\/v2\/media?parent=34545"}],"wp:term":[{"taxonomy":"category","embeddable":true,"href":"https:\/\/sp1.kielce.eu\/index.php\/wp-json\/wp\/v2\/categories?post=34545"},{"taxonomy":"post_tag","embeddable":true,"href":"https:\/\/sp1.kielce.eu\/index.php\/wp-json\/wp\/v2\/tags?post=34545"}],"curies":[{"name":"wp","href":"https:\/\/api.w.org\/{rel}","templated":true}]}}