{"id":34351,"date":"2024-04-24T12:16:27","date_gmt":"2024-04-24T10:16:27","guid":{"rendered":"http:\/\/sp1.kielce.eu\/?p=34351"},"modified":"2024-04-25T10:30:36","modified_gmt":"2024-04-25T08:30:36","slug":"v-festiwal-kreatywnych-swietlic","status":"publish","type":"post","link":"https:\/\/sp1.kielce.eu\/index.php\/2024\/04\/24\/v-festiwal-kreatywnych-swietlic\/","title":{"rendered":"V FESTIWAL KREATYWNYCH \u015aWIETLIC"},"content":{"rendered":"\n<p>Dnia 17 kwietnia 2024 r., w&nbsp;Szkole Podstawowej Integracyjnej nr&nbsp;11 im.&nbsp;Bohater\u00f3w Warszawy w&nbsp;Kielcach odby\u0142 si\u0119 V&nbsp;FESTIWAL KREATYWNYCH \u015aWIETLIC. Na szkolnej scenie wyst\u0105pili uczniowie z&nbsp;11&nbsp;kieleckich szk\u00f3\u0142 podstawowych: SP&nbsp;nr&nbsp;1, SP&nbsp;nr&nbsp;4, SP&nbsp;nr&nbsp;5, SP&nbsp;nr&nbsp;8, SPIn11, SP&nbsp;nr&nbsp;13, SP&nbsp;nr&nbsp;18, Zesp\u00f3\u0142 Szk\u00f3\u0142 nr&nbsp;1 Specjalnych, SP&nbsp;nr&nbsp;28, SP&nbsp;nr&nbsp;31 z&nbsp;Oddzia\u0142ami Integracyjnymi oraz SP&nbsp;nr&nbsp;39, kt\u00f3rzy zaprezentowali wybrane przez siebie kreatywne dzia\u0142ania podejmowane w&nbsp;szkolnych \u015bwietlicach.<\/p>\n\n\n\n<p>Dzieci przedstawi\u0142y wyst\u0119py artystyczne, spektakle teatralne, galerie prac plastycznych, prezentacje, recytacje wierszy. \u015awietliczaki wykaza\u0142y si\u0119 kreatywno\u015bci\u0105 i&nbsp;pokaza\u0142y swoje talenty, zainteresowania i&nbsp;pasje, a&nbsp;nauczyciele mieli okazj\u0119 do podzielenia si\u0119 swoimi do\u015bwiadczeniami.<\/p>\n\n\n\n<p>Nasz\u0105 szkoln\u0105 \u015bwietlic\u0119 reprezentowa\u0142y: <strong>Maria Cedro\u00a02b, Nikola Futer\u00a02b, Aleksandra Podkowa\u00a01c, Julia Saletra\u00a02b, Maja Sid\u0142o\u00a02b, Weronika Sta\u0144czak\u00a01c, Natalia Walasek\u00a02b, Iga \u017bo\u0142\u0105dek\u00a02b.<\/strong> A wyst\u0119p by\u0142 przygotowany pod czujnym okiem wychowawcy \u015bwietlicy p. Honoraty Mieszczankowskiej.<\/p>\n\n\n\n<p>Organizatorem imprezy by\u0142 Samorz\u0105dowy O\u015brodek Doradztwa Metodycznego i&nbsp;Doskonalenia Nauczycieli w&nbsp;Kielcach oraz Szko\u0142a Podstawowa Integracyjna nr&nbsp;11 w&nbsp;Kielcach.<\/p>\n\n\n\n<p><a href=\"https:\/\/www.kielce.eu\/pl\/aktualnosci\/v-festiwal-kreatywnych-swietlic-za-nami.html?fbclid=IwZXh0bgNhZW0CMTEAAR3kjSc5eofDG0Sqw_looCT1ETpgyXfpghQiWVG7F7Rq2yXSFiOzAYKW6tc_aem_AdkK3nxGE9TPIMRQQuCbshY_t1v7FQfZi5tn2o1n_aRLl2spzcB9vnZsx0D-ht3ccaRTeUuY1q7P2bLUPPp3ycmH\">V Festiwal Kreatywnych \u015awietlic za nami &#8211; Oficjalna strona internetowa Miasta Kielce<\/a><\/p>\n\n\n\n<p class=\"has-text-align-right\">Honorata Mieszczankowska &#8211; wychowawca \u015bwietlicy<br>Agnieszka Rycombel &#8211; kierownik \u015bwietlicy<\/p>\n\n\n\n<figure class=\"wp-block-gallery has-nested-images columns-4 is-cropped wp-block-gallery-1 is-layout-flex wp-block-gallery-is-layout-flex\">\n<figure class=\"wp-block-image size-large\"><a href=\"http:\/\/sp1.kielce.eu\/wp-content\/uploads\/2024\/04\/1-Copy.jpeg\"><img loading=\"lazy\" decoding=\"async\" width=\"1200\" height=\"791\" data-id=\"34354\" src=\"http:\/\/sp1.kielce.eu\/wp-content\/uploads\/2024\/04\/1-Copy.jpeg\" alt=\"\" class=\"wp-image-34354\" srcset=\"https:\/\/sp1.kielce.eu\/wp-content\/uploads\/2024\/04\/1-Copy.jpeg 1200w, https:\/\/sp1.kielce.eu\/wp-content\/uploads\/2024\/04\/1-Copy-300x198.jpeg 300w, https:\/\/sp1.kielce.eu\/wp-content\/uploads\/2024\/04\/1-Copy-768x506.jpeg 768w, https:\/\/sp1.kielce.eu\/wp-content\/uploads\/2024\/04\/1-Copy-820x541.jpeg 820w\" sizes=\"auto, (max-width: 1200px) 100vw, 1200px\" \/><\/a><\/figure>\n\n\n\n<figure class=\"wp-block-image size-large\"><a href=\"http:\/\/sp1.kielce.eu\/wp-content\/uploads\/2024\/04\/2-Copy.jpeg\"><img loading=\"lazy\" decoding=\"async\" width=\"1200\" height=\"675\" data-id=\"34358\" src=\"http:\/\/sp1.kielce.eu\/wp-content\/uploads\/2024\/04\/2-Copy.jpeg\" alt=\"\" class=\"wp-image-34358\" srcset=\"https:\/\/sp1.kielce.eu\/wp-content\/uploads\/2024\/04\/2-Copy.jpeg 1200w, https:\/\/sp1.kielce.eu\/wp-content\/uploads\/2024\/04\/2-Copy-300x169.jpeg 300w, https:\/\/sp1.kielce.eu\/wp-content\/uploads\/2024\/04\/2-Copy-768x432.jpeg 768w, https:\/\/sp1.kielce.eu\/wp-content\/uploads\/2024\/04\/2-Copy-820x461.jpeg 820w\" sizes=\"auto, (max-width: 1200px) 100vw, 1200px\" \/><\/a><\/figure>\n\n\n\n<figure class=\"wp-block-image size-large\"><a href=\"http:\/\/sp1.kielce.eu\/wp-content\/uploads\/2024\/04\/3-Copy.jpeg\"><img loading=\"lazy\" decoding=\"async\" width=\"506\" height=\"900\" data-id=\"34359\" src=\"http:\/\/sp1.kielce.eu\/wp-content\/uploads\/2024\/04\/3-Copy.jpeg\" alt=\"\" class=\"wp-image-34359\" srcset=\"https:\/\/sp1.kielce.eu\/wp-content\/uploads\/2024\/04\/3-Copy.jpeg 506w, https:\/\/sp1.kielce.eu\/wp-content\/uploads\/2024\/04\/3-Copy-169x300.jpeg 169w\" sizes=\"auto, (max-width: 506px) 100vw, 506px\" \/><\/a><\/figure>\n\n\n\n<figure class=\"wp-block-image size-large\"><a href=\"http:\/\/sp1.kielce.eu\/wp-content\/uploads\/2024\/04\/4-Copy.jpeg\"><img loading=\"lazy\" decoding=\"async\" width=\"1200\" height=\"540\" data-id=\"34356\" src=\"http:\/\/sp1.kielce.eu\/wp-content\/uploads\/2024\/04\/4-Copy.jpeg\" alt=\"\" class=\"wp-image-34356\" srcset=\"https:\/\/sp1.kielce.eu\/wp-content\/uploads\/2024\/04\/4-Copy.jpeg 1200w, https:\/\/sp1.kielce.eu\/wp-content\/uploads\/2024\/04\/4-Copy-300x135.jpeg 300w, https:\/\/sp1.kielce.eu\/wp-content\/uploads\/2024\/04\/4-Copy-768x346.jpeg 768w, https:\/\/sp1.kielce.eu\/wp-content\/uploads\/2024\/04\/4-Copy-820x369.jpeg 820w\" sizes=\"auto, (max-width: 1200px) 100vw, 1200px\" \/><\/a><\/figure>\n\n\n\n<figure class=\"wp-block-image size-large\"><a href=\"http:\/\/sp1.kielce.eu\/wp-content\/uploads\/2024\/04\/5-Copy.jpeg\"><img loading=\"lazy\" decoding=\"async\" width=\"1200\" height=\"675\" data-id=\"34355\" src=\"http:\/\/sp1.kielce.eu\/wp-content\/uploads\/2024\/04\/5-Copy.jpeg\" alt=\"\" class=\"wp-image-34355\" srcset=\"https:\/\/sp1.kielce.eu\/wp-content\/uploads\/2024\/04\/5-Copy.jpeg 1200w, https:\/\/sp1.kielce.eu\/wp-content\/uploads\/2024\/04\/5-Copy-300x169.jpeg 300w, https:\/\/sp1.kielce.eu\/wp-content\/uploads\/2024\/04\/5-Copy-768x432.jpeg 768w, https:\/\/sp1.kielce.eu\/wp-content\/uploads\/2024\/04\/5-Copy-820x461.jpeg 820w\" sizes=\"auto, (max-width: 1200px) 100vw, 1200px\" \/><\/a><\/figure>\n\n\n\n<figure class=\"wp-block-image size-large\"><a href=\"http:\/\/sp1.kielce.eu\/wp-content\/uploads\/2024\/04\/6-Copy.jpeg\"><img loading=\"lazy\" decoding=\"async\" width=\"1200\" height=\"675\" data-id=\"34357\" src=\"http:\/\/sp1.kielce.eu\/wp-content\/uploads\/2024\/04\/6-Copy.jpeg\" alt=\"\" class=\"wp-image-34357\" srcset=\"https:\/\/sp1.kielce.eu\/wp-content\/uploads\/2024\/04\/6-Copy.jpeg 1200w, https:\/\/sp1.kielce.eu\/wp-content\/uploads\/2024\/04\/6-Copy-300x169.jpeg 300w, https:\/\/sp1.kielce.eu\/wp-content\/uploads\/2024\/04\/6-Copy-768x432.jpeg 768w, https:\/\/sp1.kielce.eu\/wp-content\/uploads\/2024\/04\/6-Copy-820x461.jpeg 820w\" sizes=\"auto, (max-width: 1200px) 100vw, 1200px\" \/><\/a><\/figure>\n\n\n\n<figure class=\"wp-block-image size-large\"><a href=\"http:\/\/sp1.kielce.eu\/wp-content\/uploads\/2024\/04\/7-Copy.jpeg\"><img loading=\"lazy\" decoding=\"async\" width=\"1200\" height=\"675\" data-id=\"34360\" src=\"http:\/\/sp1.kielce.eu\/wp-content\/uploads\/2024\/04\/7-Copy.jpeg\" alt=\"\" class=\"wp-image-34360\" srcset=\"https:\/\/sp1.kielce.eu\/wp-content\/uploads\/2024\/04\/7-Copy.jpeg 1200w, https:\/\/sp1.kielce.eu\/wp-content\/uploads\/2024\/04\/7-Copy-300x169.jpeg 300w, https:\/\/sp1.kielce.eu\/wp-content\/uploads\/2024\/04\/7-Copy-768x432.jpeg 768w, https:\/\/sp1.kielce.eu\/wp-content\/uploads\/2024\/04\/7-Copy-820x461.jpeg 820w\" sizes=\"auto, (max-width: 1200px) 100vw, 1200px\" \/><\/a><\/figure>\n\n\n\n<figure class=\"wp-block-image size-large\"><a href=\"http:\/\/sp1.kielce.eu\/wp-content\/uploads\/2024\/04\/20240417_124928-Copy.jpg\"><img loading=\"lazy\" decoding=\"async\" width=\"675\" height=\"900\" data-id=\"34361\" src=\"http:\/\/sp1.kielce.eu\/wp-content\/uploads\/2024\/04\/20240417_124928-Copy.jpg\" alt=\"\" class=\"wp-image-34361\" srcset=\"https:\/\/sp1.kielce.eu\/wp-content\/uploads\/2024\/04\/20240417_124928-Copy.jpg 675w, https:\/\/sp1.kielce.eu\/wp-content\/uploads\/2024\/04\/20240417_124928-Copy-225x300.jpg 225w\" sizes=\"auto, (max-width: 675px) 100vw, 675px\" \/><\/a><\/figure>\n<\/figure>\n","protected":false},"excerpt":{"rendered":"<p>Dnia 17 kwietnia 2024 r., w&nbsp;Szkole Podstawowej Integracyjnej nr&nbsp;11 im.&nbsp;Bohater\u00f3w Warszawy w&nbsp;Kielcach odby\u0142 si\u0119 V&nbsp;FESTIWAL [&hellip;]<\/p>\n","protected":false},"author":13,"featured_media":34362,"comment_status":"closed","ping_status":"","sticky":false,"template":"","format":"standard","meta":{"footnotes":""},"categories":[25],"tags":[],"class_list":["post-34351","post","type-post","status-publish","format-standard","has-post-thumbnail","hentry","category-swietlica"],"_links":{"self":[{"href":"https:\/\/sp1.kielce.eu\/index.php\/wp-json\/wp\/v2\/posts\/34351","targetHints":{"allow":["GET"]}}],"collection":[{"href":"https:\/\/sp1.kielce.eu\/index.php\/wp-json\/wp\/v2\/posts"}],"about":[{"href":"https:\/\/sp1.kielce.eu\/index.php\/wp-json\/wp\/v2\/types\/post"}],"author":[{"embeddable":true,"href":"https:\/\/sp1.kielce.eu\/index.php\/wp-json\/wp\/v2\/users\/13"}],"replies":[{"embeddable":true,"href":"https:\/\/sp1.kielce.eu\/index.php\/wp-json\/wp\/v2\/comments?post=34351"}],"version-history":[{"count":5,"href":"https:\/\/sp1.kielce.eu\/index.php\/wp-json\/wp\/v2\/posts\/34351\/revisions"}],"predecessor-version":[{"id":34395,"href":"https:\/\/sp1.kielce.eu\/index.php\/wp-json\/wp\/v2\/posts\/34351\/revisions\/34395"}],"wp:featuredmedia":[{"embeddable":true,"href":"https:\/\/sp1.kielce.eu\/index.php\/wp-json\/wp\/v2\/media\/34362"}],"wp:attachment":[{"href":"https:\/\/sp1.kielce.eu\/index.php\/wp-json\/wp\/v2\/media?parent=34351"}],"wp:term":[{"taxonomy":"category","embeddable":true,"href":"https:\/\/sp1.kielce.eu\/index.php\/wp-json\/wp\/v2\/categories?post=34351"},{"taxonomy":"post_tag","embeddable":true,"href":"https:\/\/sp1.kielce.eu\/index.php\/wp-json\/wp\/v2\/tags?post=34351"}],"curies":[{"name":"wp","href":"https:\/\/api.w.org\/{rel}","templated":true}]}}